{"id":3502,"date":"2021-01-19T07:28:20","date_gmt":"2021-01-19T13:28:20","guid":{"rendered":"http:\/\/losperiodistas.com.mx\/portal\/?p=3502"},"modified":"2021-01-19T07:28:20","modified_gmt":"2021-01-19T13:28:20","slug":"jean-marie-le-pen-se-casa-a-los-92-anos-abc","status":"publish","type":"post","link":"https:\/\/losperiodistas.com.mx\/portal\/jean-marie-le-pen-se-casa-a-los-92-anos-abc\/","title":{"rendered":"Jean-Marie Le Pen se casa a los 92 a\u00f1os | ABC"},"content":{"rendered":"\n<p style=\"font-size:18px\"><em>El patriarca de la extrema derecha francesa decidi\u00f3 casarse por la Iglesia con Jany Le Pen<\/em><\/p>\n\n\n\n<p class=\"has-vivid-cyan-blue-color has-text-color has-medium-font-size\">JUAN PEDRO QUI\u00d1ONERO \/ ABC<\/p>\n\n\n\n<p>Padre de tres hijas de un primer matrimonio, civil,&nbsp;<strong>Jean-Marie Le Pen contrajo matrimonio por la iglesia, por vez primera, a los 92 a\u00f1os,<\/strong>&nbsp;el s\u00e1bado pasado, d\u00eda 16, tres d\u00edas despu\u00e9s de conocerse su contaminaci\u00f3n con el Covid-19.<\/p>\n\n\n\n<p>El patriarca de la extrema derecha francesa\u00a0<strong>decidi\u00f3 darle el \u00abs\u00ed, quiero\u00bb a Jany Le Pen (88 a\u00f1os), con la que estaba casado por lo civil desde 1991<\/strong>, respetando el rito cat\u00f3lico m\u00e1s tradicional, en su propio domicilio, en Rueil-Malmaison, en las afueras de Par\u00eds, al final de una misa oficiada parcialmente en lat\u00edn por el padre Philippe Lagu\u00e9rie, figura del catolicismo m\u00e1s tradicionalista.<\/p>\n\n\n\n<p>Jean-Marie Le Pen hab\u00eda informado personalmente de su positivo al Covid-19 tres d\u00edas antes, estimando que estaba contaminado por \u00abuna variante atenuada del Covid-19\u00bb.<\/p>\n\n\n\n<p><strong>Seg\u00fan la prensa francesa, el primer matrimonio religioso de Le Pen se celebr\u00f3 \u00aben la m\u00e1s estricta intimidad\u00bb<\/strong>. El patriarca no habr\u00eda deseado la presencia en su \u00faltima boda de las tres hijas de su primer matrimonio, civil. Su nieta, con aspiraciones a \u00abheredera pol\u00edtica\u00bb, Marion Marechal Le Pen, tampoco habr\u00eda sido invitada a la boda.<\/p>\n\n\n\n<h3 class=\"wp-block-heading\">Tres hijas<\/h3>\n\n\n\n<p>El patriarca de la extrema derecha francesa contrajo matrimonio civil, por vez primera, con Pierrette Lalanne, el mes de junio de 1960. De ese primer matrimonio nacieron las tres hijas de Le Pen, Marie Caroline, Yann y Marine, que termin\u00f3 expulsando a su padre de su propio partido, Frente Nacional (FN), que ahora se llama Agrupaci\u00f3n Nacional.<\/p>\n\n\n\n<p>Ese primer matrimonio termin\u00f3 muy mal.&nbsp;<strong>Pierrette Lalanne decidi\u00f3 posar desnuda para el semanario \u00abPlayboy\u00bb, con el fin expreso de \u00abhumillar\u00bb al padre de sus hijas.<\/strong><\/p>\n\n\n\n<p>Le Pen volvi\u00f3 a casarse por lo civil, as\u00ed mismo, en segundas nupcias, con Jany Paschos, de soltera, el 10 de mayo de 1991, una riqu\u00edsima divorciada, mujer \u00abcon mucho mundo\u00bb. La pareja Jean-Marie-Jany no ha tenido hijos, pero ha decidido dar una dimensi\u00f3n religiosa a su uni\u00f3n, con un segundo matrimonio, cat\u00f3lico, a los 92 y 88 a\u00f1os, respectivamente.<\/p>\n\n\n\n<p>Fuente: https:\/\/www.abc.es\/estilo\/gente\/abci-jean-marie-casa-92-anos-202101191335_noticia.html<\/p>\n","protected":false},"excerpt":{"rendered":"<p>El patriarca de la extrema derecha francesa decidi\u00f3 casarse por la Iglesia con Jany Le Pen JUAN PEDRO QUI\u00d1ONERO \/ [&hellip;]<\/p>\n","protected":false},"author":1,"featured_media":3503,"comment_status":"open","ping_status":"open","sticky":false,"template":"","format":"standard","meta":{"site-sidebar-layout":"default","site-content-layout":"","ast-site-content-layout":"default","site-content-style":"default","site-sidebar-style":"default","ast-global-header-display":"","ast-banner-title-visibility":"","ast-main-header-display":"","ast-hfb-above-header-display":"","ast-hfb-below-header-display":"","ast-hfb-mobile-header-display":"","site-post-title":"","ast-breadcrumbs-content":"","ast-featured-img":"","footer-sml-layout":"","theme-transparent-header-meta":"","adv-header-id-meta":"","stick-header-meta":"","header-above-stick-meta":"","header-main-stick-meta":"","header-below-stick-meta":"","astra-migrate-meta-layouts":"default","ast-page-background-enabled":"default","ast-page-background-meta":{"desktop":{"background-color":"var(--ast-global-color-4)","background-image":"","background-repeat":"repeat","background-position":"center center","background-size":"auto","background-attachment":"scroll","background-type":"","background-media":"","overlay-type":"","overlay-color":"","overlay-opacity":"","overlay-gradient":""},"tablet":{"background-color":"","background-image":"","background-repeat":"repeat","background-position":"center center","background-size":"auto","background-attachment":"scroll","background-type":"","background-media":"","overlay-type":"","overlay-color":"","overlay-opacity":"","overlay-gradient":""},"mobile":{"background-color":"","background-image":"","background-repeat":"repeat","background-position":"center center","background-size":"auto","background-attachment":"scroll","background-type":"","background-media":"","overlay-type":"","overlay-color":"","overlay-opacity":"","overlay-gradient":""}},"ast-content-background-meta":{"desktop":{"background-color":"var(--ast-global-color-5)","background-image":"","background-repeat":"repeat","background-position":"center center","background-size":"auto","background-attachment":"scroll","background-type":"","background-media":"","overlay-type":"","overlay-color":"","overlay-opacity":"","overlay-gradient":""},"tablet":{"background-color":"var(--ast-global-color-5)","background-image":"","background-repeat":"repeat","background-position":"center center","background-size":"auto","background-attachment":"scroll","background-type":"","background-media":"","overlay-type":"","overlay-color":"","overlay-opacity":"","overlay-gradient":""},"mobile":{"background-color":"var(--ast-global-color-5)","background-image":"","background-repeat":"repeat","background-position":"center center","background-size":"auto","background-attachment":"scroll","background-type":"","background-media":"","overlay-type":"","overlay-color":"","overlay-opacity":"","overlay-gradient":""}},"footnotes":""},"categories":[8],"tags":[],"class_list":["post-3502","post","type-post","status-publish","format-standard","has-post-thumbnail","hentry","category-noticias"],"_links":{"self":[{"href":"https:\/\/losperiodistas.com.mx\/portal\/wp-json\/wp\/v2\/posts\/3502","targetHints":{"allow":["GET"]}}],"collection":[{"href":"https:\/\/losperiodistas.com.mx\/portal\/wp-json\/wp\/v2\/posts"}],"about":[{"href":"https:\/\/losperiodistas.com.mx\/portal\/wp-json\/wp\/v2\/types\/post"}],"author":[{"embeddable":true,"href":"https:\/\/losperiodistas.com.mx\/portal\/wp-json\/wp\/v2\/users\/1"}],"replies":[{"embeddable":true,"href":"https:\/\/losperiodistas.com.mx\/portal\/wp-json\/wp\/v2\/comments?post=3502"}],"version-history":[{"count":1,"href":"https:\/\/losperiodistas.com.mx\/portal\/wp-json\/wp\/v2\/posts\/3502\/revisions"}],"predecessor-version":[{"id":3504,"href":"https:\/\/losperiodistas.com.mx\/portal\/wp-json\/wp\/v2\/posts\/3502\/revisions\/3504"}],"wp:featuredmedia":[{"embeddable":true,"href":"https:\/\/losperiodistas.com.mx\/portal\/wp-json\/wp\/v2\/media\/3503"}],"wp:attachment":[{"href":"https:\/\/losperiodistas.com.mx\/portal\/wp-json\/wp\/v2\/media?parent=3502"}],"wp:term":[{"taxonomy":"category","embeddable":true,"href":"https:\/\/losperiodistas.com.mx\/portal\/wp-json\/wp\/v2\/categories?post=3502"},{"taxonomy":"post_tag","embeddable":true,"href":"https:\/\/losperiodistas.com.mx\/portal\/wp-json\/wp\/v2\/tags?post=3502"}],"curies":[{"name":"wp","href":"https:\/\/api.w.org\/{rel}","templated":true}]}}