{"id":3499,"date":"2021-01-19T07:12:57","date_gmt":"2021-01-19T13:12:57","guid":{"rendered":"http:\/\/losperiodistas.com.mx\/portal\/?p=3499"},"modified":"2021-01-19T07:12:57","modified_gmt":"2021-01-19T13:12:57","slug":"relacion-bilateral-con-eu-la-mas-dificil-en-decadas-el-economista","status":"publish","type":"post","link":"https:\/\/losperiodistas.com.mx\/portal\/relacion-bilateral-con-eu-la-mas-dificil-en-decadas-el-economista\/","title":{"rendered":"Relaci\u00f3n bilateral con EU, la m\u00e1s dif\u00edcil en d\u00e9cadas | El Economista"},"content":{"rendered":"\n<p style=\"font-size:18px\"><em>Ma\u00f1ana se ir\u00e1 Donald Trump de la Casa Blanca, Joe Biden hereda heridas que han crecido en las \u00faltimas semanas; Duncan Wood y Eunice Rend\u00f3n analizan algunas de ellas.<\/em><\/p>\n\n\n\n<p class=\"has-vivid-cyan-blue-color has-text-color has-medium-font-size\">FAUSTO PRETEL\u00cdN MU\u00d1OZ DE COTE \/ EL ECONOMISTA<\/p>\n\n\n\n<h2 class=\"has-medium-font-size wp-block-heading\"><em>Entrevista. Duncan Wood y Eunice Rend\u00f3n<\/em><\/h2>\n\n\n\n<p>El mi\u00e9rcoles se resetea la relaci\u00f3n entre los gobiernos de Estados Unidos con M\u00e9xico. Duncan Wood y Eunice Rend\u00f3n, director del Instituto M\u00e9xico del Wilson Center y coordinadora de Agenda Migrante, respectivamente, analizan para El Economista dos importantes temas de la relaci\u00f3n: seguridad y migraci\u00f3n.<\/p>\n\n\n\n<p><strong>-Despu\u00e9s de la toma de posesi\u00f3n, Joe Biden enviar\u00e1 una ofensiva legislativa para dar un golpe de tim\u00f3n a la era Trump. Una de ellas ser\u00e1 la reforma migratoria, dando prioridad a la reunificaci\u00f3n de familias migrantes separadas en la frontera con M\u00e9xico. \u00bfCu\u00e1l es la situaci\u00f3n actual de este tema? Se habla de 600 menores de edad separados de sus padres.<\/strong><\/p>\n\n\n\n<p><strong>Duncan Wood (DW)<\/strong>: Esta reforma a la pol\u00edtica migratoria de Estados Unidos ser\u00e1 lo m\u00e1s emblem\u00e1tico de los primeros d\u00edas de la administraci\u00f3n Biden. Es muy importante para los votantes dem\u00f3cratas, es muy importante para los pol\u00edticos dem\u00f3cratas en el Capitolio y tambi\u00e9n es muy importante para la imagen de los Estados Unidos ante el mundo.<\/p>\n\n\n\n<p>Yo creo que vamos a ver intentos de negociar m\u00e1s con M\u00e9xico sobre c\u00f3mo se puede implementar una pol\u00edtica migratoria en ambos pa\u00edses que sea m\u00e1s humana, menos cruel y obviamente que evite la separaci\u00f3n de las familias. Va a ser muy dif\u00edcil reunificar a las familias, hay una falta de informaci\u00f3n terrible. La situaci\u00f3n que deja la administraci\u00f3n Trump es desastrosa para los ni\u00f1os y sus familias.<\/p>\n\n\n\n<p><strong>Eunice Rend\u00f3n:<\/strong>&nbsp;La ofensiva legislativa la han tomado como buena noticia los abogados y las asociaciones de migraci\u00f3n. El problema con el gobierno de Obama es que la reforma migratoria la dej\u00f3 para el final de su mandato y ya no ten\u00eda las mayor\u00edas (en las c\u00e1maras). Primero le dio prioridad al Obamacare. Ahora, Biden goza de la mayor\u00eda en las dos c\u00e1maras. La prioridad es terminar con la separaci\u00f3n familiar y luego la reunificaci\u00f3n de m\u00e1s de 500 ni\u00f1os que no han podido regresarlos con sus familias, en muchas ocasiones porque son muy peque\u00f1os. Una abogada coment\u00f3 que un ni\u00f1o de cuatro a\u00f1os no le pod\u00eda decir en qu\u00e9 pa\u00eds naci\u00f3. La ni\u00f1ez ocupa el 15% del problema del fen\u00f3meno migratorio.&nbsp;<\/p>\n\n\n\n<p><strong>-Ron Klain, quien ser\u00e1 jefe de gabinete de Biden, asegura que el presidente ordenar\u00e1 al Departamento de Justicia investigar si esta pol\u00edtica de tolerancia cero fue legal o no. \u00bfEl acuerdo de tercer pa\u00eds seguro firmado por M\u00e9xico es c\u00f3mplice de esta medida? \u00bfPodr\u00eda tener implicaciones legales?<\/strong><\/p>\n\n\n\n<p><strong>Duncan Wood:<\/strong>&nbsp;Ser\u00eda imposible establecer culpabilidad legal por parte de M\u00e9xico, pero no hubiera sido posible aplicar estas medidas migratorias en la frontera sin la colaboraci\u00f3n de la administraci\u00f3n de L\u00f3pez Obrador. Lo que todav\u00eda es muy sorprendente para muchos en Washington, es que en dos a\u00f1os no se ha cuestionado la pol\u00edtica de AMLO; de que M\u00e9xico est\u00e1 gastando recursos preciosos en cuanto a capital humano, en cuanto a recursos financieros para implementar una pol\u00edtica migratoria tan cruel en la frontera.<\/p>\n\n\n\n<p>Por esta raz\u00f3n no vamos a ver una medida para castigar a M\u00e9xico, pero lo que hemos visto es que la imagen de M\u00e9xico ante el mundo ha sufrido mucho.<\/p>\n\n\n\n<p><strong>Eunice Rend\u00f3n<\/strong>: M\u00e9xico s\u00ed se dej\u00f3 amenazar, presionado por EU, pero acept\u00f3. El gobierno (de AMLO) niega que se trata de una pol\u00edtica de tercer pa\u00eds seguro, pero en la pr\u00e1ctica lo es con el matiz de que aqu\u00ed est\u00e1n (los migrantes) de manera temporal en lo que les dan el asilo all\u00e1. Y el tercer pa\u00eds seguro ser\u00eda que se vieran obligados a primero haber aplicado aqu\u00ed para obtener el refugio y luego en EU. Es la \u00fanica diferencia.<\/p>\n\n\n\n<p>El programa \u201cQu\u00e9date en M\u00e9xico\u201d ha sido la peor pol\u00edtica en materia migratoria entre Estados Unidos y M\u00e9xico. Es un programa en contra de los principios humanitarios internacionales, en contra de principios estadounidenses.<\/p>\n\n\n\n<h3 class=\"wp-block-heading\">Caso Cienfuegos<\/h3>\n\n\n\n<h2 class=\"wp-block-heading\">En semanas recientes hemos visto una descomposici\u00f3n en la relaci\u00f3n entre M\u00e9xico y Estados Unidos. \u00bfEl caso del general Cienfuegos obstaculizar\u00e1 la relaci\u00f3n entre los presidentes Biden y AMLO?<\/h2>\n\n\n\n<p><strong>Duncan Wood<\/strong>: Es solo uno de los temas irritables en la relaci\u00f3n bilateral. Tal vez de los m\u00e1s importantes por todas las se\u00f1ales que se est\u00e1n mandando desde la administraci\u00f3n de L\u00f3pez Obrador a Estados Unidos. Primero fue el cambio sobre la inmunidad de los agentes de la DEA. Segundo: el regreso de Cienfuegos a M\u00e9xico. Tercero: el hecho de que hiciera p\u00fablico la informaci\u00f3n confidencial muy sensible de las autoridades de EU.<\/p>\n\n\n\n<p>Estamos viendo muchos problemas y va a ser muy complicado suavizarlos. Vemos la relaci\u00f3n de M\u00e9xico con Estados Unidos en uno de los puntos m\u00e1s dif\u00edciles en d\u00e9cadas recientes.<\/p>\n\n\n\n<p>En econom\u00eda hay un mont\u00f3n de conflictos con el T-MEC que se tienen que resolver. Con el tema energ\u00e9tico hay dos problemas: empresas e inversionistas de EU en M\u00e9xico y segundo, el enfoque de Biden sobre el cambio clim\u00e1tico.<\/p>\n\n\n\n<p><strong>Eunice Rend\u00f3n<\/strong>: Desde que lleg\u00f3 el gobierno del presidente L\u00f3pez Obrador los estadounidenses no han encontrado una interlocuci\u00f3n en temas de seguridad. Biden va a querer replantear con M\u00e9xico este tema. Hubo una falla del gobierno norteamericano al no haberle informado al gobierno mexicano que estaba tras el general Salvador Cienfuegos.<\/p>\n\n\n\n<p><a href=\"mailto:fausto.pretelin@eleconomista.mx\">fausto.pretelin@eleconomista.mx<\/a><\/p>\n\n\n\n<p>Fuente: https:\/\/www.eleconomista.com.mx\/internacionales\/Relacion-bilateral-la-mas-dificil-en-decadas-20210119-0016.html<\/p>\n","protected":false},"excerpt":{"rendered":"<p>Ma\u00f1ana se ir\u00e1 Donald Trump de la Casa Blanca, Joe Biden hereda heridas que han crecido en las \u00faltimas semanas; [&hellip;]<\/p>\n","protected":false},"author":1,"featured_media":3500,"comment_status":"open","ping_status":"open","sticky":false,"template":"","format":"standard","meta":{"site-sidebar-layout":"default","site-content-layout":"","ast-site-content-layout":"default","site-content-style":"default","site-sidebar-style":"default","ast-global-header-display":"","ast-banner-title-visibility":"","ast-main-header-display":"","ast-hfb-above-header-display":"","ast-hfb-below-header-display":"","ast-hfb-mobile-header-display":"","site-post-title":"","ast-breadcrumbs-content":"","ast-featured-img":"","footer-sml-layout":"","theme-transparent-header-meta":"","adv-header-id-meta":"","stick-header-meta":"","header-above-stick-meta":"","header-main-stick-meta":"","header-below-stick-meta":"","astra-migrate-meta-layouts":"default","ast-page-background-enabled":"default","ast-page-background-meta":{"desktop":{"background-color":"var(--ast-global-color-4)","background-image":"","background-repeat":"repeat","background-position":"center center","background-size":"auto","background-attachment":"scroll","background-type":"","background-media":"","overlay-type":"","overlay-color":"","overlay-opacity":"","overlay-gradient":""},"tablet":{"background-color":"","background-image":"","background-repeat":"repeat","background-position":"center center","background-size":"auto","background-attachment":"scroll","background-type":"","background-media":"","overlay-type":"","overlay-color":"","overlay-opacity":"","overlay-gradient":""},"mobile":{"background-color":"","background-image":"","background-repeat":"repeat","background-position":"center center","background-size":"auto","background-attachment":"scroll","background-type":"","background-media":"","overlay-type":"","overlay-color":"","overlay-opacity":"","overlay-gradient":""}},"ast-content-background-meta":{"desktop":{"background-color":"var(--ast-global-color-5)","background-image":"","background-repeat":"repeat","background-position":"center center","background-size":"auto","background-attachment":"scroll","background-type":"","background-media":"","overlay-type":"","overlay-color":"","overlay-opacity":"","overlay-gradient":""},"tablet":{"background-color":"var(--ast-global-color-5)","background-image":"","background-repeat":"repeat","background-position":"center center","background-size":"auto","background-attachment":"scroll","background-type":"","background-media":"","overlay-type":"","overlay-color":"","overlay-opacity":"","overlay-gradient":""},"mobile":{"background-color":"var(--ast-global-color-5)","background-image":"","background-repeat":"repeat","background-position":"center center","background-size":"auto","background-attachment":"scroll","background-type":"","background-media":"","overlay-type":"","overlay-color":"","overlay-opacity":"","overlay-gradient":""}},"footnotes":""},"categories":[8],"tags":[],"class_list":["post-3499","post","type-post","status-publish","format-standard","has-post-thumbnail","hentry","category-noticias"],"_links":{"self":[{"href":"https:\/\/losperiodistas.com.mx\/portal\/wp-json\/wp\/v2\/posts\/3499","targetHints":{"allow":["GET"]}}],"collection":[{"href":"https:\/\/losperiodistas.com.mx\/portal\/wp-json\/wp\/v2\/posts"}],"about":[{"href":"https:\/\/losperiodistas.com.mx\/portal\/wp-json\/wp\/v2\/types\/post"}],"author":[{"embeddable":true,"href":"https:\/\/losperiodistas.com.mx\/portal\/wp-json\/wp\/v2\/users\/1"}],"replies":[{"embeddable":true,"href":"https:\/\/losperiodistas.com.mx\/portal\/wp-json\/wp\/v2\/comments?post=3499"}],"version-history":[{"count":1,"href":"https:\/\/losperiodistas.com.mx\/portal\/wp-json\/wp\/v2\/posts\/3499\/revisions"}],"predecessor-version":[{"id":3501,"href":"https:\/\/losperiodistas.com.mx\/portal\/wp-json\/wp\/v2\/posts\/3499\/revisions\/3501"}],"wp:featuredmedia":[{"embeddable":true,"href":"https:\/\/losperiodistas.com.mx\/portal\/wp-json\/wp\/v2\/media\/3500"}],"wp:attachment":[{"href":"https:\/\/losperiodistas.com.mx\/portal\/wp-json\/wp\/v2\/media?parent=3499"}],"wp:term":[{"taxonomy":"category","embeddable":true,"href":"https:\/\/losperiodistas.com.mx\/portal\/wp-json\/wp\/v2\/categories?post=3499"},{"taxonomy":"post_tag","embeddable":true,"href":"https:\/\/losperiodistas.com.mx\/portal\/wp-json\/wp\/v2\/tags?post=3499"}],"curies":[{"name":"wp","href":"https:\/\/api.w.org\/{rel}","templated":true}]}}