{"id":3496,"date":"2021-01-19T07:01:54","date_gmt":"2021-01-19T13:01:54","guid":{"rendered":"http:\/\/losperiodistas.com.mx\/portal\/?p=3496"},"modified":"2021-01-19T07:01:54","modified_gmt":"2021-01-19T13:01:54","slug":"el-caso-cienfuegos-demuestra-que-el-poder-civil-esta-sometido-al-militar-dice-general-gallardo-sinembargo","status":"publish","type":"post","link":"https:\/\/losperiodistas.com.mx\/portal\/el-caso-cienfuegos-demuestra-que-el-poder-civil-esta-sometido-al-militar-dice-general-gallardo-sinembargo\/","title":{"rendered":"El caso Cienfuegos demuestra que el poder civil est\u00e1 sometido al militar, dice General Gallardo | SinEmbargo"},"content":{"rendered":"\n<p style=\"font-size:18px\"><em>Cienfuegos no es inocente aunque le hayan retirado los cargos, dijo el General Gallardo, quien asegura que la no acci\u00f3n penal en el caso \u201cPadrino\u201d prueba que el poder civil en M\u00e9xico est\u00e1 sometido al poder militar, y que el Gobierno federal est\u00e1 infiltrado por el crimen organizado. Una situaci\u00f3n que adem\u00e1s de poner en vilo el desarrollo democr\u00e1tico del pa\u00eds, abre la puerta a un posible proceso en contra del Presidente L\u00f3pez Obrador por parte de autoridades estadounidenses, explic\u00f3.<\/em><\/p>\n\n\n\n<p class=\"has-vivid-cyan-blue-color has-text-color has-medium-font-size\">EFR\u00c9N FLORES \/ SINEMBARGO<\/p>\n\n\n\n<p>Ciudad de M\u00e9xico, 19 de enero (SinEmbargo).-&nbsp;<strong>Salvador Cienfuegos Zepeda<\/strong>&nbsp;\u201cest\u00e1 bajo dos jurisdicciones, y de las dos jurisdicciones se escabull\u00f3\u201d, dijo en entrevista el General en retiro&nbsp;<strong>Jos\u00e9 Francisco Gallardo Rodr\u00edguez<\/strong>. En su opini\u00f3n, ni las autoridades civiles ni las autoridades militares actuaron con apego al&nbsp;<strong>Estado de derecho<\/strong>, ya que el exsecretario de la Defensa Nacional del pe\u00f1anietismo (2012-2018) fue exonerado sin un proceso de investigaci\u00f3n, sin&nbsp;<strong>comisiones de la verdad<\/strong>&nbsp;y con el consentimiento y encubrimiento del Ejecutivo federal y de integrantes de una \u00e9lite castrense, entre ellos el actual jefe de las Fuerzas Armadas, el General&nbsp;<strong>Luis Cresencio Sandoval Gonz\u00e1lez<\/strong>.<\/p>\n\n\n\n<p>El 14 de agosto de 2019, un jurado federal estadounidense en el Distrito Este de Nueva York acus\u00f3 al General&nbsp;Cienfuegos&nbsp;\u201cde participar en un plan de&nbsp;<strong>importaci\u00f3n y tr\u00e1fico de drogas<\/strong>\u201d orquestado por&nbsp;<strong>Juan Francisco Patr\u00f3n S\u00e1nchez<\/strong>, mejor conocido como el \u201cH2\u201d, uno de los l\u00edderes del&nbsp;<strong>C\u00e1rtel de&nbsp;Los Beltr\u00e1n Leyva<\/strong>, se lee en una misiva fechada al 29 de octubre de 2020 que la Administraci\u00f3n de Control de Drogas de Estados Unidos (DEA, por sus siglas en ingl\u00e9s) le env\u00edo a la Secretar\u00eda de Relaciones Exteriores encabezada por&nbsp;Marcelo Ebrard&nbsp;Casaub\u00f3n.<\/p>\n\n\n\n<p>El 15 de octubre del a\u00f1o pasado, Cienfuegos fue arrestado en el pa\u00eds vecino; y un mes y tres d\u00edas despu\u00e9s, en medio de tensiones diplom\u00e1ticas entre M\u00e9xico y Estados Unidos, el General de Divisi\u00f3n fue entregado por las autoridades estadounidenses a la Fiscal\u00eda General de la Rep\u00fablica (<strong>FGR<\/strong>), instancia que en dos meses determin\u00f3 \u2013con base en las pruebas documentales aportadas por la DEA\u2013 que el General \u201cnunca tuvo encuentro alguno con los integrantes de la organizaci\u00f3n delictiva\u201d y \u201ctampoco sostuvo comunicaci\u00f3n alguna con ellos, ni realiz\u00f3 actos tendientes a proteger o ayudar a dichos individuos\u201d.<\/p>\n\n\n\n<p><img fetchpriority=\"high\" decoding=\"async\" src=\"https:\/\/i0.wp.com\/sinembargo.mx\/wp-content\/uploads\/2021\/01\/gallardo.jpg\" alt=\"GALLARDO\" width=\"700\" height=\"526\" srcset=\"https:\/\/i0.wp.com\/sinembargo.mx\/wp-content\/uploads\/2021\/01\/gallardo.jpg 700w, https:\/\/i0.wp.com\/sinembargo.mx\/wp-content\/uploads\/2021\/01\/gallardo-300x225.jpg 300w\"><\/p>\n\n\n\n<p>El General Gallardo es un defensor de los derechos humanos que ha estudiado a fondo la relaci\u00f3n entre el poder pol\u00edtico y el poder militar. Foto: Andrea Murcia, Cuartoscuro.<\/p>\n\n\n\n<blockquote class=\"wp-block-quote is-style-large is-layout-flow wp-block-quote-is-layout-flow\"><p>De acuerdo con el General Gallardo, la jurisdicci\u00f3n civil \u2013a trav\u00e9s de la FGR\u2013 debi\u00f3 de utilizar como base las acusaciones de la DEA para iniciar una investigaci\u00f3n propia y entonces lindar o deslindar responsabilidades. En cambio \u2013dijo\u2013 hubo una decisi\u00f3n unilateral y expr\u00e9s desde la Presidencia de la Rep\u00fablica para dejarlo ir en libertad sin aparentes consecuencias para Cienfuegos, pero con evidentes secuelas en materia de&nbsp;<strong>credibilidad institucional<\/strong>&nbsp;relacionada con la&nbsp;<strong>impartici\u00f3n de justicia<\/strong>&nbsp;en M\u00e9xico.<\/p><\/blockquote>\n\n\n\n<p>Para Gallardo, los altos mandos militares tampoco est\u00e1n exentos de responsabilidades en el caso Cienfuegos. Pero explic\u00f3 que en mayor medida, la responsabilidad recae en el Presidente L\u00f3pez Obrador porque \u00e9l es el Comandante Supremo de las Fuerzas Armadas de acuerdo con lo que establece el Art\u00edculo 89 (fracciones VI y VII) de la Constituci\u00f3n Mexicana.<\/p>\n\n\n\n<p>\u201cYo no creo que el Secretario de la Defensa Nacional [Luis Cresencio Sandoval Gonz\u00e1lez] no le haya pedido su autorizaci\u00f3n [al Presidente Andr\u00e9s Manuel L\u00f3pez Obrador] para liberar a Cienfuegos. Tampoco creo que [Sandoval] haya tenido el valor civil para haberle dicho [a AMLO] que no se puede [liberar a Cienfuegos] porque va en contra del Fuero de Guerra\u201d, dijo Gallardo en entrevista con&nbsp;<strong>SinEmbargo<\/strong>.<img decoding=\"async\" src=\"https:\/\/i0.wp.com\/sinembargo.mx\/wp-content\/uploads\/2021\/01\/photo_2021-01-16_01-09-36-e1610781261107.jpg\" alt=\"\"><\/p>\n\n\n\n<h4 class=\"wp-block-heading\"><a href=\"https:\/\/www.sinembargo.mx\/17-01-2021\/3925122\">VER M\u00c1S<\/a><\/h4>\n\n\n\n<h5 class=\"wp-block-heading\"><a href=\"https:\/\/www.sinembargo.mx\/17-01-2021\/3925122\" target=\"_blank\" rel=\"noreferrer noopener\">\u00bfEl General Cienfuegos escribe con faltas de ortograf\u00eda? Porque el de los mensajes capturados, s\u00ed<\/a><\/h5>\n\n\n\n<p>Pese a lo anterior, el tambi\u00e9n activista en materia de derechos humanos refiri\u00f3 que las probables violaciones del General Salvador Cienfuegos a la\u00a0<em>Ley Federal Contra la Delincuencia Organizada<\/em>\u00a0tienen implicaciones de \u00edndole militar.<\/p>\n\n\n\n<p>\u201cEl\u00a0<em>C\u00f3digo de Justicia Militar<\/em>\u00a0previene en los art\u00edculos 275 Bis y Ter que cualquier individuo militar que se coluda con el narcotr\u00e1fico o se sume a las filas del narcotr\u00e1fico ser\u00e1 sancionado con 15 a 60 a\u00f1os de prisi\u00f3n y baja de las Fuerzas Armadas. Eso le aplica a Cienfuegos, pero tiene varios supuestos, y uno de ellos tambi\u00e9n dice que cualquier militar que permita la fuga o libere a cualquier delincuente del crimen organizado igualmente le aplica la sanci\u00f3n que dije. Lo digo por lo de Ovidio [Guzm\u00e1n Loera] a quien liberaron por una orden presidencial. Aqu\u00ed el asunto es que tambi\u00e9n le cae esta responsabilidad a Andr\u00e9s Manuel\u201d, record\u00f3 Gallardo.<\/p>\n\n\n\n<blockquote class=\"wp-block-quote is-style-large is-layout-flow wp-block-quote-is-layout-flow\"><p>La falta de ejercicio de la acci\u00f3n penal en contra de Cienfuegos es uno de los grandes errores del actual sexenio, no s\u00f3lo porque demuestra la debilidad del control civil-democr\u00e1tico que existe en M\u00e9xico sobre las Fuerzas Armadas, sino tambi\u00e9n por las tensiones que genera y que generar\u00e1 con el Gobierno de Estados Unidos, ya que es un asunto que involucra temas de seguridad nacional y de relaciones bilaterales internacionales, frente al cual el Gobierno de M\u00e9xico se muestra como el \u201calcahuete\u201d del crimen organizado, lament\u00f3 el tambi\u00e9n acad\u00e9mico universitario.<\/p><\/blockquote>\n\n\n\n<h1 class=\"wp-block-heading\"><strong>***<\/strong><\/h1>\n\n\n\n<p>\u2013La no acci\u00f3n penal en el caso Cienfuegos pone en duda al Estado de derecho y a la llamada \u201ccuarta transformaci\u00f3n\u201d. Pero en realidad, como caso de alto perfil con consecuencias diplom\u00e1ticas era un escenario previsto. \u00bfQu\u00e9 hay que hacer para limpiar al Ej\u00e9rcito? Porque si no es Cienfuegos el que hace acuerdos con criminales, es y ser\u00e1n otros. Adem\u00e1s hay acuerdos t\u00e1citos entre Dios y el Diablo, entre el Estado y el crimen organizado. Siempre han existido e incluso son necesarios o inevitables en la pr\u00e1ctica pol\u00edtica para contener violencias y controlar poderes f\u00e1cticos. \u00bfQu\u00e9 puede decir de esto \u00faltimo?<img decoding=\"async\" src=\"https:\/\/i0.wp.com\/sinembargo.mx\/wp-content\/uploads\/2021\/01\/censura-amlo-a-la-dea-por-cienfuegos.jpg\" alt=\"\"><\/p>\n\n\n\n<h4 class=\"wp-block-heading\"><a href=\"https:\/\/www.sinembargo.mx\/15-01-2021\/3924789\">VER M\u00c1S<\/a><\/h4>\n\n\n\n<h5 class=\"wp-block-heading\"><a href=\"https:\/\/www.sinembargo.mx\/15-01-2021\/3924789\" target=\"_blank\" rel=\"noreferrer noopener\">El Presidente de M\u00e9xico acusa a la DEA de fabricar las pruebas con las que detuvo a Cienfuegos<\/a><\/h5>\n\n\n\n<p>\u2013Este tema pone sobre la mesa de discusi\u00f3n muchas cosas. Una de ellas es que desde que los militares empezaron a participar en la lucha contra el narcotr\u00e1fico todo mundo \u2013acad\u00e9micos, pol\u00edticos, periodistas, investigadores, etc\u00e9tera\u2013 dijimos que hab\u00eda riesgo de infiltraci\u00f3n del crimen organizado y del narcotr\u00e1fico en las c\u00fapulas del Ej\u00e9rcito. De 2007 a la fecha [\u2026] eso se est\u00e1 viendo y se est\u00e1 confirmando esa hip\u00f3tesis que muchos ten\u00edamos, que era dif\u00edcil. Incluso yo siempre he dicho que el Ej\u00e9rcito est\u00e1 infiltrado por el narcotr\u00e1fico. Est\u00e1 corrompido el Estado y el Ej\u00e9rcito y la Marina y la Polic\u00eda. Aqu\u00ed el tema es que esas reglas no escritas no tienen que ver nada con el Estado de derecho; no tienen que ver nada con el sistema de justicia.<\/p>\n\n\n\n<blockquote class=\"wp-block-quote is-style-large is-layout-flow wp-block-quote-is-layout-flow\"><p>Lo que sucede es lo siguiente: si hubiera un control civil-democr\u00e1tico, no hubiera estos problemas. El control civil-democr\u00e1tico tiene que ver con los controles institucionales del Ejecutivo sobre la rama militar, as\u00ed como con los controles del Legislativo sobre los controles del Ejecutivo sobre la rama militar. Aqu\u00ed tambi\u00e9n entra la intervenci\u00f3n de la Suprema Corte de Justicia para definir los temas de Justicia Militar.<\/p><\/blockquote>\n\n\n\n<p>\u2013\u00bfPor qu\u00e9 no hubo una comisi\u00f3n de la verdad en el caso Cienfuegos? No est\u00e1 mal decir \u201cno tenemos pruebas, pero te voy a investigar\u201d.<\/p>\n\n\n\n<p><strong>\u2013<\/strong>En este punto concreto hay una&nbsp;situaci\u00f3n grave: cuando Andr\u00e9s Manuel permite al Ej\u00e9rcito involucrarse en todos los temas que sabemos que le ha adjudicado\u2026 Las construcciones de bancos, de hospitales, del aeropuerto Felipe \u00c1ngeles, de Dos Bocas, del Tren Maya, entre otros, Andr\u00e9s Manuel termina dependiendo del Ej\u00e9rcito y est\u00e1 gobernando a trav\u00e9s de un Ej\u00e9rcito que est\u00e1 infiltrado por el crimen organizado. Entonces aqu\u00ed, lo que a m\u00ed me queda claro en lo particular es que tenemos un Gobierno infiltrado por el crimen organizado. Por eso tantas matanzas y por eso no se puede resolver el asunto de la inseguridad. Todos los d\u00edas hay [matanzas] y ahora el foco est\u00e1 en Guanajuato. Todos los d\u00edas hay 10, 15, 20 muertos y ay la llevamos.&nbsp;Andr\u00e9s Manuel ahorita trae un r\u00e9cord de 80 asesinatos diarios por los 23 meses que trae, son 56 mil muertos.<\/p>\n\n\n\n<p>Tampoco no extra\u00f1e. Al ratito vas a ver como el asunto de Cienfuegos lo van a reservar no s\u00e9 por cu\u00e1nto tiempo. Incluso ya fue reservado desde el punto de vista econ\u00f3mico. Hubo un comunicado en el Ej\u00e9rcito que dec\u00eda que estaba prohibido estrictamente hacer comentarios sobre el tema.&nbsp;<img decoding=\"async\" src=\"https:\/\/i0.wp.com\/sinembargo.mx\/wp-content\/uploads\/2021\/01\/sandoval-cienfuegos.jpg\" alt=\"SANDOVAL-CIENFUEGOS\" width=\"700\" height=\"467\" srcset=\"https:\/\/i0.wp.com\/sinembargo.mx\/wp-content\/uploads\/2021\/01\/sandoval-cienfuegos.jpg 700w, https:\/\/i0.wp.com\/sinembargo.mx\/wp-content\/uploads\/2021\/01\/sandoval-cienfuegos-300x200.jpg 300w\"><\/p>\n\n\n\n<p>El general Sandoval (izq.) y el General Cienfuegos (der.) durante la ceremonia de cambio de mando en 2018. Foto: Maria Jasso, Cuartoscuro.<\/p>\n\n\n\n<p>\u2013Entonces parece claro que la extradici\u00f3n de Cienfuegos y su liberaci\u00f3n es imposible de explicar sin las conexiones pol\u00edticas del General. Ese es un verdadero ejemplo de ejercicio de poder. \u00bfHubo presi\u00f3n del Ej\u00e9rcito para que ello sucediera? \u00bfQu\u00e9 tan amplio es el poder de Cienfuegos dentro del Ej\u00e9rcito?<\/p>\n\n\n\n<p><strong>\u2013<\/strong>Hay una cofrad\u00eda dentro del Ej\u00e9rcito. La cofrad\u00eda del Ej\u00e9rcito que hace su aparici\u00f3n despu\u00e9s de la masacre del 68 toma una gran relevancia porque el Ej\u00e9rcito antes estaba a cargo de los militares revolucionarios. A partir de all\u00ed empiezan a egresar los de la Escuela de Guerra que se conocen como Diplomados de Estado Mayor. Entonces este grupo que es muy peque\u00f1o, no pasan de mil gentes en todo el Ej\u00e9rcito, son los que manejan toda la informaci\u00f3n del Ej\u00e9rcito. Manipulan, tienen los mejores cargos, los mejores premios, los mejores sueldos, etc\u00e9tera. Es una \u00e9lite que est\u00e1 corrompida por el crimen organizado.<img decoding=\"async\" src=\"https:\/\/i0.wp.com\/sinembargo.mx\/wp-content\/uploads\/2020\/12\/cienfuegos.jpeg\" alt=\"\"><\/p>\n\n\n\n<h4 class=\"wp-block-heading\"><a href=\"https:\/\/www.sinembargo.mx\/07-12-2020\/3906297\">VER M\u00c1S<\/a><\/h4>\n\n\n\n<h5 class=\"wp-block-heading\"><a href=\"https:\/\/www.sinembargo.mx\/07-12-2020\/3906297\" target=\"_blank\" rel=\"noreferrer noopener\">Cienfuegos es narco, EU tiene m\u00e1s evidencia contra \u00e9l que contra Garc\u00eda Luna, dice exjefe de la DEA<\/a><\/h5>\n\n\n\n<p>Todo el asunto de Tlatlaya, el General que estuvo all\u00ed fue un General Diplomado de Estado Mayor; el Comandante que estaba en Ayotzinapa, igual; los comandantes que han estado en todas las masacres \u00faltimas, desde 1994, Acteal y todas las que conocemos, todos los mandos son Diplomados de Estado Mayor y est\u00e1n impunes. Tan es as\u00ed, que ahora Andr\u00e9s Manuel ascendi\u00f3 en bloque a todas estas personas que estaban se\u00f1aladas por violaciones a los derechos humanos. Te digo porque esa fue una discusi\u00f3n y un dictamen que hubo y que est\u00e1 disponible en la p\u00e1gina del Senado. Entonces s\u00ed, efectivamente, hay una presi\u00f3n muy fuerte por parte de estos grupos militares que podr\u00edan ser controlados por el Ejecutivo y el Congreso, pero no lo hacen.<\/p>\n\n\n\n<blockquote class=\"wp-block-quote is-style-large is-layout-flow wp-block-quote-is-layout-flow\"><p>Hay diferentes art\u00edculos de la Constituci\u00f3n que dicen c\u00f3mo el Congreso debe controlar la rama militar del Poder Ejecutivo; y aparte de ello hay una situaci\u00f3n grave que yo veo: con la reforma que se hizo para crear la Guardia Nacional\u2026 Con esa reforma lo que hizo Andr\u00e9s Manuel es desaparecer los controles para manejar a las Fuerzas Armadas. Entonces por eso est\u00e1 la situaci\u00f3n as\u00ed. \u00bfY quienes son los beneficiados? Pues el mismo Ej\u00e9rcito. Cualquier cosa que sale, luego luego la declaran como de seguridad nacional. Cuando estaban pidiendo cuentas del asunto del Aeropuerto Felipe \u00c1ngeles, se reserv\u00f3 porque fue un asunto se seguridad nacional. Y as\u00ed te puedo contar un mont\u00f3n: el asunto de Ayotzinapa, ya lo quieren cerrar; el asunto de Tlatlaya, ya lo quiere cerrar\u2026 Pero aunque lo cierren o exoneren, el delito all\u00ed est\u00e1. Y si no lo sancionan conforme a derecho, no se va a resolver. Por ejemplo, a m\u00ed me dec\u00edan que Cienfuegos es inocente. \u00a1No! Cienfuegos no es inocente; le retiraron los cargos. No ha demostrado su inocencia y no ha habido un proceso [que linde o deslinde responsabilidades].<\/p><\/blockquote>\n\n\n\n<p>\u2013Porque es un miembro de la \u00e9lite militar.<\/p>\n\n\n\n<p><strong>\u2013<\/strong>\u00bfY qui\u00e9n articula dentro del Ej\u00e9rcito el Sistema de Justicia Militar? El Secretario de la Defensa. Y el Secretario de la Defensa es parte de lo mismo.<\/p>\n\n\n\n<p>\u2013O sea que, para que todo esto de Cienfuegos pasara, \u00bfSandoval tuvo que haber metido las manos?<img decoding=\"async\" src=\"https:\/\/i0.wp.com\/sinembargo.mx\/wp-content\/uploads\/2020\/11\/cienfuegos-5.jpeg\" alt=\"\"><\/p>\n\n\n\n<h4 class=\"wp-block-heading\"><a href=\"https:\/\/www.sinembargo.mx\/23-11-2020\/3898524\">VER M\u00c1S<\/a><\/h4>\n\n\n\n<h5 class=\"wp-block-heading\"><a href=\"https:\/\/www.sinembargo.mx\/23-11-2020\/3898524\" target=\"_blank\" rel=\"noreferrer noopener\">Cienfuegos est\u00e1 tocado por los 33 d\u00edas de c\u00e1rcel, y \u201cno sabemos nada de la FGR\u201d, dice su abogado<\/a><\/h5>\n\n\n\n<p><strong>\u2013<\/strong>Por supuesto, claro que s\u00ed, el principal. \u00c9l no tiene el valor civil para decirle abiertamente al Presidente que inicie un proceso en contra de Cienfuegos. Por eso hizo lo que hizo cuando mand\u00f3 al General [Carlos] Gayt\u00e1n [Ochoa]: para que hiciera la carta [de 2019 en la que cuestiona las decisiones del Ejecutivo federal para pacificar al pa\u00eds] y se hiciera el debate. Incluso se manejo ah\u00ed la cuesti\u00f3n de un Golpe de Estado, pero el Golpe de Estado lo dio el mismo Gobierno. Se dio un autogolpe con esa reforma [de la Guardia Nacional].<\/p>\n\n\n\n<p>\u2013Como sea, el caso Cienfuegos lastim\u00f3 al Ej\u00e9rcito. Una acusaci\u00f3n de la DEA, aunque no hubo consecuencias legales, es un antecedente serio, m\u00e1s en un contexto de militarizaci\u00f3n de las acciones de seguridad p\u00fablica y en que el Ej\u00e9rcito mexicano es un pilar de la gobernabilidad del actual sexenio. Es decir, ni la infraestructura ni las vacunas se mueven sin los castrenses. \u00bfCu\u00e1l es y ser\u00e1 la consecuencia del caso Cienfuegos en las estructuras de poder del Ej\u00e9rcito y c\u00f3mo impactar\u00e1 la relaci\u00f3n Ej\u00e9rcito-poder pol\u00edtico?<\/p>\n\n\n\n<blockquote class=\"wp-block-quote is-style-large is-layout-flow wp-block-quote-is-layout-flow\"><p><strong>\u2013<\/strong>En este tema en concreto, \u00bfqu\u00e9 es lo que va a pasar? Pues esa relaci\u00f3n [Ej\u00e9rcito-poder pol\u00edtico] va a demostrar que el poder militar est\u00e1 por encima del poder civil, y esto trastoca el desarrollo democr\u00e1tico del pa\u00eds. Esto lo vamos a ver reflejado en las elecciones que vienen.<\/p><\/blockquote>\n\n\n\n<p>Por otra parte est\u00e1 lastimada la relaci\u00f3n de poder dentro del Ej\u00e9rcito, porque el actual Secretario de la Defensa est\u00e1 encubierto por Cienfuegos. Fue encubierto por Cienfuegos porque \u00e9l siendo Comandante de la Zona de Piedras Negras en el a\u00f1o 2011-2012 fue responsable de una ejecuci\u00f3n que hubo de 300 personas en Allende, Coahuila. Sandoval era el Comandante de all\u00ed y lo encubri\u00f3 Cienfuegos. Hay tres o cuatro investigaciones sobre ese tema. Est\u00e1 una del Colegio de M\u00e9xico, una de la Universidad de Austin en Texas y una de una revista que se llama&nbsp;<em>Express<\/em>&nbsp;o algo as\u00ed, adem\u00e1s de una que hizo la revista&nbsp;<em>Proceso<\/em>. \u00a1Y este se\u00f1or es el Secretario de la Defensa! Entonces si procesan a Cienfuegos, \u00e9l tambi\u00e9n se va.<\/p>\n\n\n\n<p>\u2013Hablamos de un pago de favores.<\/p>\n\n\n\n<p><strong>\u2013<\/strong>De lealtades entre comillas. Pero son lealtades mal entendidas. Eso no es lealtad, eso es complicidad. Entonces esa relaci\u00f3n que dices est\u00e1 desgastada y hay mucha desconfianza de un lado y otro, pero como Andr\u00e9s Manuel le ha metido la mano al Ej\u00e9rcito, pues \u00e9l depende de las decisiones de los altos mandos militares y eso est\u00e1 muy mal.<img decoding=\"async\" src=\"https:\/\/i0.wp.com\/sinembargo.mx\/wp-content\/uploads\/2021\/01\/mike-vigil-cienfuegos-es-la-gota-que-derramo-el-vaso.jpg\" alt=\"\"><\/p>\n\n\n\n<h4 class=\"wp-block-heading\"><a href=\"https:\/\/www.sinembargo.mx\/15-01-2021\/3924885\">VER M\u00c1S<\/a><\/h4>\n\n\n\n<h5 class=\"wp-block-heading\"><a href=\"https:\/\/www.sinembargo.mx\/15-01-2021\/3924885\" target=\"_blank\" rel=\"noreferrer noopener\">Mike Vigil: Evidentemente, M\u00e9xico no va por corruptos; Cienfuegos es \u201cla gota que derrama el vaso\u201d<\/a><\/h5>\n\n\n\n<p>\u2013M\u00e1s si a\u00f1adimos las reformas y el uso del Ej\u00e9rcito como servicio de paqueter\u00eda, constructora, polic\u00eda, guardia electoral, entre otros, en que adem\u00e1s del Ej\u00e9rcito, el beneficiario es el Ejecutivo. \u00bfQuien nos asegura que la eliminaci\u00f3n de controles del Ejecutivo para manejar a las Fuerzas Armadas no puede terminar en la configuraci\u00f3n de camisas negras o pardas? Porque hoy en d\u00eda tambi\u00e9n est\u00e1n disfrazados de civiles.<\/p>\n\n\n\n<blockquote class=\"wp-block-quote is-style-large is-layout-flow wp-block-quote-is-layout-flow\"><p><strong>\u2013<\/strong>Aqu\u00ed veo un asunto bien delicado: si esta situaci\u00f3n sigue as\u00ed, con la aquiescencia y la alta alcahueter\u00eda del Gobierno hacia el Ej\u00e9rcito, en un momento dado pueden acusar a Andr\u00e9s Manuel [L\u00f3pez Obrador] y a [Marcelo] Ebrard [Casaub\u00f3n] por conspirar en contra de Estados Unidos. Ve lo que est\u00e1 pasando con el Presidente de Honduras. Ahorita [a Juan Orlando Hern\u00e1ndez] lo est\u00e1n acusando de eso m\u00e1s o menos; de lo mismo que est\u00e1 pasando ahorita aqu\u00ed en M\u00e9xico. \u00c9l cuando fue Presidente conspir\u00f3 con el narcotr\u00e1fico en contra de Estados Unidos. Ahora que viene Joe Biden, pues va a chocar Andr\u00e9s Manuel porque trae una agenda totalmente diferente con el tema de derechos humanos, tr\u00e1fico de armas, combate a narcotr\u00e1fico, el asunto clim\u00e1tico, de sindicatos y de migraci\u00f3n. Todo es diferente y nos van a presionar m\u00e1s. Esta situaci\u00f3n debilita la confiabilidad sobre la estructura del Estado.<\/p><\/blockquote>\n\n\n\n<p>Fuente: https:\/\/www.sinembargo.mx\/19-01-2021\/3925688<\/p>\n","protected":false},"excerpt":{"rendered":"<p>Cienfuegos no es inocente aunque le hayan retirado los cargos, dijo el General Gallardo, quien asegura que la no acci\u00f3n [&hellip;]<\/p>\n","protected":false},"author":1,"featured_media":3497,"comment_status":"open","ping_status":"open","sticky":false,"template":"","format":"standard","meta":{"site-sidebar-layout":"default","site-content-layout":"","ast-site-content-layout":"default","site-content-style":"default","site-sidebar-style":"default","ast-global-header-display":"","ast-banner-title-visibility":"","ast-main-header-display":"","ast-hfb-above-header-display":"","ast-hfb-below-header-display":"","ast-hfb-mobile-header-display":"","site-post-title":"","ast-breadcrumbs-content":"","ast-featured-img":"","footer-sml-layout":"","theme-transparent-header-meta":"","adv-header-id-meta":"","stick-header-meta":"","header-above-stick-meta":"","header-main-stick-meta":"","header-below-stick-meta":"","astra-migrate-meta-layouts":"default","ast-page-background-enabled":"default","ast-page-background-meta":{"desktop":{"background-color":"var(--ast-global-color-4)","background-image":"","background-repeat":"repeat","background-position":"center center","background-size":"auto","background-attachment":"scroll","background-type":"","background-media":"","overlay-type":"","overlay-color":"","overlay-opacity":"","overlay-gradient":""},"tablet":{"background-color":"","background-image":"","background-repeat":"repeat","background-position":"center center","background-size":"auto","background-attachment":"scroll","background-type":"","background-media":"","overlay-type":"","overlay-color":"","overlay-opacity":"","overlay-gradient":""},"mobile":{"background-color":"","background-image":"","background-repeat":"repeat","background-position":"center center","background-size":"auto","background-attachment":"scroll","background-type":"","background-media":"","overlay-type":"","overlay-color":"","overlay-opacity":"","overlay-gradient":""}},"ast-content-background-meta":{"desktop":{"background-color":"var(--ast-global-color-5)","background-image":"","background-repeat":"repeat","background-position":"center center","background-size":"auto","background-attachment":"scroll","background-type":"","background-media":"","overlay-type":"","overlay-color":"","overlay-opacity":"","overlay-gradient":""},"tablet":{"background-color":"var(--ast-global-color-5)","background-image":"","background-repeat":"repeat","background-position":"center center","background-size":"auto","background-attachment":"scroll","background-type":"","background-media":"","overlay-type":"","overlay-color":"","overlay-opacity":"","overlay-gradient":""},"mobile":{"background-color":"var(--ast-global-color-5)","background-image":"","background-repeat":"repeat","background-position":"center center","background-size":"auto","background-attachment":"scroll","background-type":"","background-media":"","overlay-type":"","overlay-color":"","overlay-opacity":"","overlay-gradient":""}},"footnotes":""},"categories":[8],"tags":[],"class_list":["post-3496","post","type-post","status-publish","format-standard","has-post-thumbnail","hentry","category-noticias"],"_links":{"self":[{"href":"https:\/\/losperiodistas.com.mx\/portal\/wp-json\/wp\/v2\/posts\/3496","targetHints":{"allow":["GET"]}}],"collection":[{"href":"https:\/\/losperiodistas.com.mx\/portal\/wp-json\/wp\/v2\/posts"}],"about":[{"href":"https:\/\/losperiodistas.com.mx\/portal\/wp-json\/wp\/v2\/types\/post"}],"author":[{"embeddable":true,"href":"https:\/\/losperiodistas.com.mx\/portal\/wp-json\/wp\/v2\/users\/1"}],"replies":[{"embeddable":true,"href":"https:\/\/losperiodistas.com.mx\/portal\/wp-json\/wp\/v2\/comments?post=3496"}],"version-history":[{"count":1,"href":"https:\/\/losperiodistas.com.mx\/portal\/wp-json\/wp\/v2\/posts\/3496\/revisions"}],"predecessor-version":[{"id":3498,"href":"https:\/\/losperiodistas.com.mx\/portal\/wp-json\/wp\/v2\/posts\/3496\/revisions\/3498"}],"wp:featuredmedia":[{"embeddable":true,"href":"https:\/\/losperiodistas.com.mx\/portal\/wp-json\/wp\/v2\/media\/3497"}],"wp:attachment":[{"href":"https:\/\/losperiodistas.com.mx\/portal\/wp-json\/wp\/v2\/media?parent=3496"}],"wp:term":[{"taxonomy":"category","embeddable":true,"href":"https:\/\/losperiodistas.com.mx\/portal\/wp-json\/wp\/v2\/categories?post=3496"},{"taxonomy":"post_tag","embeddable":true,"href":"https:\/\/losperiodistas.com.mx\/portal\/wp-json\/wp\/v2\/tags?post=3496"}],"curies":[{"name":"wp","href":"https:\/\/api.w.org\/{rel}","templated":true}]}}