{"id":3493,"date":"2021-01-19T06:55:39","date_gmt":"2021-01-19T12:55:39","guid":{"rendered":"http:\/\/losperiodistas.com.mx\/portal\/?p=3493"},"modified":"2021-01-19T06:55:39","modified_gmt":"2021-01-19T12:55:39","slug":"envian-a-mexico-sustancia-para-envasar-vacuna-de-astrazeneca-la-jornada","status":"publish","type":"post","link":"https:\/\/losperiodistas.com.mx\/portal\/envian-a-mexico-sustancia-para-envasar-vacuna-de-astrazeneca-la-jornada\/","title":{"rendered":"Env\u00edan a M\u00e9xico sustancia para envasar vacuna de AstraZeneca | La Jornada"},"content":{"rendered":"\n<p class=\"has-vivid-cyan-blue-color has-text-color has-medium-font-size\">REDACCI\u00d3N LA JORNADA<\/p>\n\n\n\n<p><em>Ciudad de M\u00e9xico.<\/em>&nbsp;El presidente Andr\u00e9s Manuel L\u00f3pez Obrador inform\u00f3 hoy que Argentina ya envi\u00f3 a M\u00e9xico la sustancia para envasar aqu\u00ed la vacuna contra Covid-19 desarrollada por la farmac\u00e9utica brit\u00e1nica AstraZeneca.<\/p>\n\n\n\n<p>De acuerdo con las previsiones entre los gobiernos, el laboratorio mAbxience de Argentina enviar\u00e1 la sustancia activa a M\u00e9xico, donde el laboratorio Liomont culminar\u00e1 el proceso productivo, con el empaquetado, etiquetado y distribuci\u00f3n del ant\u00eddoto para Am\u00e9rica Latina.<\/p>\n\n\n\n<p>El proyecto mexicano-argentino, anunciado en agosto pasado, tiene financiamiento de la Fundaci\u00f3n Slim.<\/p>\n\n\n\n<p>El anuncio en M\u00e9xico del inicio de la operaci\u00f3n se produjo en una muy breve referencia de L\u00f3p\u00e9z Obrador durante su conferencia de este lunes.<\/p>\n\n\n\n<p>\u00abEstamos por cerrar ya un acuerdo con una farmac\u00e9utica rusa, ya se est\u00e1 a punto de emitir una resoluci\u00f3n sobre la calidad de esta vacuna, esto lo har\u00e1 Cofepris (Comisi\u00f3n Federal para la Protecci\u00f3n contra Riesgos Sanitarios)\u00bb, dijo el presidente, en alusi\u00f3n a la vacuna Sputnik V.<\/p>\n\n\n\n<p>\u00abDe modo que vamos a poder disponer de esa vacuna y tambi\u00e9n vamos a tener al alcance la vacuna CanSino\u00bb, de producci\u00f3n chino-canadiense, \u00aby AstraZeneca, que incluso ya ha enviado la sustancia a M\u00e9xico para que aqu\u00ed se envase\u00bb, indic\u00f3 el mandatario.<\/p>\n\n\n\n<p>Fuente: https:\/\/www.jornada.com.mx\/notas\/2021\/01\/18\/politica\/envian-a-mexico-sustancia-para-envasar-vacuna-de-astrazeneca\/<\/p>\n","protected":false},"excerpt":{"rendered":"<p>REDACCI\u00d3N LA JORNADA Ciudad de M\u00e9xico.&nbsp;El presidente Andr\u00e9s Manuel L\u00f3pez Obrador inform\u00f3 hoy que Argentina ya envi\u00f3 a M\u00e9xico la [&hellip;]<\/p>\n","protected":false},"author":1,"featured_media":3494,"comment_status":"open","ping_status":"open","sticky":false,"template":"","format":"standard","meta":{"site-sidebar-layout":"default","site-content-layout":"","ast-site-content-layout":"default","site-content-style":"default","site-sidebar-style":"default","ast-global-header-display":"","ast-banner-title-visibility":"","ast-main-header-display":"","ast-hfb-above-header-display":"","ast-hfb-below-header-display":"","ast-hfb-mobile-header-display":"","site-post-title":"","ast-breadcrumbs-content":"","ast-featured-img":"","footer-sml-layout":"","theme-transparent-header-meta":"","adv-header-id-meta":"","stick-header-meta":"","header-above-stick-meta":"","header-main-stick-meta":"","header-below-stick-meta":"","astra-migrate-meta-layouts":"default","ast-page-background-enabled":"default","ast-page-background-meta":{"desktop":{"background-color":"var(--ast-global-color-4)","background-image":"","background-repeat":"repeat","background-position":"center center","background-size":"auto","background-attachment":"scroll","background-type":"","background-media":"","overlay-type":"","overlay-color":"","overlay-opacity":"","overlay-gradient":""},"tablet":{"background-color":"","background-image":"","background-repeat":"repeat","background-position":"center center","background-size":"auto","background-attachment":"scroll","background-type":"","background-media":"","overlay-type":"","overlay-color":"","overlay-opacity":"","overlay-gradient":""},"mobile":{"background-color":"","background-image":"","background-repeat":"repeat","background-position":"center center","background-size":"auto","background-attachment":"scroll","background-type":"","background-media":"","overlay-type":"","overlay-color":"","overlay-opacity":"","overlay-gradient":""}},"ast-content-background-meta":{"desktop":{"background-color":"var(--ast-global-color-5)","background-image":"","background-repeat":"repeat","background-position":"center center","background-size":"auto","background-attachment":"scroll","background-type":"","background-media":"","overlay-type":"","overlay-color":"","overlay-opacity":"","overlay-gradient":""},"tablet":{"background-color":"var(--ast-global-color-5)","background-image":"","background-repeat":"repeat","background-position":"center center","background-size":"auto","background-attachment":"scroll","background-type":"","background-media":"","overlay-type":"","overlay-color":"","overlay-opacity":"","overlay-gradient":""},"mobile":{"background-color":"var(--ast-global-color-5)","background-image":"","background-repeat":"repeat","background-position":"center center","background-size":"auto","background-attachment":"scroll","background-type":"","background-media":"","overlay-type":"","overlay-color":"","overlay-opacity":"","overlay-gradient":""}},"footnotes":""},"categories":[8],"tags":[],"class_list":["post-3493","post","type-post","status-publish","format-standard","has-post-thumbnail","hentry","category-noticias"],"_links":{"self":[{"href":"https:\/\/losperiodistas.com.mx\/portal\/wp-json\/wp\/v2\/posts\/3493","targetHints":{"allow":["GET"]}}],"collection":[{"href":"https:\/\/losperiodistas.com.mx\/portal\/wp-json\/wp\/v2\/posts"}],"about":[{"href":"https:\/\/losperiodistas.com.mx\/portal\/wp-json\/wp\/v2\/types\/post"}],"author":[{"embeddable":true,"href":"https:\/\/losperiodistas.com.mx\/portal\/wp-json\/wp\/v2\/users\/1"}],"replies":[{"embeddable":true,"href":"https:\/\/losperiodistas.com.mx\/portal\/wp-json\/wp\/v2\/comments?post=3493"}],"version-history":[{"count":1,"href":"https:\/\/losperiodistas.com.mx\/portal\/wp-json\/wp\/v2\/posts\/3493\/revisions"}],"predecessor-version":[{"id":3495,"href":"https:\/\/losperiodistas.com.mx\/portal\/wp-json\/wp\/v2\/posts\/3493\/revisions\/3495"}],"wp:featuredmedia":[{"embeddable":true,"href":"https:\/\/losperiodistas.com.mx\/portal\/wp-json\/wp\/v2\/media\/3494"}],"wp:attachment":[{"href":"https:\/\/losperiodistas.com.mx\/portal\/wp-json\/wp\/v2\/media?parent=3493"}],"wp:term":[{"taxonomy":"category","embeddable":true,"href":"https:\/\/losperiodistas.com.mx\/portal\/wp-json\/wp\/v2\/categories?post=3493"},{"taxonomy":"post_tag","embeddable":true,"href":"https:\/\/losperiodistas.com.mx\/portal\/wp-json\/wp\/v2\/tags?post=3493"}],"curies":[{"name":"wp","href":"https:\/\/api.w.org\/{rel}","templated":true}]}}