{"id":34856,"date":"2022-08-19T07:02:52","date_gmt":"2022-08-19T12:02:52","guid":{"rendered":"http:\/\/losperiodistas.com.mx\/portal\/?p=34856"},"modified":"2022-08-19T07:02:54","modified_gmt":"2022-08-19T12:02:54","slug":"dia-mundial-de-la-fotografia","status":"publish","type":"post","link":"https:\/\/losperiodistas.com.mx\/portal\/dia-mundial-de-la-fotografia\/","title":{"rendered":"<strong>D\u00eda mundial de la fotograf\u00eda<\/strong>"},"content":{"rendered":"\n<h1 class=\"wp-block-heading\" id=\"h1_maincontent\"><strong>El auge a contracorriente de la fotograf\u00eda anal\u00f3gica: \u00abNos ayuda a comunicarnos con el mundo de forma m\u00e1s pausada\u00bb<\/strong> | RTVE<\/h1>\n\n\n\n<ul class=\"wp-block-list\"><li>El proceso implica una concepci\u00f3n totalmente contraria a la imagen digital, m\u00e1s lento y con un resultado inesperado<\/li><li>La escasez de materiales y productos propicia una subida de precios que dificultan&nbsp;el acceso a las t\u00e9cnicas<\/li><\/ul>\n\n\n\n<figure class=\"wp-block-image size-large is-style-default\"><img fetchpriority=\"high\" decoding=\"async\" width=\"1024\" height=\"576\" src=\"https:\/\/losperiodistas.com.mx\/portal\/wp-content\/uploads\/2022\/08\/descarga-1-1024x576.jpeg\" alt=\"\" class=\"wp-image-34857\" srcset=\"https:\/\/losperiodistas.com.mx\/portal\/wp-content\/uploads\/2022\/08\/descarga-1-1024x576.jpeg 1024w, https:\/\/losperiodistas.com.mx\/portal\/wp-content\/uploads\/2022\/08\/descarga-1-300x169.jpeg 300w, https:\/\/losperiodistas.com.mx\/portal\/wp-content\/uploads\/2022\/08\/descarga-1-768x432.jpeg 768w, https:\/\/losperiodistas.com.mx\/portal\/wp-content\/uploads\/2022\/08\/descarga-1-1536x864.jpeg 1536w, https:\/\/losperiodistas.com.mx\/portal\/wp-content\/uploads\/2022\/08\/descarga-1.jpeg 1600w\" sizes=\"(max-width: 1024px) 100vw, 1024px\" \/><figcaption>Recorte de la obra de Atsushi Momoi\u00a0<em>FESTIVAL REVELA&#8217;T<\/em><\/figcaption><\/figure>\n\n\n\n<p class=\"has-vivid-cyan-blue-color has-text-color has-medium-font-size\">MAR\u00cdA LUISA CALVA MONEDERO \/ RTVE<\/p>\n\n\n\n<p>En un presente dominado por la tecnolog\u00eda digital, algunas t\u00e9cnicas del\u00a0pasado reaparecen\u00a0para reencontrar\u00a0ciertas sensaciones\u00a0cada vez m\u00e1s lejanas. Es el caso de la<strong>\u00a0fotograf\u00eda anal\u00f3gica:\u00a0<\/strong>un\u00a0proceso material, con sus dosis de incertidumbre, que vive un peque\u00f1o auge entre aficionados y profesionales, aunque nunca fue abandonada del todo por algunos fot\u00f3grafos.\u00a0Como sucede con los\u00a0vinilos, o incluso los cassettes,\u00a0el pasado regresa, pero no se sabe si para perdurar\u00a0mucho tiempo o\u00a0para quedarse en solo unas\u00a0pocas manos.<\/p>\n\n\n\n<p><a href=\"https:\/\/www.rtve.es\/noticias\/20220812\/vuelta-vinilo-postureo-salvavidas-musica-formato-fisico\/2396120.shtml\"><strong>La vuelta al vinilo: \u00bfpostureo o salvavidas de la m\u00fasica en formato f\u00edsico?<\/strong><\/a><\/p>\n\n\n\n<p>\u00bfPor qu\u00e9? A pesar de la predominancia de las im\u00e1genes digitales, para&nbsp;<strong>Joan Fontcuberta<\/strong>,&nbsp;artista, docente y ensayista y Premio Nacional de Fotograf\u00eda,&nbsp;siempre ha habido \u00abuna persistencia de la fotograf\u00eda anal\u00f3gica\u00bb. Un inter\u00e9s que ha venido motivado por&nbsp;\u00ab<strong>una actitud de resistencia<\/strong>, de no dejar perder lo que se considera un patrimonio expresivo e&nbsp;hist\u00f3rico importante\u00bb, apunta a&nbsp;RTVE.es.<\/p>\n\n\n\n<p>A los usuarios de la fotograf\u00eda digital&nbsp;les atrae el hecho de no poder ver sus fotos hasta que pase un tiempo. \u00ab<strong>Es como que&nbsp;tus recuerdos se transforman al ver esas im\u00e1genes<\/strong>\u00ab, comenta Noem\u00ed Parga, fot\u00f3grafa y fundadora de la iniciativa&nbsp;<strong>Percal Lab<\/strong>, con la que organiza&nbsp;talleres y charlas sobre t\u00e9cnicas anal\u00f3gicas.<\/p>\n\n\n\n<p>\u00abA much\u00edsima gente le interesa tener su carpeta con negativos, guardar sus recuerdos de una forma distinta que con el m\u00f3vil\u00bb, indica.&nbsp;Un&nbsp;retorno que incluso puede estar relacionado con&nbsp;<strong>un s\u00edntoma nost\u00e1lgico<\/strong>.&nbsp;\u00abTodos tenemos nuestras cajas de zapatos con fotos de cuando \u00e9ramos peque\u00f1os y de alg\u00fan modo pensamos que es mejor\u00bb, asegura.<\/p>\n\n\n\n<blockquote class=\"wp-block-quote is-layout-flow wp-block-quote-is-layout-flow\"><p>\u201cAl princpio se dec\u00eda que era una cosa nost\u00e1lgica y ahora creo que hay m\u00e1s j\u00f3venes que mayores\u201c<\/p><\/blockquote>\n\n\n\n<p>Aunque la vuelta de esta t\u00e9cnica no siempre tiene que ver con esa idealizaci\u00f3n del pasado. \u00abAl principio se dec\u00eda que era como una cosa nost\u00e1lgica,&nbsp;que&nbsp;se ha desmentido&nbsp;porque ha&nbsp;entrado mucha gente nueva en el terreno y ahora creo que hay&nbsp;m\u00e1s j\u00f3venes que mayores\u00bb, comenta&nbsp;<strong>Pep Minguez<\/strong>, director del&nbsp;<strong>Festival de fotograf\u00eda anal\u00f3gica Revela&#8217;T<\/strong>.<\/p>\n\n\n\n<h3 class=\"wp-block-heading\"><strong>Educarse en \u00abla foto \u00fanica\u00bb<\/strong><\/h3>\n\n\n\n<p>Respecto a los j\u00f3venes interesados&nbsp;por este campo, Noem\u00ed Parga se mantiene cr\u00edtica, en el sentido de que&nbsp;<strong>no se adentran en todo lo que implica el proceso<\/strong>.&nbsp;\u00abLa gente joven est\u00e1 muy acostumbrada a que la foto anal\u00f3gica sea&nbsp;similar a la digital. Tienen casi todos compactas y&nbsp;electr\u00f3nicas, solo le dan al bot\u00f3n\u00bb, considera.<\/p>\n\n\n\n<p>Parga, profesora\u00a0de audiovisuales en la escuela de dise\u00f1o Aulad, confiesa que a sus alumnos les cuesta entender este medio.\u00a0<strong>\u00abA\u00fan tienen que educarse en la foto \u00fanica\u00bb<\/strong>, insiste. No obstante, cree que es muy importante que las nuevas generaciones se interesen para que as\u00ed la foto anal\u00f3gica perdure. \u00abNos ayuda un poco a\u00a0<strong>comunicarnos con el mundo de una forma distinta, m\u00e1s pausada<\/strong>\u00ab, comenta.<\/p>\n\n\n\n<figure class=\"wp-block-image size-large is-style-default\"><img decoding=\"async\" width=\"765\" height=\"1024\" src=\"https:\/\/losperiodistas.com.mx\/portal\/wp-content\/uploads\/2022\/08\/Captura-de-Pantalla-2022-08-19-a-las-6.59.13-765x1024.jpg\" alt=\"\" class=\"wp-image-34858\" srcset=\"https:\/\/losperiodistas.com.mx\/portal\/wp-content\/uploads\/2022\/08\/Captura-de-Pantalla-2022-08-19-a-las-6.59.13-765x1024.jpg 765w, https:\/\/losperiodistas.com.mx\/portal\/wp-content\/uploads\/2022\/08\/Captura-de-Pantalla-2022-08-19-a-las-6.59.13-224x300.jpg 224w, https:\/\/losperiodistas.com.mx\/portal\/wp-content\/uploads\/2022\/08\/Captura-de-Pantalla-2022-08-19-a-las-6.59.13-768x1028.jpg 768w, https:\/\/losperiodistas.com.mx\/portal\/wp-content\/uploads\/2022\/08\/Captura-de-Pantalla-2022-08-19-a-las-6.59.13.jpg 1088w\" sizes=\"(max-width: 765px) 100vw, 765px\" \/><\/figure>\n\n\n\n<p><\/p>\n\n\n\n<h3 class=\"wp-block-heading\"><strong>En busca del error, lejos de la perfecci\u00f3n<\/strong><\/h3>\n\n\n\n<p>\u00abUn momento m\u00e1gico\u00bb. As\u00ed define Fontcuberta el proceso de la fotograf\u00eda anal\u00f3gica. \u00abEl hecho de que para ver la imagen acabada se requiera una espera, crea un estado de \u00e1nimo particular y la relaci\u00f3n con el resultado es muy distinto\u00bb, explica.<\/p>\n\n\n\n<p>Disparar sobre una pel\u00edcula sin poder ver la foto, despu\u00e9s revelar en un cuarto oscuro y m\u00e1s adelante,&nbsp;realizar los positivos sobre el&nbsp;papel o escanearlos&nbsp;es un trabajo que&nbsp;\u00abdilata la experiencia de la imagen final e introduce&nbsp;elementos emotivos particulares\u00bb, apunta Fontcuberta.<\/p>\n\n\n\n<p>Pep Minguez insiste en que es necesario&nbsp;<strong>un mayor \u00abcompromiso\u00bb con estas t\u00e9cnicas<\/strong>. \u00abSe busca esa autenticidad, que queda reflejada en la obra y que persiguen todos los artistas\u00bb, indica.<\/p>\n\n\n\n<p>\u00abEs recuperar unos pasos de la historia, como si la historia hubiese avanzado demasiado deprisa y se hubiese dejado en los m\u00e1rgenes terrenos por explorar\u00bb, se\u00f1ala Fontcuberta. Ante una sociedad en lo que todo ocurre muy r\u00e1pido y de forma fugaz,&nbsp;la foto anal\u00f3gica necesita reposo. \u00abUna imagen digital implica la instantaneidad, la inmediatez y la posibilidad de corregir sobre la marcha, y esa correcci\u00f3n elimina a menudo el azar y el accidente\u00bb, explica Fontcuberta.&nbsp;<\/p>\n\n\n\n<figure class=\"wp-block-image is-style-default\"><img decoding=\"async\" src=\"https:\/\/img2.rtve.es\/im\/6673100\/?w=900\" alt=\"Foto de Rafa Badia\"\/><figcaption>Foto de Rafa Badia&nbsp;<em>FESTIVAL REVELA&#8217;T<\/em><\/figcaption><\/figure>\n\n\n\n<p>\u00abAl final no interesa tanta nitidez porque no es natural y no es atractiva.&nbsp;<strong>Nos atrae ese enfoque del grano, esa textura y es algo que reconocemos m\u00e1s humano que todo&nbsp;perfectamente n\u00edtido,<\/strong>&nbsp;como&nbsp;nos ofrece el digital\u00bb, destaca Noem\u00ed Parga.<\/p>\n\n\n\n<blockquote class=\"wp-block-quote is-layout-flow wp-block-quote-is-layout-flow\"><p>\u201cEl error o los defectos de la imagen se ven como virtudes\u201c<\/p><\/blockquote>\n\n\n\n<p>El objetivo es huir de la imagen digital perfecta y conseguir una nueva esencia con imperfecciones. \u00abEl error o los defectos de la imagen se ven como virtudes\u00bb, afirma Minguez. La idea es buscar resultados inesperados e ir experimentando. \u00abEs un proceso que no puedes controlar del todo y eso, en realidad, nos gusta\u00bb, confirma Parga.<\/p>\n\n\n\n<h3 class=\"wp-block-heading\"><strong>Iniciativas para fomentar y acceder a la foto anal\u00f3gica<\/strong><\/h3>\n\n\n\n<p>La pandemia influy\u00f3 a que Noem\u00ed Parga y su compa\u00f1era Andrea Costa emprendieran proyectos autogestionados dentro de este campo. Con subvenciones de la Xunta de Galicia han conseguido realizar talleres y charlas mediante&nbsp;<a href=\"https:\/\/www.instagram.com\/percal.lab\/?hl=es\">Percal Lab<\/a>. \u00abPlanteamos talleres que fuesen accesibles para que la gente pruebe el anal\u00f3gico antes de que se extinga\u00bb, se\u00f1ala.<\/p>\n\n\n\n<p>A ra\u00edz de ese evento, este a\u00f1o abrieron un espacio tambi\u00e9n sin \u00e1nimo de lucro, llamado la&nbsp;<strong>Helader\u00eda Mari, un laboratorio social fotogr\u00e1fico<\/strong>, situado en Vigo, en el que cualquier persona puede ir a revelar sus fotos.&nbsp;\u00abEstamos intentando ense\u00f1ar realmente cu\u00e1l es el proceso, todo lo que significa y lo que nos puede aportar el mundo anal\u00f3gico\u00bb, explica Parga. La gente que va al espacio \u00fanicamente tiene que aportar el&nbsp;coste de los materiales que utilizan, por lo que ellas no se llevan ning\u00fan beneficio.<\/p>\n\n\n\n<p>Por otro lado, desde el&nbsp;<strong><a href=\"https:\/\/www.revelatfestival.com\/\">Festival Revela&#8217;T<\/a>&nbsp;<\/strong>se busca fomentar y premiar el talento en este terreno. El evento surgi\u00f3 a ra\u00edz de la celebraci\u00f3n del sexto aniversario de una asociaci\u00f3n de fotograf\u00eda que mont\u00f3 una feria comercial de foto anal\u00f3gica con cuatro exposiciones. \u00abCuando se acab\u00f3, recibimos correos de much\u00edsima gente dici\u00e9ndonos que aquello hab\u00eda sido maravilloso y que ten\u00edamos que repetirlo\u00bb, explica.<\/p>\n\n\n\n<figure class=\"wp-block-image is-style-default\"><img decoding=\"async\" src=\"https:\/\/img2.rtve.es\/im\/6673087\/?w=450\" alt=\"Foto de la exposici\u00f3n \"\/><figcaption>Foto de la exposici\u00f3n \u00abHeghDI&#8217; vem ghaH, t\u00fa&#8217;lu&#8217;, DINOSAUR\u00bb&nbsp;<em>JOAN FONTCUBERTA<\/em><\/figcaption><\/figure>\n\n\n\n<p>Los asistentes impulsaron a que este festival siga celebr\u00e1ndose&nbsp;y este a\u00f1o conmemore su d\u00e9cima edici\u00f3n. Del 9 de septiembre al 2 de octubre en Vilassar de Dalt, el evento ofrecer\u00e1 57 exposiciones de fotograf\u00eda anal\u00f3gica y&nbsp;<strong>rinde homenaje al fot\u00f3grafo y te\u00f3rico Joan Fontcuberta<\/strong>, con \u201cHeghDI&#8217; vem ghaH, t\u00fa\u2019lu\u2019, DINOSAUR\u201d, una exposici\u00f3n in\u00e9dita y producida&nbsp;por el propio festival inspirada en la figura del dinosaurio.<\/p>\n\n\n\n<p>Entre la muestra se encuentra una variada programaci\u00f3n, con&nbsp;fotograf\u00eda social, proyectos a largo plazo, t\u00e9cnicas mixtas o&nbsp;im\u00e1genes po\u00e9ticas, entre las que se pueden encontrar&nbsp;obras de profesionales&nbsp;como Alessandra Sanguinetti, Natalia Kepesz o&nbsp;Joaqu\u00edn Paredes, entre otros.<\/p>\n\n\n\n<figure class=\"wp-block-image is-style-default\"><img decoding=\"async\" src=\"https:\/\/img2.rtve.es\/im\/6673090\/?w=900\" alt=\"Foto de Alessandra Sanguinetti\"\/><figcaption>Foto de Alessandra Sanguinetti&nbsp;<em>FESTIVAL REVELA&#8217;T<\/em><\/figcaption><\/figure>\n\n\n\n<h3 class=\"wp-block-heading\"><strong>El mercado: escasez&nbsp;e inflaci\u00f3n<\/strong><\/h3>\n\n\n\n<p>Ante la carencia de materiales y productos&nbsp;y la alta demanda del mercado, los precios han subido de forma notoria&nbsp;en los \u00faltimos a\u00f1os. Por ejemplo, Noem\u00ed Parga, que ahora tiene 28 a\u00f1os, cuando empez\u00f3 la carrera de Comunicaci\u00f3n Audiovisual,&nbsp;<strong>adquiri\u00f3 su c\u00e1mara&nbsp;Yashica Fx-3 por 12\u202f\u20ac<\/strong>, y ahora esta misma llega a costar alrededor de 180\u202f\u20ac. \u00abEs una locura\u00bb, cr\u00edtica.&nbsp;Pep Minguez&nbsp;coincide con Parga, cuando empez\u00f3&nbsp;en 2013 compr\u00f3 c\u00e1maras que eran \u00abmuch\u00edsimo m\u00e1s baratas que ahora\u00bb.<\/p>\n\n\n\n<p>\u00abComo el mercado se ha reducido de una manera dr\u00e1stica, la producci\u00f3n es muy limitada y&nbsp;se encarece. La escasez hace que los costos suban\u00bb, afirma Joan Fontcuberta.<\/p>\n\n\n\n<blockquote class=\"wp-block-quote is-layout-flow wp-block-quote-is-layout-flow\"><p>\u201cHay gente que dispara carretes caducados de hace 20 a\u00f1os que cuestan m\u00e1s que nuevos\u201c<\/p><\/blockquote>\n\n\n\n<p>En opini\u00f3n de Parga incluso se da un poco de especulaci\u00f3n en este sector. \u00abHay gente que dispara carretes caducados de hace 20 a\u00f1os que cuestan m\u00e1s que nuevos\u00bb, destaca. A su parecer,&nbsp;tambi\u00e9n se vende muchas c\u00e1maras arregladas por precios elevados, e incluso rotas.<\/p>\n\n\n\n<p>\u00abLo que ha subido mucho son los precios de las pel\u00edculas, de los qu\u00edmicos no tanto\u00bb, afirma Minguez. En esta subida,\u00a0para el director del festival ha podido influir\u00a0<strong>\u00abel incremento en el precio de la plata\u00bb<\/strong>, que es la base con la que se realizan las pel\u00edculas.\u00a0<\/p>\n\n\n\n<figure class=\"wp-block-image size-large is-style-default\"><img decoding=\"async\" width=\"1024\" height=\"1024\" src=\"https:\/\/losperiodistas.com.mx\/portal\/wp-content\/uploads\/2022\/08\/Captura-de-Pantalla-2022-08-19-a-las-7.00.05-1024x1024.jpg\" alt=\"\" class=\"wp-image-34859\" srcset=\"https:\/\/losperiodistas.com.mx\/portal\/wp-content\/uploads\/2022\/08\/Captura-de-Pantalla-2022-08-19-a-las-7.00.05-1024x1024.jpg 1024w, https:\/\/losperiodistas.com.mx\/portal\/wp-content\/uploads\/2022\/08\/Captura-de-Pantalla-2022-08-19-a-las-7.00.05-300x300.jpg 300w, https:\/\/losperiodistas.com.mx\/portal\/wp-content\/uploads\/2022\/08\/Captura-de-Pantalla-2022-08-19-a-las-7.00.05-150x150.jpg 150w, https:\/\/losperiodistas.com.mx\/portal\/wp-content\/uploads\/2022\/08\/Captura-de-Pantalla-2022-08-19-a-las-7.00.05-768x768.jpg 768w, https:\/\/losperiodistas.com.mx\/portal\/wp-content\/uploads\/2022\/08\/Captura-de-Pantalla-2022-08-19-a-las-7.00.05.jpg 1096w\" sizes=\"(max-width: 1024px) 100vw, 1024px\" \/><\/figure>\n\n\n\n<p><\/p>\n\n\n\n<h3 class=\"wp-block-heading\"><strong>Un futuro anal\u00f3gico con mucha incertidumbre<\/strong><\/h3>\n\n\n\n<p>Ante este panorama econ\u00f3mico, el porvenir de la imagen anal\u00f3gica no es muy positivo. \u00abCada vez quedan menos&nbsp;<strong>centros de formaci\u00f3n fotogr\u00e1fica<\/strong>&nbsp;con laboratorio qu\u00edmico\u00bb, desvela Joan Fontcuberta.&nbsp;Desde la educaci\u00f3n ya no se suele apostar por esta t\u00e9cnica y eso supone que se convierta en una pr\u00e1ctica todav\u00eda m\u00e1s minoritaria y elitista.&nbsp;<\/p>\n\n\n\n<p>\u00abEl sistema did\u00e1ctico ya no lo da porque entra dentro de un tipo de regreso a artesan\u00edas de valores po\u00e9ticos o experimentales\u00bb, se\u00f1ala.&nbsp;Este escaso&nbsp;acceso desde las entidades formativas lleva a un escenario en el que solo la gente con mucho conocimiento y competencias sobre el tema y con&nbsp;cierto poder adquisitivo&nbsp;pueda permitirse realizar estas t\u00e9cnicas.<\/p>\n\n\n\n<p>Por ello, desde\u00a0<strong>Percal Lab<\/strong>\u00a0intentan acercar este mundo y tratan de\u00a0<strong>abaratar los costes<\/strong>\u00a0<strong>desde la colectividad\u00a0<\/strong>para que cualquier persona pueda permitirse su uso. \u00abTodos tenemos que pelear un poco por lo anal\u00f3gico y dejar claro que tiene un futuro que es necesario para que no se deje de fabricar y no acabe muriendo\u00bb, insiste Parga.<\/p>\n\n\n\n<p>Fuente: https:\/\/www.rtve.es\/noticias\/20220819\/auge-fotografia-analogica-ayuda-comunicarnos-manera-pausada\/2396813.shtml<\/p>\n","protected":false},"excerpt":{"rendered":"<p>El auge a contracorriente de la fotograf\u00eda anal\u00f3gica: \u00abNos ayuda a comunicarnos con el mundo de forma m\u00e1s pausada\u00bb | [&hellip;]<\/p>\n","protected":false},"author":1,"featured_media":34857,"comment_status":"open","ping_status":"open","sticky":false,"template":"","format":"standard","meta":{"site-sidebar-layout":"default","site-content-layout":"","ast-site-content-layout":"default","site-content-style":"default","site-sidebar-style":"default","ast-global-header-display":"","ast-banner-title-visibility":"","ast-main-header-display":"","ast-hfb-above-header-display":"","ast-hfb-below-header-display":"","ast-hfb-mobile-header-display":"","site-post-title":"","ast-breadcrumbs-content":"","ast-featured-img":"","footer-sml-layout":"","theme-transparent-header-meta":"","adv-header-id-meta":"","stick-header-meta":"","header-above-stick-meta":"","header-main-stick-meta":"","header-below-stick-meta":"","astra-migrate-meta-layouts":"default","ast-page-background-enabled":"default","ast-page-background-meta":{"desktop":{"background-color":"var(--ast-global-color-4)","background-image":"","background-repeat":"repeat","background-position":"center center","background-size":"auto","background-attachment":"scroll","background-type":"","background-media":"","overlay-type":"","overlay-color":"","overlay-opacity":"","overlay-gradient":""},"tablet":{"background-color":"","background-image":"","background-repeat":"repeat","background-position":"center center","background-size":"auto","background-attachment":"scroll","background-type":"","background-media":"","overlay-type":"","overlay-color":"","overlay-opacity":"","overlay-gradient":""},"mobile":{"background-color":"","background-image":"","background-repeat":"repeat","background-position":"center center","background-size":"auto","background-attachment":"scroll","background-type":"","background-media":"","overlay-type":"","overlay-color":"","overlay-opacity":"","overlay-gradient":""}},"ast-content-background-meta":{"desktop":{"background-color":"var(--ast-global-color-5)","background-image":"","background-repeat":"repeat","background-position":"center center","background-size":"auto","background-attachment":"scroll","background-type":"","background-media":"","overlay-type":"","overlay-color":"","overlay-opacity":"","overlay-gradient":""},"tablet":{"background-color":"var(--ast-global-color-5)","background-image":"","background-repeat":"repeat","background-position":"center center","background-size":"auto","background-attachment":"scroll","background-type":"","background-media":"","overlay-type":"","overlay-color":"","overlay-opacity":"","overlay-gradient":""},"mobile":{"background-color":"var(--ast-global-color-5)","background-image":"","background-repeat":"repeat","background-position":"center center","background-size":"auto","background-attachment":"scroll","background-type":"","background-media":"","overlay-type":"","overlay-color":"","overlay-opacity":"","overlay-gradient":""}},"footnotes":""},"categories":[8],"tags":[12068,12069],"class_list":["post-34856","post","type-post","status-publish","format-standard","has-post-thumbnail","hentry","category-noticias","tag-fotografia-analogica","tag-nostalgia"],"_links":{"self":[{"href":"https:\/\/losperiodistas.com.mx\/portal\/wp-json\/wp\/v2\/posts\/34856","targetHints":{"allow":["GET"]}}],"collection":[{"href":"https:\/\/losperiodistas.com.mx\/portal\/wp-json\/wp\/v2\/posts"}],"about":[{"href":"https:\/\/losperiodistas.com.mx\/portal\/wp-json\/wp\/v2\/types\/post"}],"author":[{"embeddable":true,"href":"https:\/\/losperiodistas.com.mx\/portal\/wp-json\/wp\/v2\/users\/1"}],"replies":[{"embeddable":true,"href":"https:\/\/losperiodistas.com.mx\/portal\/wp-json\/wp\/v2\/comments?post=34856"}],"version-history":[{"count":1,"href":"https:\/\/losperiodistas.com.mx\/portal\/wp-json\/wp\/v2\/posts\/34856\/revisions"}],"predecessor-version":[{"id":34860,"href":"https:\/\/losperiodistas.com.mx\/portal\/wp-json\/wp\/v2\/posts\/34856\/revisions\/34860"}],"wp:featuredmedia":[{"embeddable":true,"href":"https:\/\/losperiodistas.com.mx\/portal\/wp-json\/wp\/v2\/media\/34857"}],"wp:attachment":[{"href":"https:\/\/losperiodistas.com.mx\/portal\/wp-json\/wp\/v2\/media?parent=34856"}],"wp:term":[{"taxonomy":"category","embeddable":true,"href":"https:\/\/losperiodistas.com.mx\/portal\/wp-json\/wp\/v2\/categories?post=34856"},{"taxonomy":"post_tag","embeddable":true,"href":"https:\/\/losperiodistas.com.mx\/portal\/wp-json\/wp\/v2\/tags?post=34856"}],"curies":[{"name":"wp","href":"https:\/\/api.w.org\/{rel}","templated":true}]}}