{"id":3484,"date":"2021-01-18T18:05:09","date_gmt":"2021-01-19T00:05:09","guid":{"rendered":"http:\/\/losperiodistas.com.mx\/portal\/?p=3484"},"modified":"2021-01-18T20:05:33","modified_gmt":"2021-01-19T02:05:33","slug":"rechazo-internacional-a-prohibir-toros-en-puebla","status":"publish","type":"post","link":"https:\/\/losperiodistas.com.mx\/portal\/rechazo-internacional-a-prohibir-toros-en-puebla\/","title":{"rendered":"Rechazo internacional a prohibir toros en Puebla"},"content":{"rendered":"\n<p style=\"font-size:18px\"><em>El Cabildo votar\u00e1 este mi\u00e9rcoles la desaparici\u00f3n de la fiesta brava<\/em><\/p>\n\n\n\n<p class=\"has-vivid-cyan-blue-color has-text-color has-medium-font-size\"><em>Por Ra\u00fal Torres Salmer\u00f3n<\/em><\/p>\n\n\n\n<p>Mientras Claudia Rivera Vivanco, la Presidenta Municipal de Puebla Capital, una de las peores alcaldesas calificadas entre las principales ciudades de M\u00e9xico seg\u00fan m\u00faltiples encuestas, deshoja la margarita en busca de la reelecci\u00f3n, pues ha dejado entrever que en los pr\u00f3ximos d\u00edas solicitar\u00e1 licencia para tal efecto, el Cabildo en medio de la pandemia del coronavirus, votar\u00e1 para prohibir las corridas de toros.<\/p>\n\n\n\n<p>Como si no tuviera el actual Cabildo Municipal, cosas m\u00e1s importantes que hacer, preparan el fin de la fiesta brava en la Angel\u00f3polis. Este lunes, los regidores de la Comisi\u00f3n de Participaci\u00f3n Ciudadana aprobaron prohibir las corridas de toros en Puebla Capital, pese a que no existe un estudio del ayuntamiento de Puebla para respaldar esta decisi\u00f3n.<\/p>\n\n\n\n<p>En plena crisis sanitaria, sin que el a\u00f1o 2020 se registrara alguna corrida de toros, quieren desaparecer la fiesta.<\/p>\n\n\n\n<p>Incluso, el gobernador Miguel Barbosa Huerta reconoci\u00f3 que Puebla podr\u00eda regresar a sem\u00e1foro rojo en la segunda etapa de la pandemia, ante el aumento de casi 300 contagios diarios de Covid-19, que desafortunadamente la entidad est\u00e1 \u00abpagando las consecuencias\u00bb de la alta movilidad en las calles, as\u00ed como por las reuniones familiares durante las fiestas de Navidad, A\u00f1o Nuevo y Reyes.<\/p>\n\n\n\n<p>La reuni\u00f3n de Cabildo est\u00e1 fijada para el mi\u00e9rcoles 20 de enero, casualmente la misma fecha donde la alcaldesa Rivera pedir\u00e1 licencia para hacer campa\u00f1a para reelegirse. En el natural rebumbio de la medida, pasar\u00e1 de noche y sin esc\u00e1ndalo la prohibici\u00f3n de la tauromaquia.<\/p>\n\n\n\n<p>Ser\u00e1 un triste d\u00eda para Puebla y los poblanos aficionados a la fiesta brava. Los taurinos, que no son pocos, le cobrar\u00e1n en las urnas a MORENA y a su alcaldesa esta medida.<\/p>\n\n\n\n<p>De un plumazo borrar\u00e1n siglos de historia y destruir\u00e1n fuentes de trabajo, tan vitales para la econom\u00eda en estos momentos cr\u00edticos originados por la pandemia.<\/p>\n\n\n\n<p>APOYO DE TAURINOS DE PER\u00da<\/p>\n\n\n\n<p>De varias partes del mundo taurino han expresado la defensa de la fiesta. Toca el turno ahora un comunicado de apoyo a tauromaquia mexicana en la defensa de las corridas de toros como manifestaci\u00f3n cultural de la ciudad de Puebla, M\u00e9xico.<\/p>\n\n\n\n<p>Lo firma la Asociaci\u00f3n Cultural Taurina del Per\u00fa, instituci\u00f3n que trabaja por la defensa y la difusi\u00f3n de la tauromaquia en ese pa\u00eds, la cual es una manifestaci\u00f3n cultural de millones de peruanos. Dice as\u00ed el comunicado dirigido al Ayuntamiento de Puebla Capital:<\/p>\n\n\n\n<p>\u201cM\u00e9xico es tambi\u00e9n un pa\u00eds donde la tauromaquia es parte de sus variadas manifestaciones culturales que por siglos han contribuido a que haya desarrollado su propia identidad cultural que muestran orgullosos al mundo entero.<\/p>\n\n\n\n<p>\u201cToda autoridad pol\u00edtica accede a un cargo p\u00fablico al cual llegan producto de una elecci\u00f3n popular; por lo que su gesti\u00f3n tiene fecha de inicio y de t\u00e9rmino.<\/p>\n\n\n\n<p>\u201cLa identidad cultural de los pueblos se construye trav\u00e9s de cientos de a\u00f1os y se transmite de generaci\u00f3n en generaci\u00f3n.<\/p>\n\n\n\n<p>\u201cPor lo antes expuesto, consideramos que la pretensi\u00f3n de prohibir la tauromaquia en la ciudad de Puebla, M\u00e9xico, por parte de su Presidenta Municipal la se\u00f1ora Claudia Rivera Vivanco, es un claro acto de abuso de poder contra los mismos pobladores que la han elegido.<\/p>\n\n\n\n<p>\u201cNos solidarizamos con el movimiento taurino Tauromaquia Mexicana en el trabajo de defensa que vienen realizando de esta manifestaci\u00f3n cultural en nuestro hermano pa\u00eds de M\u00e9xico y estamos seguros que en el caso de Puebla se va a lograr el objetivo de impedir que prospere esta iniciativa anti taurina de la autoridad municipal que quiere imponer sus gustos personales sobre las tradiciones populares y centenarias de los hermanos mexicanos\u201d.<\/p>\n\n\n\n<p>Hasta aqu\u00ed el comunicado, que est\u00e1 fechado en Lima, el d\u00eda 16 de enero de 2021, por el Presidente Jorge Luis P\u00e9rez Ch\u00e1vez, el Secretario Carlos Castillo Alejos y el Vocal Fernando Villavicencio Bernal.<\/p>\n\n\n\n<p>Hay que hacer notar que el esc\u00e1ndalo de la prohibici\u00f3n, a\u00fan en planea pandemia, ser\u00e1 tambi\u00e9n en todo M\u00e9xico y a nivel internacional.<\/p>\n\n\n\n<p>Pobre Ayuntamiento, Pobre Puebla, en el sentido de la 5\u00aa acepci\u00f3n del t\u00e9rmino seg\u00fan la Real Academia Espa\u00f1ola: Falta de magnanimidad, de gallard\u00eda, de nobleza del \u00e1nimo.<\/p>\n\n\n\n<p>En fin, como escribi\u00f3 Rafael Alberti (Espa\u00f1a, 1902-199) en su poema Joselito en su Gloria:<\/p>\n\n\n\n<p>Llora Giraldilla mora,<\/p>\n\n\n\n<p>l\u00e1grimas en tu pa\u00f1uelo.<\/p>\n\n\n\n<p>Mira como sube al cielo,<\/p>\n\n\n\n<p>la gracia toreadora.<\/p>\n\n\n\n<p>Ni\u00f1o de amaranto y oro,<\/p>\n\n\n\n<p>c\u00f3mo llora tu cuadrilla,<\/p>\n\n\n\n<p>y c\u00f3mo llora Sevilla,<\/p>\n\n\n\n<p>despidi\u00e9ndote del toro.<\/p>\n\n\n\n<p>raultorress@hotmail.com<\/p>\n","protected":false},"excerpt":{"rendered":"<p>El Cabildo votar\u00e1 este mi\u00e9rcoles la desaparici\u00f3n de la fiesta brava Por Ra\u00fal Torres Salmer\u00f3n Mientras Claudia Rivera Vivanco, la [&hellip;]<\/p>\n","protected":false},"author":1,"featured_media":3485,"comment_status":"open","ping_status":"open","sticky":false,"template":"","format":"standard","meta":{"site-sidebar-layout":"default","site-content-layout":"","ast-site-content-layout":"default","site-content-style":"default","site-sidebar-style":"default","ast-global-header-display":"","ast-banner-title-visibility":"","ast-main-header-display":"","ast-hfb-above-header-display":"","ast-hfb-below-header-display":"","ast-hfb-mobile-header-display":"","site-post-title":"","ast-breadcrumbs-content":"","ast-featured-img":"","footer-sml-layout":"","theme-transparent-header-meta":"","adv-header-id-meta":"","stick-header-meta":"","header-above-stick-meta":"","header-main-stick-meta":"","header-below-stick-meta":"","astra-migrate-meta-layouts":"default","ast-page-background-enabled":"default","ast-page-background-meta":{"desktop":{"background-color":"var(--ast-global-color-4)","background-image":"","background-repeat":"repeat","background-position":"center center","background-size":"auto","background-attachment":"scroll","background-type":"","background-media":"","overlay-type":"","overlay-color":"","overlay-opacity":"","overlay-gradient":""},"tablet":{"background-color":"","background-image":"","background-repeat":"repeat","background-position":"center center","background-size":"auto","background-attachment":"scroll","background-type":"","background-media":"","overlay-type":"","overlay-color":"","overlay-opacity":"","overlay-gradient":""},"mobile":{"background-color":"","background-image":"","background-repeat":"repeat","background-position":"center center","background-size":"auto","background-attachment":"scroll","background-type":"","background-media":"","overlay-type":"","overlay-color":"","overlay-opacity":"","overlay-gradient":""}},"ast-content-background-meta":{"desktop":{"background-color":"var(--ast-global-color-5)","background-image":"","background-repeat":"repeat","background-position":"center center","background-size":"auto","background-attachment":"scroll","background-type":"","background-media":"","overlay-type":"","overlay-color":"","overlay-opacity":"","overlay-gradient":""},"tablet":{"background-color":"var(--ast-global-color-5)","background-image":"","background-repeat":"repeat","background-position":"center center","background-size":"auto","background-attachment":"scroll","background-type":"","background-media":"","overlay-type":"","overlay-color":"","overlay-opacity":"","overlay-gradient":""},"mobile":{"background-color":"var(--ast-global-color-5)","background-image":"","background-repeat":"repeat","background-position":"center center","background-size":"auto","background-attachment":"scroll","background-type":"","background-media":"","overlay-type":"","overlay-color":"","overlay-opacity":"","overlay-gradient":""}},"footnotes":""},"categories":[19],"tags":[],"class_list":["post-3484","post","type-post","status-publish","format-standard","has-post-thumbnail","hentry","category-sin-limites-2"],"_links":{"self":[{"href":"https:\/\/losperiodistas.com.mx\/portal\/wp-json\/wp\/v2\/posts\/3484","targetHints":{"allow":["GET"]}}],"collection":[{"href":"https:\/\/losperiodistas.com.mx\/portal\/wp-json\/wp\/v2\/posts"}],"about":[{"href":"https:\/\/losperiodistas.com.mx\/portal\/wp-json\/wp\/v2\/types\/post"}],"author":[{"embeddable":true,"href":"https:\/\/losperiodistas.com.mx\/portal\/wp-json\/wp\/v2\/users\/1"}],"replies":[{"embeddable":true,"href":"https:\/\/losperiodistas.com.mx\/portal\/wp-json\/wp\/v2\/comments?post=3484"}],"version-history":[{"count":1,"href":"https:\/\/losperiodistas.com.mx\/portal\/wp-json\/wp\/v2\/posts\/3484\/revisions"}],"predecessor-version":[{"id":3486,"href":"https:\/\/losperiodistas.com.mx\/portal\/wp-json\/wp\/v2\/posts\/3484\/revisions\/3486"}],"wp:featuredmedia":[{"embeddable":true,"href":"https:\/\/losperiodistas.com.mx\/portal\/wp-json\/wp\/v2\/media\/3485"}],"wp:attachment":[{"href":"https:\/\/losperiodistas.com.mx\/portal\/wp-json\/wp\/v2\/media?parent=3484"}],"wp:term":[{"taxonomy":"category","embeddable":true,"href":"https:\/\/losperiodistas.com.mx\/portal\/wp-json\/wp\/v2\/categories?post=3484"},{"taxonomy":"post_tag","embeddable":true,"href":"https:\/\/losperiodistas.com.mx\/portal\/wp-json\/wp\/v2\/tags?post=3484"}],"curies":[{"name":"wp","href":"https:\/\/api.w.org\/{rel}","templated":true}]}}