{"id":34833,"date":"2022-08-18T19:37:43","date_gmt":"2022-08-19T00:37:43","guid":{"rendered":"http:\/\/losperiodistas.com.mx\/portal\/?p=34833"},"modified":"2022-08-18T19:37:45","modified_gmt":"2022-08-19T00:37:45","slug":"caso-ayotzinapa-cuales-son-las-diferencias-entre-la-verdad-historica-y-la-informacion-de-alejandro-encinas-infobae","status":"publish","type":"post","link":"https:\/\/losperiodistas.com.mx\/portal\/caso-ayotzinapa-cuales-son-las-diferencias-entre-la-verdad-historica-y-la-informacion-de-alejandro-encinas-infobae\/","title":{"rendered":"Caso Ayotzinapa: cu\u00e1les son las diferencias entre \u201cla verdad hist\u00f3rica\u201d y la informaci\u00f3n de Alejandro Encinas | Infobae"},"content":{"rendered":"\n<h2 class=\"wp-block-heading\">La primera versi\u00f3n indic\u00f3 que los estudiantes se encontraban juntos y fueron quemados; sin embargo, se dio a conocer que fueron metidos en bolsas y separados en grupos para deshacerse de ellos de distintas maneras<\/h2>\n\n\n\n<p><\/p>\n\n\n\n<figure class=\"wp-block-image size-large\"><img fetchpriority=\"high\" decoding=\"async\" width=\"1024\" height=\"576\" src=\"https:\/\/losperiodistas.com.mx\/portal\/wp-content\/uploads\/2022\/08\/SN2UG7PM3BDJLEL4ZOWBWPLK4I-1024x576.jpg\" alt=\"\" class=\"wp-image-34834\" srcset=\"https:\/\/losperiodistas.com.mx\/portal\/wp-content\/uploads\/2022\/08\/SN2UG7PM3BDJLEL4ZOWBWPLK4I-1024x576.jpg 1024w, https:\/\/losperiodistas.com.mx\/portal\/wp-content\/uploads\/2022\/08\/SN2UG7PM3BDJLEL4ZOWBWPLK4I-300x169.jpg 300w, https:\/\/losperiodistas.com.mx\/portal\/wp-content\/uploads\/2022\/08\/SN2UG7PM3BDJLEL4ZOWBWPLK4I-768x432.jpg 768w, https:\/\/losperiodistas.com.mx\/portal\/wp-content\/uploads\/2022\/08\/SN2UG7PM3BDJLEL4ZOWBWPLK4I.jpg 1440w\" sizes=\"(max-width: 1024px) 100vw, 1024px\" \/><figcaption>La versi\u00f3n dada por la Segob del sexenio anterior tiene muchas diferencias con la nueva informaci\u00f3n presentada por Alejandro Encinas (Fotoarte: Jes\u00fas Abraham \u00c1viles)<\/figcaption><\/figure>\n\n\n\n<p><\/p>\n\n\n\n<p class=\"has-vivid-cyan-blue-color has-text-color has-medium-font-size\">INFOBAE<\/p>\n\n\n\n<p>Alejandro Encinas, subsecretario de Derechos Humanos, dio a conocer&nbsp;<strong>los avances sobre la desaparici\u00f3n de los 43 normalistas&nbsp;<\/strong>del Colegio&nbsp;<em>Ra\u00fal Isidro Burgos<\/em>&nbsp;de Ayotzinapa en el estado de Guerrero. Este jueves 18 de agosto, el comisionado presidencial afirm\u00f3 que el caso fue un&nbsp;<strong>crimen de estado.<\/strong><\/p>\n\n\n\n<p>Adem\u00e1s de que Alejandro Encinos ley\u00f3 las conclusiones preliminares de la investigaci\u00f3n, se comparti\u00f3 el documento&nbsp;<a href=\"http:\/\/www.comisionayotzinapa.segob.gob.mx\/es\/Comision_para_la_Verdad\/Informe_Presidencia\"><em><strong>Informe de la Presidencia de la Comisi\u00f3n para la Verdad y Acceso a la Justicia del caso Ayotzinapa<\/strong><\/em>&nbsp;<\/a>por parte de la Secretar\u00eda de Gobernaci\u00f3n (Segob).<\/p>\n\n\n\n<p>Entre algunas de las conclusiones se afirm\u00f3 que hubo coalici\u00f3n entre integrantes del grupo delictivo&nbsp;<em>Guerreros Unidos<\/em>&nbsp;y agentes de diversas<a href=\"https:\/\/www.infobae.com\/america\/mexico\/2022\/08\/18\/caso-ayotzinapa-fue-un-crimen-de-estado-sostuvo-alejandro-encinas-a-ocho-anos-de-la-desaparicion-de-estudiantes\/\" target=\"_blank\" rel=\"noreferrer noopener\"><strong>&nbsp;instituciones del Estado mexicano<\/strong><\/a><strong>,&nbsp;<\/strong>como autoridades federales, estatales y municipales.<\/p>\n\n\n\n<p>\u201cLa creaci\u00f3n de la \u2018verdad hist\u00f3rica\u2019 fue una acci\u00f3n concertada del aparato organizado del poder desde el m\u00e1s alto nivel del gobierno, que ocult\u00f3 la verdad de los hechos, alter\u00f3 las&nbsp;<strong>escenas del crimen<\/strong>, ocult\u00f3 los v\u00ednculos de autoridades con el<strong>&nbsp;grupo delictivo<\/strong>&nbsp;y la participaci\u00f3n de&nbsp;<strong>agentes de Estado<\/strong>,&nbsp;<strong>fuerzas de seguridad y autoridades responsables<\/strong>&nbsp;de la procuraci\u00f3n de justicia en la desaparici\u00f3n de los estudiantes. En resumen se trat\u00f3 de un crimen de estado\u201d, afirm\u00f3.<\/p>\n\n\n\n<p>En ese sentido, Encinas neg\u00f3 la veracidad de la llamada \u201cVerdad hist\u00f3rica\u201d, la cual se\u00f1al\u00f3 que los estudiantes de la Normal de Ayotzinapa fueron privados de la libertad por&nbsp;<strong>integrantes del grupo criminal&nbsp;<\/strong><em><strong>Guerreros Unidos<\/strong><\/em>, porque supuestamente pertenec\u00edan a&nbsp;<em>Los Rojos<\/em>, grupo contrario.<img decoding=\"async\" alt=\"Alejandro Encinas, subsecretario de Derechos Humanos afirm\u00f3 que la &quot;Verdad hist\u00f3rica&quot; siempre fue una mentira (REUTERS\/Henry Romero)\" height=\"2106\" width=\"3159\" class=\"\" src=\"https:\/\/cloudfront-us-east-1.images.arcpublishing.com\/infobae\/2N4JDJX3CUQKTUYTD3GJTJYGVE.jpg\" srcset=\"https:\/\/www.infobae.com\/new-resizer\/s6iCPe7S71dKC_Ee9LrT0AxjFB0=\/420x280\/filters:format(webp):quality(85)\/cloudfront-us-east-1.images.arcpublishing.com\/infobae\/2N4JDJX3CUQKTUYTD3GJTJYGVE.jpg 420w,https:\/\/www.infobae.com\/new-resizer\/A-fKtaP9uf66MxlOIVeo9xvkk1A=\/768x512\/filters:format(webp):quality(85)\/cloudfront-us-east-1.images.arcpublishing.com\/infobae\/2N4JDJX3CUQKTUYTD3GJTJYGVE.jpg 768w,https:\/\/www.infobae.com\/new-resizer\/Qr7-DOQUIVlP5fOu57FekdarvaM=\/992x661\/filters:format(webp):quality(85)\/cloudfront-us-east-1.images.arcpublishing.com\/infobae\/2N4JDJX3CUQKTUYTD3GJTJYGVE.jpg 992w,https:\/\/www.infobae.com\/new-resizer\/H_M9IsBSP9EVP1FbmuWCefCSfxI=\/1200x800\/filters:format(webp):quality(85)\/cloudfront-us-east-1.images.arcpublishing.com\/infobae\/2N4JDJX3CUQKTUYTD3GJTJYGVE.jpg 1200w,https:\/\/www.infobae.com\/new-resizer\/Jt4VIfo90ggIzloZUaooIFwj2KU=\/1440x960\/filters:format(webp):quality(85)\/cloudfront-us-east-1.images.arcpublishing.com\/infobae\/2N4JDJX3CUQKTUYTD3GJTJYGVE.jpg 1440w\">Alejandro Encinas, subsecretario de Derechos Humanos afirm\u00f3 que la \u00abVerdad hist\u00f3rica\u00bb siempre fue una mentira (REUTERS\/Henry Romero)<\/p>\n\n\n\n<p>Esta \u201cVerdad hist\u00f3rica\u201d fue planteada el 27 de enero de 2015 por el entonces procurador General de la Rep\u00fablica,<a href=\"https:\/\/www.infobae.com\/america\/mexico\/2020\/06\/30\/quien-es-jesus-murillo-karam-cercan-al-autor-de-la-verdad-historica-de-ayotzinapa\/\" target=\"_blank\" rel=\"noreferrer noopener\"><strong>Jes\u00fas Murillo Karam.<\/strong><\/a>&nbsp;En conferencia de prensa dio a conocer el informe sobre los \u00faltimos avances del caso; se refiri\u00f3 a las conclusiones del caso como la verdad hist\u00f3rica, sustentada en una investigaci\u00f3n \u201cexhaustiva, profunda y seria\u201d, con resultados cient\u00edficos. Por este hecho, renunci\u00f3 a su cargo en febrero del mismo a\u00f1o.<\/p>\n\n\n\n<p>De igual manera plante\u00f3 que los 43 estudiantes<strong>&nbsp;fueron quemados en el basurero de Cocula.<\/strong>&nbsp;\u00c9sta versi\u00f3n se sustent\u00f3 en la informaci\u00f3n obtenida \u201cespont\u00e1neamente\u201d de una llamada telef\u00f3nica de una mujer quien proporcion\u00f3 datos de \u201cEl Chereje\u201d y \u201cEl Pato\u201d, posteriormente tambi\u00e9n por interrogatorios realizados mediante tortura.<\/p>\n\n\n\n<p>En el nuevo informe se afirm\u00f3 que esta versi\u00f3n&nbsp;<strong>se gener\u00f3 a conveniencia&nbsp;<\/strong>con la finalidad del cierre de las investigaciones y por tanto dar una resoluci\u00f3n sobre el caso, mediante \u201clegitimar socialmente la verdad de los hechos\u201d.<\/p>\n\n\n\n<h2 class=\"wp-block-heading\">Cu\u00e1les son las diferencias entre \u201cla verdad hist\u00f3rica\u201d y la informaci\u00f3n actual<\/h2>\n\n\n\n<p>1. Se se\u00f1al\u00f3 que los estudiantes buscaban&nbsp;<strong>boicotear el informe<\/strong>&nbsp;de labores de Mar\u00eda de los \u00c1ngeles Pineda Villa, la entonces presidenta del DIF y esposa de Jos\u00e9 Luis Abarca Vel\u00e1zquez. Sin embargo, se indic\u00f3 que en realidad los estudiantes iban a tomar autobuses para trasladarse a la Ciudad de M\u00e9xico para conmemorar el 2 de octubre de 2014.<\/p>\n\n\n\n<p>2. La \u201cVerdad hist\u00f3rica\u201d determin\u00f3 que los alumnos detenidos por la polic\u00eda de Iguala fueron llevados a la comandancia de la entidad. Sin embargo, con la informaci\u00f3n presentada este jueves 18 de agosto, se afirm\u00f3 que los estudiantes asegurados por la polic\u00eda municipal de Iguala en Juan N. \u00c1lvarez, fueron los que iban a bordo del autob\u00fas 1568 y fueron trasladados a su comandancia.<\/p>\n\n\n\n<p>Asimismo, en el aseguramiento de los estudiantes del puente frente al Palacio de Justicia, del autob\u00fas 1531,&nbsp;<strong>participaron las polic\u00edas municipales de Iguala y Huitzuco.<\/strong>&nbsp;\u201cEn un inicio la intenci\u00f3n era solamente darles una \u2018chinga\u2019 a los estudiantes porque \u2018A1\u2032, es decir, un jefe de plaza que no se quiere identificar, no buscaba disturbios, adem\u00e1s de recuperar el material, el cual aparentemente ven\u00eda en uno de los autobuses\u201d, se lee en el informe.<\/p>\n\n\n\n<p>3. En la primera versi\u00f3n se dedujo que los alumnos fueron sustra\u00eddos de la Comandancia de Iguala por elementos de polic\u00edas municipales de Iguala y Cocula y entregados en Loma de Coyotes a&nbsp;<strong>miembros de&nbsp;<\/strong><em><strong>Guerreros Unidos<\/strong><\/em>. Mientras que en la informaci\u00f3n presentada este jueves se aclar\u00f3 que fueron los alumnos del cami\u00f3n 1568.<\/p>\n\n\n\n<p>La \u201cverdad hist\u00f3rica\u201d indic\u00f3 que la primera entrega const\u00f3 de cuatro personas, una de las cuales estaba muerta y fueron transportadas en una camioneta estaquitas. M\u00e1s tarde se realiz\u00f3 una segunda entrega de 35 a 40 personas las cuales fueron transportados en una camioneta de tres y medias toneladas propiedad de \u201cEl Gil\u201d.<\/p>\n\n\n\n<p>Por el contrario, la Segob indic\u00f3 que los alumnos del cami\u00f3n 1531 fueron asegurados por la polic\u00eda de Iguala y fueron llevados a Loma de Coyotes, mientras que los asegurados por la polic\u00eda de Huitzuco fueron llevados a esa entidad.<\/p>\n\n\n\n<p>Una testigo protegida mencion\u00f3 que se le solicit\u00f3 tomar fotograf\u00edas a todos los estudiantes ya que se cre\u00eda que entre ellos ven\u00edan personas de<em>&nbsp;Los Rojos.&nbsp;<\/em>De todos los estudiantes solo tres de ellos fueron de inter\u00e9s para sus superiores, entre los cuales estaban \u201cEl Cochiloco\u201d y \u201cEl Chilango\u201d.<img decoding=\"async\" alt=\"Hay muchas diferencias entre la &quot;verdad hist\u00f3rica&quot; y la informaci\u00f3n actualizada (Foto: Twitter\/@GlorietaMx)\" height=\"1080\" width=\"1920\" class=\"\" src=\"https:\/\/cloudfront-us-east-1.images.arcpublishing.com\/infobae\/RQL73XMPDRFOVL6PCEAGIAAXW4.jpg\" srcset=\"https:\/\/www.infobae.com\/new-resizer\/K4CMD6Ltfd0X9CHaTNwgJdqbgDI=\/420x236\/filters:format(webp):quality(85)\/cloudfront-us-east-1.images.arcpublishing.com\/infobae\/RQL73XMPDRFOVL6PCEAGIAAXW4.jpg 420w,https:\/\/www.infobae.com\/new-resizer\/NtSiMn5TKIBHDtst03GcuJFotu4=\/768x432\/filters:format(webp):quality(85)\/cloudfront-us-east-1.images.arcpublishing.com\/infobae\/RQL73XMPDRFOVL6PCEAGIAAXW4.jpg 768w,https:\/\/www.infobae.com\/new-resizer\/536GOc1Q1xbbRrm1fhqYsfa5m2A=\/992x558\/filters:format(webp):quality(85)\/cloudfront-us-east-1.images.arcpublishing.com\/infobae\/RQL73XMPDRFOVL6PCEAGIAAXW4.jpg 992w,https:\/\/www.infobae.com\/new-resizer\/L-qlwfU5Cm0uGcwwqJU8RN4FlQM=\/1200x675\/filters:format(webp):quality(85)\/cloudfront-us-east-1.images.arcpublishing.com\/infobae\/RQL73XMPDRFOVL6PCEAGIAAXW4.jpg 1200w,https:\/\/www.infobae.com\/new-resizer\/r9MyNjgjr4XRKt9mYN6MoKyVDxU=\/1440x810\/filters:format(webp):quality(85)\/cloudfront-us-east-1.images.arcpublishing.com\/infobae\/RQL73XMPDRFOVL6PCEAGIAAXW4.jpg 1440w\">Hay muchas diferencias entre la \u00abverdad hist\u00f3rica\u00bb y la informaci\u00f3n actualizada (Foto: Twitter\/@GlorietaMx)<\/p>\n\n\n\n<p>4. De acuerdo con Murillo Karam, la desaparici\u00f3n de los estudiantes se realiz\u00f3 por instrucciones que \u201cEl Gil\u201d transmiti\u00f3 al \u201cCepillo\u201d a trav\u00e9s de \u201cFercho\u201d, encargado de los sicarios de Guerreros Unidos en Cocula.<\/p>\n\n\n\n<p>Sin embargo, \u00e9sto contrasta con la informaci\u00f3n actual en donde se inform\u00f3 que \u201cA1\u2033 dio la orden de recuperar la mercanc\u00eda: \u201cMe ch*ngan a todos a discreci\u00f3n\u201d.<strong>&nbsp;\u201cA1\u2033 orden\u00f3 la desaparici\u00f3n de todos los estudiantes porque no saben \u201cquien es quien\u201d<\/strong>&nbsp;y se est\u00e1 calentando la plaza demasiado: \u201cM\u00e1talos a todos, Iguala es m\u00edo\u201d.<\/p>\n\n\n\n<p>5. La \u201cverdad hist\u00f3rica\u201d afirm\u00f3 que los integrantes de&nbsp;<em>Guerreros Unidos<\/em>&nbsp;los incineraron en le basurero de Colula, por tratarse de supuestos miembros del grupo contrario llamado Los Rojos. Las instrucciones originales eran de quemar a los estudiantes, pero al ser muchos decidieron repartirlos por lo que \u201cEl Chuky\u201d les meti\u00f3 \u201cmachete\u201d y&nbsp;<strong>los metieron en bolsas para que cada grupo se deshiciera de ellos como quisiera.<\/strong><\/p>\n\n\n\n<p>Hasta el momento se desconoce el m\u00e9todo de ejecuci\u00f3n del grupo de estudiantes que fue llevado a Huitzuco. En ese sentido, se identific\u00f3 al sicario Eduardo N, alias \u201cEl Chuky\u201d como el que mat\u00f3 y tortur\u00f3 al estudiante Julio Cesar Mondrag\u00f3n \u201cEl Chilango\u201d, incluso sin tener instrucciones de sus superiores, se escribi\u00f3 en el informe.<\/p>\n\n\n\n<p>Los operadores de la desaparici\u00f3n de los estudiantes fueron: \u201cEl Gil\u201d; \u201cEl Negro\u201d; \u201cEl Tito\u201d; \u201cEl Chino\u201d; \u201cEl Pato\u201d Landa y su gente; \u201cEl Cholo\u201d; \u201cEl Chango\u201d; \u201cLa gorda\u201d; \u201cEl Duval\u00edn o \u201cDuva\u201d; \u201cEl Tony\u201d; \u201cEl pollo\u201d; \u201cEl Cuca\u201d; \u201cEl Feo\u201d; \u201cEl Wasako\u201d; \u201cMemo\u201d (primo de \u201cEl Chino\u201d); \u201cEl Moreno\u201d (cocinero de Guerreros Unidos) y \u201cH1\u2033 mando policial de Huitzuco.<\/p>\n\n\n\n<p>6. Uno de los temas m\u00e1s pol\u00e9micos fue que los restos hechos cenizas&nbsp;<strong>fueron colocados en bolsas negras que arrojaron al r\u00edo San Juan.&nbsp;<\/strong>Pero el nuevo informe asegur\u00f3 que el d\u00eda de los hechos seis estudiantes se encontraban vivos y estaban retenidos en La bodega vieja. El 30 de septiembre \u201cEl Coronel\u201d coment\u00f3 que ellos se encargar\u00edan de limpiar todo y que ya se hab\u00edan encargado de los seis estudiantes que quedaban vivos.<img loading=\"lazy\" decoding=\"async\" alt=\"Los 43 estudiantes fueron se\u00f1alados de pertenecer al grupo de Los Rojos (REUTERS\/Edgard Garrido\/File Photo)\" height=\"3360\" width=\"5040\" class=\"\" src=\"https:\/\/cloudfront-us-east-1.images.arcpublishing.com\/infobae\/GVOCXU4YNJG4NBSEJLJ75K2RVM.jpg\" srcset=\"https:\/\/www.infobae.com\/new-resizer\/V9VCSXDakncl1qRZ-GIpC7DcUH4=\/420x280\/filters:format(webp):quality(85)\/cloudfront-us-east-1.images.arcpublishing.com\/infobae\/GVOCXU4YNJG4NBSEJLJ75K2RVM.jpg 420w,https:\/\/www.infobae.com\/new-resizer\/jnPrTx2DeYMDMfmREefOmvIBetg=\/768x512\/filters:format(webp):quality(85)\/cloudfront-us-east-1.images.arcpublishing.com\/infobae\/GVOCXU4YNJG4NBSEJLJ75K2RVM.jpg 768w,https:\/\/www.infobae.com\/new-resizer\/4yP2rYuCi-gewv5NCkPTWC-wbAo=\/992x661\/filters:format(webp):quality(85)\/cloudfront-us-east-1.images.arcpublishing.com\/infobae\/GVOCXU4YNJG4NBSEJLJ75K2RVM.jpg 992w,https:\/\/www.infobae.com\/new-resizer\/h4hAxpqLBxsVgmV_cW0eaZ1SPOc=\/1200x800\/filters:format(webp):quality(85)\/cloudfront-us-east-1.images.arcpublishing.com\/infobae\/GVOCXU4YNJG4NBSEJLJ75K2RVM.jpg 1200w,https:\/\/www.infobae.com\/new-resizer\/qsSOJEweEP-68Cn0vfUZI8Zj-fM=\/1440x960\/filters:format(webp):quality(85)\/cloudfront-us-east-1.images.arcpublishing.com\/infobae\/GVOCXU4YNJG4NBSEJLJ75K2RVM.jpg 1440w\">Los 43 estudiantes fueron se\u00f1alados de pertenecer al grupo de Los Rojos (REUTERS\/Edgard Garrido\/File Photo)<\/p>\n\n\n\n<p>Respecto al \u00faltimo punto, la informaci\u00f3n actual asegur\u00f3 que los restos fueron movidos a un segundo destino. Respecto a la primera ubicaci\u00f3n se conoce que:<\/p>\n\n\n\n<p>-\u201cEl Chino\u201d arroj\u00f3 sus \u201cpaquetes\u201d al r\u00edo Balsas<\/p>\n\n\n\n<p>-\u201cLa Gorda\u201d los llev\u00f3 al pozo de Pueblo Viejo con el apoyo de \u201cEl Cuca\u201d y \u201cEl Feo\u201d<\/p>\n\n\n\n<p>-A \u201cEl Moreno\u201d se le pidi\u00f3 que cocinara a 10 estudiantes, pero por falta de material solo cocin\u00f3 a cinco, el resto se los mand\u00f3 a \u201cEl Chuky\u201d<\/p>\n\n\n\n<p>&#8211; Otros estudiantes fueron desplazados a la casa de Huitzuco; a\u00fan se desconoce qui\u00e9n realiz\u00f3 el movimiento<\/p>\n\n\n\n<p>-\u201dEl Chino\u201d coment\u00f3 que hasta en \u201cla mina de los patrones\u201d aventaron gente<\/p>\n\n\n\n<p>En el informe se destac\u00f3: \u201cEn d\u00edas posteriores hubo una reuni\u00f3n con Albarca y los \u2018asesores de M\u00e9xico\u2019 para que ellos pudieran limpiar\u201d. Adem\u00e1s se asegur\u00f3 que s<strong>ecuestraron a un ingeniero de Chilpancingo para que desterrara los cuerpos y se los llevaron al segundo destino en<\/strong>: 27 Batall\u00f3n, al rancho del Cura, Lomas de Coyote y La Mina.<\/p>\n\n\n\n<p>Por \u00faltimo, se reiter\u00f3 que con la \u201cverdad hist\u00f3rica\u201d construy\u00f3 una narrativa que<strong>\u00a0forz\u00f3 y manipul\u00f3 el sistema de procuraci\u00f3n de justicia<\/strong>\u00a0con el fin de evitar una investigaci\u00f3n profunda que permitiera conocer la verdad de los hechos.<\/p>\n\n\n\n<p>Fuente: https:\/\/www.infobae.com\/america\/mexico\/2022\/08\/18\/caso-ayotzinapa-cuales-son-las-diferencias-entre-la-verdad-historica-y-la-informacion-de-alejandro-encinas\/<\/p>\n","protected":false},"excerpt":{"rendered":"<p>La primera versi\u00f3n indic\u00f3 que los estudiantes se encontraban juntos y fueron quemados; sin embargo, se dio a conocer que [&hellip;]<\/p>\n","protected":false},"author":1,"featured_media":34834,"comment_status":"open","ping_status":"open","sticky":false,"template":"","format":"standard","meta":{"site-sidebar-layout":"default","site-content-layout":"","ast-site-content-layout":"default","site-content-style":"default","site-sidebar-style":"default","ast-global-header-display":"","ast-banner-title-visibility":"","ast-main-header-display":"","ast-hfb-above-header-display":"","ast-hfb-below-header-display":"","ast-hfb-mobile-header-display":"","site-post-title":"","ast-breadcrumbs-content":"","ast-featured-img":"","footer-sml-layout":"","theme-transparent-header-meta":"","adv-header-id-meta":"","stick-header-meta":"","header-above-stick-meta":"","header-main-stick-meta":"","header-below-stick-meta":"","astra-migrate-meta-layouts":"default","ast-page-background-enabled":"default","ast-page-background-meta":{"desktop":{"background-color":"var(--ast-global-color-4)","background-image":"","background-repeat":"repeat","background-position":"center center","background-size":"auto","background-attachment":"scroll","background-type":"","background-media":"","overlay-type":"","overlay-color":"","overlay-opacity":"","overlay-gradient":""},"tablet":{"background-color":"","background-image":"","background-repeat":"repeat","background-position":"center center","background-size":"auto","background-attachment":"scroll","background-type":"","background-media":"","overlay-type":"","overlay-color":"","overlay-opacity":"","overlay-gradient":""},"mobile":{"background-color":"","background-image":"","background-repeat":"repeat","background-position":"center center","background-size":"auto","background-attachment":"scroll","background-type":"","background-media":"","overlay-type":"","overlay-color":"","overlay-opacity":"","overlay-gradient":""}},"ast-content-background-meta":{"desktop":{"background-color":"var(--ast-global-color-5)","background-image":"","background-repeat":"repeat","background-position":"center center","background-size":"auto","background-attachment":"scroll","background-type":"","background-media":"","overlay-type":"","overlay-color":"","overlay-opacity":"","overlay-gradient":""},"tablet":{"background-color":"var(--ast-global-color-5)","background-image":"","background-repeat":"repeat","background-position":"center center","background-size":"auto","background-attachment":"scroll","background-type":"","background-media":"","overlay-type":"","overlay-color":"","overlay-opacity":"","overlay-gradient":""},"mobile":{"background-color":"var(--ast-global-color-5)","background-image":"","background-repeat":"repeat","background-position":"center center","background-size":"auto","background-attachment":"scroll","background-type":"","background-media":"","overlay-type":"","overlay-color":"","overlay-opacity":"","overlay-gradient":""}},"footnotes":""},"categories":[8],"tags":[2112,12067,1667,1669],"class_list":["post-34833","post","type-post","status-publish","format-standard","has-post-thumbnail","hentry","category-noticias","tag-43-normalistas","tag-alejandro-encinas","tag-caso-ayotzinapa","tag-guerreros-unidos"],"_links":{"self":[{"href":"https:\/\/losperiodistas.com.mx\/portal\/wp-json\/wp\/v2\/posts\/34833","targetHints":{"allow":["GET"]}}],"collection":[{"href":"https:\/\/losperiodistas.com.mx\/portal\/wp-json\/wp\/v2\/posts"}],"about":[{"href":"https:\/\/losperiodistas.com.mx\/portal\/wp-json\/wp\/v2\/types\/post"}],"author":[{"embeddable":true,"href":"https:\/\/losperiodistas.com.mx\/portal\/wp-json\/wp\/v2\/users\/1"}],"replies":[{"embeddable":true,"href":"https:\/\/losperiodistas.com.mx\/portal\/wp-json\/wp\/v2\/comments?post=34833"}],"version-history":[{"count":1,"href":"https:\/\/losperiodistas.com.mx\/portal\/wp-json\/wp\/v2\/posts\/34833\/revisions"}],"predecessor-version":[{"id":34837,"href":"https:\/\/losperiodistas.com.mx\/portal\/wp-json\/wp\/v2\/posts\/34833\/revisions\/34837"}],"wp:featuredmedia":[{"embeddable":true,"href":"https:\/\/losperiodistas.com.mx\/portal\/wp-json\/wp\/v2\/media\/34834"}],"wp:attachment":[{"href":"https:\/\/losperiodistas.com.mx\/portal\/wp-json\/wp\/v2\/media?parent=34833"}],"wp:term":[{"taxonomy":"category","embeddable":true,"href":"https:\/\/losperiodistas.com.mx\/portal\/wp-json\/wp\/v2\/categories?post=34833"},{"taxonomy":"post_tag","embeddable":true,"href":"https:\/\/losperiodistas.com.mx\/portal\/wp-json\/wp\/v2\/tags?post=34833"}],"curies":[{"name":"wp","href":"https:\/\/api.w.org\/{rel}","templated":true}]}}