{"id":34823,"date":"2022-08-18T11:17:47","date_gmt":"2022-08-18T16:17:47","guid":{"rendered":"http:\/\/losperiodistas.com.mx\/portal\/?p=34823"},"modified":"2022-08-18T11:17:48","modified_gmt":"2022-08-18T16:17:48","slug":"violar-la-constitucion","status":"publish","type":"post","link":"https:\/\/losperiodistas.com.mx\/portal\/violar-la-constitucion\/","title":{"rendered":"Violar la constituci\u00f3n"},"content":{"rendered":"\n<p class=\"has-vivid-cyan-blue-color has-text-color\" style=\"font-size:26px\"><strong><em>Por Humberto Aguilar Coronado*<\/em><\/strong><\/p>\n\n\n\n<p>Una de las m\u00e1s graves debilidades del Estado mexicano a lo largo de la historia ha sido nuestro enorme d\u00e9ficit en la efectividad del Estado de Derecho.<\/p>\n\n\n\n<p>En todos los \u00e1mbitos de la vida p\u00fablica, las leyes han sido puestas de lado, saltadas o simplemente ignoradas cuando se trata de alcanzar beneficios u objetivos de inter\u00e9s.<\/p>\n\n\n\n<p>En ese M\u00e9xico, d\u00e9bil desde el punto de vista de sus instituciones jur\u00eddicas, los ganadores del sistema han sido siempre los grupos sociales m\u00e1s favorecidos.<\/p>\n\n\n\n<p>En la tradici\u00f3n mexicana, la ley ha sido un obst\u00e1culo que debe ser vencido. Y siempre, en todos los casos, el m\u00e1s h\u00e1bil para vencer el obst\u00e1culo, adquir\u00eda una validaci\u00f3n social que hac\u00eda que los dem\u00e1s quisieran imitarlo.<\/p>\n\n\n\n<p>As\u00ed las cosas, con profunda verg\u00fcenza debemos reconocer que uno de los aspectos m\u00e1s visibles del car\u00e1cter mexicano es la habilidad para saltar la ley y conseguir los objetivos ego\u00edstas y personales de cada uno.<\/p>\n\n\n\n<p>Es justo reconocer que, a lo largo de los a\u00f1os, la sociedad mexicana, poco a poco, empez\u00f3 a rechazar el sistema ilegal prevaleciente en M\u00e9xico, pero lleg\u00f3 a la presidencia quien hab\u00eda anunciado que iba a mandar al diablo las instituciones.<\/p>\n\n\n\n<p>L\u00f3pez Obrador ha sido se\u00f1alado muchas veces como un nost\u00e1lgico del pasado. Tal vez ninguna de sus actitudes pueda ser m\u00e1s evidente en ese sentido que su desprecio por la ley. Es un presidente dispuesto a torcer la ley, a saltarse la ley y a violar la ley, con tal de conseguir sus objetivos.<\/p>\n\n\n\n<p>En los \u00faltimos d\u00edas L\u00f3pez Obrador ha dado el definitivo salto al vac\u00edo en el respeto a la Ley. El tema de la Guardia Nacional, es extremadamente relevante porque, a diferencia del tema el\u00e9ctrico en el que no logr\u00f3 la reforma constitucional que necesitaba, en relaci\u00f3n a la Guardia Nacional el presidente obtuvo hace algunos a\u00f1os, la reforma constitucional que le solicit\u00f3 al Constituyente Permanente.<\/p>\n\n\n\n<p>Despu\u00e9s de un intenso debate en las C\u00e1maras del Congreso de la Uni\u00f3n, se alcanz\u00f3 un acuerdo en virtud del cual, gracias a un Transitorio, el Ejecutivo pod\u00eda hacer uso de las fuerzas armadas en tareas de seguridad p\u00fablica por un periodo de cinco a\u00f1os para tener el tiempo necesario para alcanzar la consolidaci\u00f3n del nuevo cuerpo de seguridad.<\/p>\n\n\n\n<p>El presidente y su partido celebraron el gran \u00e9xito pol\u00edtico del nacimiento de la nueva fuerza, pero, en lugar de cumplir con la ley y dedicarse a consolidar la polic\u00eda civil que debe ser la Guardia Nacional, han empleado el tiempo de su gesti\u00f3n para militarizarla al grado de que hoy se presenta la nueva maniobra presidencial como un reconocimiento de lo que ya ocurre en los hechos.<\/p>\n\n\n\n<p>As\u00ed, L\u00f3pez Obrador anuncia que violar\u00e1 la Constituci\u00f3n con plena conciencia de que la est\u00e1 violando. Nos informa que la viola sin pudor porque le asiste la raz\u00f3n y se burla de quienes lo criticamos porque la medida puede ser revertida por el Poder Judicial.<\/p>\n\n\n\n<p>En estas condiciones, ni siquiera se viola la Constituci\u00f3n para lograr que la Guardia Nacional sea eficiente en el combate a la inseguridad porque, como reconoce el presidente, en los hechos nada cambiar\u00e1. Esta violaci\u00f3n es s\u00f3lo porque puede.<\/p>\n\n\n\n<p>*Es Diputado Federal del PAN por el distrito 10 de Puebla<\/p>\n","protected":false},"excerpt":{"rendered":"<p>Por Humberto Aguilar Coronado* Una de las m\u00e1s graves debilidades del Estado mexicano a lo largo de la historia ha [&hellip;]<\/p>\n","protected":false},"author":1,"featured_media":34824,"comment_status":"open","ping_status":"open","sticky":false,"template":"","format":"standard","meta":{"site-sidebar-layout":"default","site-content-layout":"","ast-site-content-layout":"default","site-content-style":"default","site-sidebar-style":"default","ast-global-header-display":"","ast-banner-title-visibility":"","ast-main-header-display":"","ast-hfb-above-header-display":"","ast-hfb-below-header-display":"","ast-hfb-mobile-header-display":"","site-post-title":"","ast-breadcrumbs-content":"","ast-featured-img":"","footer-sml-layout":"","theme-transparent-header-meta":"","adv-header-id-meta":"","stick-header-meta":"","header-above-stick-meta":"","header-main-stick-meta":"","header-below-stick-meta":"","astra-migrate-meta-layouts":"default","ast-page-background-enabled":"default","ast-page-background-meta":{"desktop":{"background-color":"var(--ast-global-color-4)","background-image":"","background-repeat":"repeat","background-position":"center center","background-size":"auto","background-attachment":"scroll","background-type":"","background-media":"","overlay-type":"","overlay-color":"","overlay-opacity":"","overlay-gradient":""},"tablet":{"background-color":"","background-image":"","background-repeat":"repeat","background-position":"center center","background-size":"auto","background-attachment":"scroll","background-type":"","background-media":"","overlay-type":"","overlay-color":"","overlay-opacity":"","overlay-gradient":""},"mobile":{"background-color":"","background-image":"","background-repeat":"repeat","background-position":"center center","background-size":"auto","background-attachment":"scroll","background-type":"","background-media":"","overlay-type":"","overlay-color":"","overlay-opacity":"","overlay-gradient":""}},"ast-content-background-meta":{"desktop":{"background-color":"var(--ast-global-color-5)","background-image":"","background-repeat":"repeat","background-position":"center center","background-size":"auto","background-attachment":"scroll","background-type":"","background-media":"","overlay-type":"","overlay-color":"","overlay-opacity":"","overlay-gradient":""},"tablet":{"background-color":"var(--ast-global-color-5)","background-image":"","background-repeat":"repeat","background-position":"center center","background-size":"auto","background-attachment":"scroll","background-type":"","background-media":"","overlay-type":"","overlay-color":"","overlay-opacity":"","overlay-gradient":""},"mobile":{"background-color":"var(--ast-global-color-5)","background-image":"","background-repeat":"repeat","background-position":"center center","background-size":"auto","background-attachment":"scroll","background-type":"","background-media":"","overlay-type":"","overlay-color":"","overlay-opacity":"","overlay-gradient":""}},"footnotes":""},"categories":[8,18],"tags":[199,3723],"class_list":["post-34823","post","type-post","status-publish","format-standard","has-post-thumbnail","hentry","category-noticias","category-palabra-de-tigre","tag-amlo","tag-estado-de-derecho"],"_links":{"self":[{"href":"https:\/\/losperiodistas.com.mx\/portal\/wp-json\/wp\/v2\/posts\/34823","targetHints":{"allow":["GET"]}}],"collection":[{"href":"https:\/\/losperiodistas.com.mx\/portal\/wp-json\/wp\/v2\/posts"}],"about":[{"href":"https:\/\/losperiodistas.com.mx\/portal\/wp-json\/wp\/v2\/types\/post"}],"author":[{"embeddable":true,"href":"https:\/\/losperiodistas.com.mx\/portal\/wp-json\/wp\/v2\/users\/1"}],"replies":[{"embeddable":true,"href":"https:\/\/losperiodistas.com.mx\/portal\/wp-json\/wp\/v2\/comments?post=34823"}],"version-history":[{"count":1,"href":"https:\/\/losperiodistas.com.mx\/portal\/wp-json\/wp\/v2\/posts\/34823\/revisions"}],"predecessor-version":[{"id":34825,"href":"https:\/\/losperiodistas.com.mx\/portal\/wp-json\/wp\/v2\/posts\/34823\/revisions\/34825"}],"wp:featuredmedia":[{"embeddable":true,"href":"https:\/\/losperiodistas.com.mx\/portal\/wp-json\/wp\/v2\/media\/34824"}],"wp:attachment":[{"href":"https:\/\/losperiodistas.com.mx\/portal\/wp-json\/wp\/v2\/media?parent=34823"}],"wp:term":[{"taxonomy":"category","embeddable":true,"href":"https:\/\/losperiodistas.com.mx\/portal\/wp-json\/wp\/v2\/categories?post=34823"},{"taxonomy":"post_tag","embeddable":true,"href":"https:\/\/losperiodistas.com.mx\/portal\/wp-json\/wp\/v2\/tags?post=34823"}],"curies":[{"name":"wp","href":"https:\/\/api.w.org\/{rel}","templated":true}]}}