{"id":34807,"date":"2022-08-18T09:52:33","date_gmt":"2022-08-18T14:52:33","guid":{"rendered":"http:\/\/losperiodistas.com.mx\/portal\/?p=34807"},"modified":"2022-08-18T09:52:35","modified_gmt":"2022-08-18T14:52:35","slug":"cuenta-atras-para-la-casa-del-dragon-todas-las-claves-de-la-esperada-precuela-de-juego-de-tronos-papel","status":"publish","type":"post","link":"https:\/\/losperiodistas.com.mx\/portal\/cuenta-atras-para-la-casa-del-dragon-todas-las-claves-de-la-esperada-precuela-de-juego-de-tronos-papel\/","title":{"rendered":"Cuenta atr\u00e1s para La Casa del Drag\u00f3n: todas las claves de la esperada precuela de Juego de Tronos | Papel"},"content":{"rendered":"\n<p><strong>Asistimos a la presentaci\u00f3n de la nueva serie de HBO Max. &#8216;La Casa del Drag\u00f3n&#8217; recupera &#8216;Juego de tronos&#8217; 200 a\u00f1os antes y 33 millones de espectadores despu\u00e9s<\/strong><\/p>\n\n\n\n<p><\/p>\n\n\n\n<figure class=\"wp-block-image size-full is-style-default\"><img fetchpriority=\"high\" decoding=\"async\" width=\"746\" height=\"497\" src=\"https:\/\/losperiodistas.com.mx\/portal\/wp-content\/uploads\/2022\/08\/16606693768181.jpg\" alt=\"\" class=\"wp-image-34808\" srcset=\"https:\/\/losperiodistas.com.mx\/portal\/wp-content\/uploads\/2022\/08\/16606693768181.jpg 746w, https:\/\/losperiodistas.com.mx\/portal\/wp-content\/uploads\/2022\/08\/16606693768181-300x200.jpg 300w\" sizes=\"(max-width: 746px) 100vw, 746px\" \/><figcaption><strong>HBO<\/strong><\/figcaption><\/figure>\n\n\n\n<p><\/p>\n\n\n\n<p class=\"has-vivid-cyan-blue-color has-text-color has-medium-font-size\">ALBA D\u00cdAZ \/ Amsterdam \/ PAPEL<\/p>\n\n\n\n<p>Es temprano y la fachada del Hotel Sofitel Legend The Grand deslumbra con su perfecto estilo cl\u00e1sico holand\u00e9s. Los turistas esquivan a los ciclistas y algunos pocos madrugadores ya pasean en barco por los canales. El calor es sofocante y se vuelve inevitable pensar que los \u00fanicos que se encuentran a gusto con \u00e9l pertenecen a la&nbsp;<strong>familia Targaryen<\/strong>, que espera tras la puerta del edificio a la riada de periodistas procedentes de todas partes del continente. Es el d\u00eda de la premier europea de&nbsp;<em><strong>La Casa del Drag\u00f3n<\/strong><\/em>, la precuela de&nbsp;<em>Juego de Tronos<\/em>&nbsp;que se estrena el pr\u00f3ximo domingo (el lunes en Espa\u00f1a). La historia se sit\u00faa 200 a\u00f1os antes de la original y 33 millones de espectadores (esas fueron las cifras de la \u00faltima temporada) despu\u00e9s. En el ambiente se respira una mezcla de nervios, ganas y&#8230; unas cuantas preguntas.<\/p>\n\n\n\n<h2 class=\"wp-block-heading\"><strong>\u00bfQU\u00c9 EST\u00c1 EN JUEGO?<\/strong><\/h2>\n\n\n\n<p>La acogida del p\u00fablico podr\u00eda determinar nada menos que el futuro de la franquicia. Su \u00e9xito asegurar\u00eda a la plataforma que los espectadores est\u00e1n deseando m\u00e1s historias, lo que podr\u00eda dar lugar a muchas otras series ambientadas en Poniente. Adem\u00e1s de&nbsp;<em>La Casa del Drag\u00f3n<\/em>, HBO Max tiene al menos otros cinco proyectos en desarrollo. El \u00faltimo en confirmarse ha sido&nbsp;<em>Snow<\/em>, una serie centrada en Jon Snow, uno de los personajes m\u00e1s emblem\u00e1ticos de la adaptaci\u00f3n de<em>&nbsp;Canci\u00f3n de hielo y fuego<\/em>&nbsp;-la serie de siete libros de&nbsp;<strong>George R.R. Martin<\/strong>&#8211; y que tendr\u00e1 como protagonista de nuevo a Kit Harington.<\/p>\n\n\n\n<p>La importancia que tiene esta precuela se basa en la que ya tuvo&nbsp;<em>Juego de Tronos&nbsp;<\/em>para la plataforma despu\u00e9s del \u00e9xito de sus ocho temporadas en antena. Ahora la b\u00fasqueda de su sucesor por fin ha terminado.<em>&nbsp;La Casa del Drag\u00f3n<\/em>&nbsp;se postula como una de las apuestas m\u00e1s fuertes de HBO en los \u00faltimos a\u00f1os.<em>&nbsp;Juego de Tronos&nbsp;<\/em>cambi\u00f3 las bases del \u00e9xito de las series de g\u00e9nero fant\u00e1stico, no obstante, su \u00faltimo episodio -que adem\u00e1s dividi\u00f3 a la cr\u00edtica y a los espectadores- fue en 2019. Mucho ha llovido desde entonces. Si la primera temporada complet\u00f3&nbsp;<strong>9,3 millones de abonados<\/strong>, la progresi\u00f3n fue constante pasando por los 11,6 millones, los 14,4, los 19,1, los 20,2, los 25,7 y, por fin, los irresistibles 32,8.<\/p>\n\n\n\n<figure class=\"wp-block-image is-style-default\"><img decoding=\"async\" src=\"https:\/\/e00-elmundo.uecdn.es\/assets\/multimedia\/imagenes\/2022\/08\/16\/16606693875892.jpg\" alt=\"\"\/><\/figure>\n\n\n\n<h2 class=\"wp-block-heading\">\u00bfQU\u00c9 VEREMOS?<\/h2>\n\n\n\n<p>La Casa del Drag\u00f3n cuenta la historia de la dinast\u00eda Targaryen, la m\u00e1s poderosa en la historia de&nbsp;<em>Westeros<\/em>, en plena \u00e9poca de los dragones y algo m\u00e1s de dos siglos antes de la \u00e9poca en la que transcurre&nbsp;<em>Juego de Tronos<\/em>. La serie se centra en la historia de la Guerra Civil que lleg\u00f3 a ser conocida como La Danza de los Dragones porque vio a dos herederos del Rey Viserys I -aqu\u00ed interpretados por&nbsp;<strong>Emma D&#8217;Arcy y Matt Smith<\/strong>&#8211; enfrentarse por la corona.<\/p>\n\n\n\n<p>Algunos elementos interconectar\u00e1n la serie original con \u00e9sta. La m\u00fasica, algunas frases originales del libro y un mayor cuidado en cuanto a la verosimilitud. Fant\u00e1stica s\u00ed, pero con los pies en la tierra. Algo in\u00e9dito ser\u00e1 la aparici\u00f3n de hasta 17 dragones diferentes y combates \u00ab\u00e9picos\u00bb que&nbsp;<strong>Ryan Condal<\/strong>, uno de los directores, ha prometido que \u00abgustar\u00e1n much\u00edsimo\u00bb a los fans.<\/p>\n\n\n\n<p>Antes de seguir, rebobinemos un instante. Dos semanas antes de la premier europea tuvo lugar en San Diego la Comic-Con, la Convenci\u00f3n Internacional de C\u00f3mics. All\u00ed estuvieron Ryan Condal y George R.R. Martin. \u00ab\u00bfQu\u00e9 podemos esperar de la serie?\u00bb, les preguntaron. Y no titubearon:<strong>&nbsp;\u00abFuego, sangre y dragones\u00bb<\/strong>.<\/p>\n\n\n\n<p>El escritor tambi\u00e9n se refiri\u00f3 a los protagonistas del libro, y ahora de la serie, como \u00absus hijos dados en adopci\u00f3n\u00bb y, siendo uno de los poqu\u00edsimos privilegiados que ya han visto la serie, admiti\u00f3 que el resultado le ha parecido \u00abmuy incre\u00edble\u00bb. Spoiler de George R.R. Martin: \u00abEstoy muy feliz\u00bb.<\/p>\n\n\n\n<p>La regla general dice que si Martin est\u00e1 feliz, los espectadores tambi\u00e9n lo estar\u00e1n.<\/p>\n\n\n\n<figure class=\"wp-block-image is-style-default\"><img decoding=\"async\" src=\"https:\/\/e00-elmundo.uecdn.es\/assets\/multimedia\/imagenes\/2022\/08\/16\/16606693873611.jpg\" alt=\"\"\/><\/figure>\n\n\n\n<h2 class=\"wp-block-heading\">\u00bfCU\u00c1LES HAN SIDO LAS PRIMERAS POL\u00c9MICAS?<\/h2>\n\n\n\n<p>Viejas y nuevas cr\u00edticas se unir\u00e1n a lo largo de los diez episodios de la serie. George R.R. Martin, que ya ha visto los comentarios y ley\u00f3 los correos electr\u00f3nicos despu\u00e9s del \u00faltimo cap\u00edtulo de&nbsp;<em>Juego de Tronos<\/em>, ha \u00abaprendido la lecci\u00f3n\u00bb y se ha inmiscuido de lleno en la narrativa de la serie sobre el universo que \u00e9l mismo ha creado. En las primeras pol\u00e9micas a&nbsp;<em>La Casa del Drag\u00f3n<\/em>, algunas cuestiones se han dejado entrever de forma t\u00edmida y otras de forma impetuosa. Los creadores del show acarrean ahora nuevas responsabilidades.<\/p>\n\n\n\n<p>El tema de la&nbsp;<strong>misoginia.<\/strong>&nbsp;Un viejo conocido para los m\u00e1s cr\u00edticos con&nbsp;<em>Juego de Tronos<\/em>. Aqu\u00ed, tanto la productora ejecutiva Sara Hess como el director de la serie -el citado Ryan Condal junto a Miguel Sapochnik- declaran que lo que veremos (asaltos sexuales, vejaciones y otras formas de violencia contra la mujer) ser\u00e1 un retrato fidedigno de lo que Martin cuenta en su libro.<\/p>\n\n\n\n<p>Por su parte, Hess promete que&nbsp;<em>La Casa del Drag\u00f3n<\/em>&nbsp;no presentar\u00e1 violencia sexual expl\u00edcita y, en cambio, se centrar\u00e1 en \u00abla violencia contra las mujeres que es inherente a un sistema patriarcal\u00bb. Matt Smith ya ha dejado caer que \u00abhay demasiadas escenas de sexo\u00bb.<\/p>\n\n\n\n<figure class=\"wp-block-pullquote has-cyan-bluish-gray-background-color has-background\"><blockquote><p><strong><em>La violencia contra las mujeres que se ve en la serie es inherente a un sistema patriarcal <\/em><\/strong><\/p><p><strong><em>SARA HESS<\/em><\/strong><\/p><\/blockquote><\/figure>\n\n\n\n<p>Antes de los dragones, reyes y herederos de pelo color platino, George R.R. Martin se bas\u00f3 en un periodo temprano de la historia inglesa llamado&nbsp;<em>La Anarqu\u00eda<\/em>, donde Henry I deb\u00eda nombrar un sucesor. En este caso nombr\u00f3 a su \u00fanica hija, Matilda, quien fue apartada del trono por la corte tras morir su padre (en la serie, una de las frases m\u00e1s mencionadas ser\u00e1 aquella que dice: \u00abNinguna reina se ha sentado nunca en el Trono de Hierro\u00bb).<\/p>\n\n\n\n<p>El argumento de R.R. Martin para la misoginia imperante en la serie es que no cree que Westeros sea particularmente \u00abm\u00e1s anti-mujer o mis\u00f3gino que la vida real y en lo que denominamos historia\u00bb. Hess afirma que ha sido eso mismo en lo que se ha centrado para la producci\u00f3n de la serie.<\/p>\n\n\n\n<p>Sin embargo, no aplica la misma teor\u00eda para el personaje de Steve Toussaint quien, siendo&nbsp;<strong>el \u00fanico actor negro en la secuela<\/strong>, ya recibi\u00f3 comentarios racistas y de odio en las redes sociales cuando se dio a conocer que tendr\u00eda uno de los papeles m\u00e1s importantes en la historia de Poniente.<\/p>\n\n\n\n<p>Ante esto, Ryan Coldan responde: \u00abDesde un primer momento decidimos contar una verdad honesta sobre la dinast\u00eda Targaryen&#8230; La idea fue que el libro acompa\u00f1ara a la construcci\u00f3n de la serie\u00bb.<\/p>\n\n\n\n<p>Tambi\u00e9n han introducido algunos elementos para conectar con un p\u00fablico nuevo. Esta nueva entrega quiere ser m\u00e1s inclusiva que su predecesora. De ah\u00ed el fichaje de Steve Toussaint interpretando a Lord Corlys Velaryon, tambi\u00e9n conocido como&nbsp;<em><strong>The Sea Snake<\/strong><\/em>, uno de los hombres m\u00e1s ricos del universo de ficci\u00f3n.<\/p>\n\n\n\n<p>Condal sostiene que tanto para \u00e9l como para HBO Max fue importante darse cuenta de que el show estaba siendo creado en un mundo cultural diferente de lo que fue hace diez a\u00f1os; despu\u00e9s del \u00faltimo cap\u00edtulo de&nbsp;<em>Juego de Tronos<\/em>: \u00abLas reglas han cambiado\u00bb.<\/p>\n\n\n\n<p>Las explosi\u00f3n de las plataformas de&nbsp;<em>streaming<\/em>, el desarrollo de las redes sociales, los cambios en la sociedad y una nueva generaci\u00f3n como parte del p\u00fablico han llevado a tomar estas nuevas decisiones.<\/p>\n\n\n\n<figure class=\"wp-block-image is-style-default\"><img decoding=\"async\" src=\"https:\/\/e00-elmundo.uecdn.es\/assets\/multimedia\/imagenes\/2022\/08\/16\/16606713460339.jpg\" alt=\"\"\/><\/figure>\n\n\n\n<h2 class=\"wp-block-heading\">\u00bfD\u00d3NDE EST\u00c1 EL FINAL?<\/h2>\n\n\n\n<p>Le preguntamos a Ryan Condal cu\u00e1ntas temporadas tendr\u00e1 la serie y la respuesta fue rotunda. \u00abTantas como sean necesarias\u00bb. A\u00f1adan las risas al final. Lo que est\u00e1 claro es que la guerra est\u00e1 en marcha en uno de los Siete Reinos y que las expectativas, parece, se cumplir\u00e1n&#8230;<\/p>\n\n\n\n<p>A lo largo del d\u00eda y despu\u00e9s de una ma\u00f1ana intensa de entrevistas, nos trasladamos al Beurs van Berlage, el antiguo edificio de la Bolsa de \u00c1msterdam y ahora lugar de descanso de&#8230; dos dragones. Tras la alfombra roja por donde pasar\u00e1n las&nbsp;<em>celebrities<\/em>, previa al estreno del primer cap\u00edtulo de la serie, hay un pasillo oscuro por el que no se ve absolutamente nada. La respiraci\u00f3n de un drag\u00f3n acelera el pulso de la misma manera que lo hacen sus rugidos. Agarrados a una cuerda pasamos frente a \u00e9l. La inquietud es inevitable. \u00bfEs Syrax? \u00bfCaraxes? \u00bfShrykos?&#8230; Despu\u00e9s de la oscuridad aparece el Trono de Hierro iluminado: el mayor objeto de deseo.<\/p>\n\n\n\n<h2 class=\"has-cyan-bluish-gray-background-color has-background wp-block-heading\">\u00abHAY POL\u00c9MICA CUANDO UN NEGRO DA VIDA A UN RICO NO A UN PIRATA\u00bb<\/h2>\n\n\n\n<p class=\"has-cyan-bluish-gray-background-color has-background\">\u00abNada es m\u00e1s grande que esto\u00bb, dice Steve Toussaint a modo de presentaci\u00f3n. Su personaje es Lord Corlys Velaryon, el hombre m\u00e1s rico que se conoce en &#8216;La Casa del Drag\u00f3n&#8217;. Est\u00e1 casado con la Princesa Rhaenys, que es prima del rey y llamada &#8216;La Reina que Nunca Fue&#8217;. Sin duda, un personaje clave. Y, sin embargo, de lo que m\u00e1s se ha hablado es de otra cosa: del color de su piel. \u00abCuando era peque\u00f1o y ve\u00edamos pel\u00edculas o series de ciencia-ficci\u00f3n\u00bb, comenta, \u00abno hab\u00eda personajes negros que nos representaran. Mis amigos y yo hac\u00edamos bromas al respecto: &#8216;Eso es el futuro, \u00bfacaso somos &#8216;aliens&#8217;?, \u00bfqu\u00e9 tendr\u00e1n planeado para nosotros?, [r\u00ede]. Sin embargo lleg\u00f3 un momento en el que te preguntas, &#8216;\u00bfPor qu\u00e9 no me veo en la pantalla? \u00bfPor qu\u00e9 no soy parte de eso?&#8217;. Una de las primeras veces que me entrevistaron, alguien dijo: &#8216;Sienta bien que est\u00e9s sobre esa gran mesa. Es importante porque tengo hijos que te ver\u00e1n&#8217;. Cuando anunciaron que interpretar\u00eda a mi personaje, una de las primeras cosas que vi en las redes sociales fue un dibujo del personaje de los libros junto a una foto m\u00eda. Y luego vinieron los insultos. Cuando \u00e9ramos criminales, piratas y esclavos en la otra serie les parec\u00eda bien. Pero cuando el tipo negro y rico aparece, no es as\u00ed. Quien no est\u00e9 de acuerdo con esto que no vea la serie\u00bb.<\/p>\n\n\n\n<p>Fuente: https:\/\/www.elmundo.es\/papel\/cultura\/2022\/08\/17\/62fbd070fc6c83b2378b45a8.html<\/p>\n","protected":false},"excerpt":{"rendered":"<p>Asistimos a la presentaci\u00f3n de la nueva serie de HBO Max. &#8216;La Casa del Drag\u00f3n&#8217; recupera &#8216;Juego de tronos&#8217; 200 [&hellip;]<\/p>\n","protected":false},"author":1,"featured_media":34808,"comment_status":"open","ping_status":"open","sticky":false,"template":"","format":"standard","meta":{"site-sidebar-layout":"default","site-content-layout":"","ast-site-content-layout":"default","site-content-style":"default","site-sidebar-style":"default","ast-global-header-display":"","ast-banner-title-visibility":"","ast-main-header-display":"","ast-hfb-above-header-display":"","ast-hfb-below-header-display":"","ast-hfb-mobile-header-display":"","site-post-title":"","ast-breadcrumbs-content":"","ast-featured-img":"","footer-sml-layout":"","theme-transparent-header-meta":"","adv-header-id-meta":"","stick-header-meta":"","header-above-stick-meta":"","header-main-stick-meta":"","header-below-stick-meta":"","astra-migrate-meta-layouts":"default","ast-page-background-enabled":"default","ast-page-background-meta":{"desktop":{"background-color":"var(--ast-global-color-4)","background-image":"","background-repeat":"repeat","background-position":"center center","background-size":"auto","background-attachment":"scroll","background-type":"","background-media":"","overlay-type":"","overlay-color":"","overlay-opacity":"","overlay-gradient":""},"tablet":{"background-color":"","background-image":"","background-repeat":"repeat","background-position":"center center","background-size":"auto","background-attachment":"scroll","background-type":"","background-media":"","overlay-type":"","overlay-color":"","overlay-opacity":"","overlay-gradient":""},"mobile":{"background-color":"","background-image":"","background-repeat":"repeat","background-position":"center center","background-size":"auto","background-attachment":"scroll","background-type":"","background-media":"","overlay-type":"","overlay-color":"","overlay-opacity":"","overlay-gradient":""}},"ast-content-background-meta":{"desktop":{"background-color":"var(--ast-global-color-5)","background-image":"","background-repeat":"repeat","background-position":"center center","background-size":"auto","background-attachment":"scroll","background-type":"","background-media":"","overlay-type":"","overlay-color":"","overlay-opacity":"","overlay-gradient":""},"tablet":{"background-color":"var(--ast-global-color-5)","background-image":"","background-repeat":"repeat","background-position":"center center","background-size":"auto","background-attachment":"scroll","background-type":"","background-media":"","overlay-type":"","overlay-color":"","overlay-opacity":"","overlay-gradient":""},"mobile":{"background-color":"var(--ast-global-color-5)","background-image":"","background-repeat":"repeat","background-position":"center center","background-size":"auto","background-attachment":"scroll","background-type":"","background-media":"","overlay-type":"","overlay-color":"","overlay-opacity":"","overlay-gradient":""}},"footnotes":""},"categories":[8],"tags":[12060,12059,12061],"class_list":["post-34807","post","type-post","status-publish","format-standard","has-post-thumbnail","hentry","category-noticias","tag-juego-de-tronos","tag-la-casa-del-dragon","tag-targaryen"],"_links":{"self":[{"href":"https:\/\/losperiodistas.com.mx\/portal\/wp-json\/wp\/v2\/posts\/34807","targetHints":{"allow":["GET"]}}],"collection":[{"href":"https:\/\/losperiodistas.com.mx\/portal\/wp-json\/wp\/v2\/posts"}],"about":[{"href":"https:\/\/losperiodistas.com.mx\/portal\/wp-json\/wp\/v2\/types\/post"}],"author":[{"embeddable":true,"href":"https:\/\/losperiodistas.com.mx\/portal\/wp-json\/wp\/v2\/users\/1"}],"replies":[{"embeddable":true,"href":"https:\/\/losperiodistas.com.mx\/portal\/wp-json\/wp\/v2\/comments?post=34807"}],"version-history":[{"count":1,"href":"https:\/\/losperiodistas.com.mx\/portal\/wp-json\/wp\/v2\/posts\/34807\/revisions"}],"predecessor-version":[{"id":34809,"href":"https:\/\/losperiodistas.com.mx\/portal\/wp-json\/wp\/v2\/posts\/34807\/revisions\/34809"}],"wp:featuredmedia":[{"embeddable":true,"href":"https:\/\/losperiodistas.com.mx\/portal\/wp-json\/wp\/v2\/media\/34808"}],"wp:attachment":[{"href":"https:\/\/losperiodistas.com.mx\/portal\/wp-json\/wp\/v2\/media?parent=34807"}],"wp:term":[{"taxonomy":"category","embeddable":true,"href":"https:\/\/losperiodistas.com.mx\/portal\/wp-json\/wp\/v2\/categories?post=34807"},{"taxonomy":"post_tag","embeddable":true,"href":"https:\/\/losperiodistas.com.mx\/portal\/wp-json\/wp\/v2\/tags?post=34807"}],"curies":[{"name":"wp","href":"https:\/\/api.w.org\/{rel}","templated":true}]}}