{"id":34802,"date":"2022-08-18T08:17:44","date_gmt":"2022-08-18T13:17:44","guid":{"rendered":"http:\/\/losperiodistas.com.mx\/portal\/?p=34802"},"modified":"2022-08-18T08:17:46","modified_gmt":"2022-08-18T13:17:46","slug":"extiende-amlo-pesame-a-presidente-municipal-de-celaya-por-asesinato-de-su-hijo-l-d-digital","status":"publish","type":"post","link":"https:\/\/losperiodistas.com.mx\/portal\/extiende-amlo-pesame-a-presidente-municipal-de-celaya-por-asesinato-de-su-hijo-l-d-digital\/","title":{"rendered":"Extiende AMLO p\u00e9same a presidente municipal de Celaya por asesinato de su hijo | L-D Digital"},"content":{"rendered":"\n<p>El Presidente L\u00f3pez Obrador calific\u00f3 el homicidio del hijo del presidente municipal de Celaya como un \u201checho muy lamentable.<\/p>\n\n\n\n<p><\/p>\n\n\n\n<figure class=\"wp-block-image size-large is-style-default\"><img fetchpriority=\"high\" decoding=\"async\" width=\"1024\" height=\"683\" src=\"https:\/\/losperiodistas.com.mx\/portal\/wp-content\/uploads\/2022\/08\/asesinato-guillermo-hijo-presidente-municipal-celaya-javier-mendoza-1024x683.jpg\" alt=\"\" class=\"wp-image-34803\" srcset=\"https:\/\/losperiodistas.com.mx\/portal\/wp-content\/uploads\/2022\/08\/asesinato-guillermo-hijo-presidente-municipal-celaya-javier-mendoza-1024x683.jpg 1024w, https:\/\/losperiodistas.com.mx\/portal\/wp-content\/uploads\/2022\/08\/asesinato-guillermo-hijo-presidente-municipal-celaya-javier-mendoza-300x200.jpg 300w, https:\/\/losperiodistas.com.mx\/portal\/wp-content\/uploads\/2022\/08\/asesinato-guillermo-hijo-presidente-municipal-celaya-javier-mendoza-768x512.jpg 768w, https:\/\/losperiodistas.com.mx\/portal\/wp-content\/uploads\/2022\/08\/asesinato-guillermo-hijo-presidente-municipal-celaya-javier-mendoza-1536x1024.jpg 1536w, https:\/\/losperiodistas.com.mx\/portal\/wp-content\/uploads\/2022\/08\/asesinato-guillermo-hijo-presidente-municipal-celaya-javier-mendoza.jpg 1920w\" sizes=\"(max-width: 1024px) 100vw, 1024px\" \/><figcaption>Peritos forenses y personal del Ej\u00e9rcito Mexicano resguardan hoy la zona, donde fue asesinado Guillermo Mendoza, hijo del presidente municipal de Celaya, Javier Mendoza en el estado de Guanajuato. Foto de EFE<br><\/figcaption><\/figure>\n\n\n\n<p class=\"has-vivid-cyan-blue-color has-text-color has-medium-font-size\">L\u00d3PEZ-D\u00d3RIGA DIGITAL<\/p>\n\n\n\n<p>El presidente<strong><a href=\"https:\/\/twitter.com\/lopezobrador_\" target=\"_blank\" rel=\"noreferrer noopener\">&nbsp;Andr\u00e9s Manuel<\/a>&nbsp;L\u00f3pez Obrador<\/strong>&nbsp;envi\u00f3 su&nbsp;<strong>p\u00e9same<\/strong>&nbsp;al alcalde de&nbsp;<strong>Celaya,&nbsp;Javier Mendoza M\u00e1rquez<\/strong>, por el<strong>&nbsp;asesinato<\/strong>&nbsp;de su&nbsp;<strong>hijo Guillermo.<\/strong><\/p>\n\n\n\n<p>Al inicio de la conferencia matutina de Palacio Nacional, L\u00f3pez Obrador calific\u00f3 este homicidio como un \u201c<strong>hecho muy lamentable<\/strong>\u201c.<\/p>\n\n\n\n<p>\u201cQuiero enviar un p\u00e9same al presidente municipal de Celaya por el asesinato de su hijo ayer. Es un hecho muy lamentable. Le mandamos a \u00e9l, a su familia y amigos un abrazo muy fuerte\u201d, dijo.<\/p>\n\n\n\n<p><a href=\"https:\/\/lopezdoriga.com\/nacional\/celaya-alcalde-guanajuato-hijo-asesinato\/\" target=\"_blank\" rel=\"noreferrer noopener\">El mi\u00e9rcoles por la tarde<\/a>, sujetos asesinaron a balazos a&nbsp;<strong>Guillermo Mendoza<\/strong>, hijo del presidente municipal de&nbsp;Celaya,&nbsp;Javier Mendoza M\u00e1rquez, en calles del estado de&nbsp;<strong>Guanajuato<\/strong>.<\/p>\n\n\n\n<p>Los hechos se registraron en el estacionamiento de una farmacia, entre la calle de Madero&nbsp;y&nbsp;2 de Abril,&nbsp;colonia Villa de los Reyes, cuando la v\u00edctima se encontraba al interior de un veh\u00edculo, una camioneta Jeep Cherokee en color gris.<\/p>\n\n\n\n<p>Sujetos armados se presentaron en el lugar y abrieron fuego en contra de Mendoza, quien recibi\u00f3 al menos 10 impactos de bala.<\/p>\n\n\n\n<p>El gobernador de Guanajuato,&nbsp;<strong>Diego Sinhue Rodr\u00edguez<\/strong>, lament\u00f3 los hechos y pidi\u00f3 al pleno esclarecimiento de este asesinato.<\/p>\n\n\n\n<p>\u201dRepudio este cobarde y terrible acto criminal y requiero a la Fiscal\u00eda General del Estado una pronta investigaci\u00f3n para dar con los responsables de este crimen\u201d, detall\u00f3 el mandatario estatal en redes sociales.<\/p>\n\n\n\n<p>Con informaci\u00f3n de L\u00f3pez-D\u00f3riga Digital<\/p>\n\n\n\n<p>Fuente: https:\/\/lopezdoriga.com\/economia-y-finanzas\/actividad-economica-julio-2022\/<\/p>\n","protected":false},"excerpt":{"rendered":"<p>El Presidente L\u00f3pez Obrador calific\u00f3 el homicidio del hijo del presidente municipal de Celaya como un \u201checho muy lamentable. L\u00d3PEZ-D\u00d3RIGA [&hellip;]<\/p>\n","protected":false},"author":1,"featured_media":34803,"comment_status":"open","ping_status":"open","sticky":false,"template":"","format":"standard","meta":{"site-sidebar-layout":"default","site-content-layout":"","ast-site-content-layout":"default","site-content-style":"default","site-sidebar-style":"default","ast-global-header-display":"","ast-banner-title-visibility":"","ast-main-header-display":"","ast-hfb-above-header-display":"","ast-hfb-below-header-display":"","ast-hfb-mobile-header-display":"","site-post-title":"","ast-breadcrumbs-content":"","ast-featured-img":"","footer-sml-layout":"","theme-transparent-header-meta":"","adv-header-id-meta":"","stick-header-meta":"","header-above-stick-meta":"","header-main-stick-meta":"","header-below-stick-meta":"","astra-migrate-meta-layouts":"default","ast-page-background-enabled":"default","ast-page-background-meta":{"desktop":{"background-color":"var(--ast-global-color-4)","background-image":"","background-repeat":"repeat","background-position":"center center","background-size":"auto","background-attachment":"scroll","background-type":"","background-media":"","overlay-type":"","overlay-color":"","overlay-opacity":"","overlay-gradient":""},"tablet":{"background-color":"","background-image":"","background-repeat":"repeat","background-position":"center center","background-size":"auto","background-attachment":"scroll","background-type":"","background-media":"","overlay-type":"","overlay-color":"","overlay-opacity":"","overlay-gradient":""},"mobile":{"background-color":"","background-image":"","background-repeat":"repeat","background-position":"center center","background-size":"auto","background-attachment":"scroll","background-type":"","background-media":"","overlay-type":"","overlay-color":"","overlay-opacity":"","overlay-gradient":""}},"ast-content-background-meta":{"desktop":{"background-color":"var(--ast-global-color-5)","background-image":"","background-repeat":"repeat","background-position":"center center","background-size":"auto","background-attachment":"scroll","background-type":"","background-media":"","overlay-type":"","overlay-color":"","overlay-opacity":"","overlay-gradient":""},"tablet":{"background-color":"var(--ast-global-color-5)","background-image":"","background-repeat":"repeat","background-position":"center center","background-size":"auto","background-attachment":"scroll","background-type":"","background-media":"","overlay-type":"","overlay-color":"","overlay-opacity":"","overlay-gradient":""},"mobile":{"background-color":"var(--ast-global-color-5)","background-image":"","background-repeat":"repeat","background-position":"center center","background-size":"auto","background-attachment":"scroll","background-type":"","background-media":"","overlay-type":"","overlay-color":"","overlay-opacity":"","overlay-gradient":""}},"footnotes":""},"categories":[8],"tags":[12058,12057],"class_list":["post-34802","post","type-post","status-publish","format-standard","has-post-thumbnail","hentry","category-noticias","tag-homicidio-guillermo-mendoza","tag-violencia-celaya"],"_links":{"self":[{"href":"https:\/\/losperiodistas.com.mx\/portal\/wp-json\/wp\/v2\/posts\/34802","targetHints":{"allow":["GET"]}}],"collection":[{"href":"https:\/\/losperiodistas.com.mx\/portal\/wp-json\/wp\/v2\/posts"}],"about":[{"href":"https:\/\/losperiodistas.com.mx\/portal\/wp-json\/wp\/v2\/types\/post"}],"author":[{"embeddable":true,"href":"https:\/\/losperiodistas.com.mx\/portal\/wp-json\/wp\/v2\/users\/1"}],"replies":[{"embeddable":true,"href":"https:\/\/losperiodistas.com.mx\/portal\/wp-json\/wp\/v2\/comments?post=34802"}],"version-history":[{"count":1,"href":"https:\/\/losperiodistas.com.mx\/portal\/wp-json\/wp\/v2\/posts\/34802\/revisions"}],"predecessor-version":[{"id":34804,"href":"https:\/\/losperiodistas.com.mx\/portal\/wp-json\/wp\/v2\/posts\/34802\/revisions\/34804"}],"wp:featuredmedia":[{"embeddable":true,"href":"https:\/\/losperiodistas.com.mx\/portal\/wp-json\/wp\/v2\/media\/34803"}],"wp:attachment":[{"href":"https:\/\/losperiodistas.com.mx\/portal\/wp-json\/wp\/v2\/media?parent=34802"}],"wp:term":[{"taxonomy":"category","embeddable":true,"href":"https:\/\/losperiodistas.com.mx\/portal\/wp-json\/wp\/v2\/categories?post=34802"},{"taxonomy":"post_tag","embeddable":true,"href":"https:\/\/losperiodistas.com.mx\/portal\/wp-json\/wp\/v2\/tags?post=34802"}],"curies":[{"name":"wp","href":"https:\/\/api.w.org\/{rel}","templated":true}]}}