{"id":34799,"date":"2022-08-18T08:10:57","date_gmt":"2022-08-18T13:10:57","guid":{"rendered":"http:\/\/losperiodistas.com.mx\/portal\/?p=34799"},"modified":"2022-08-18T08:10:59","modified_gmt":"2022-08-18T13:10:59","slug":"mujeres-que-enfrentan-y-sobreviven-la-violencia-vicaria-la-lista","status":"publish","type":"post","link":"https:\/\/losperiodistas.com.mx\/portal\/mujeres-que-enfrentan-y-sobreviven-la-violencia-vicaria-la-lista\/","title":{"rendered":"Mujeres que enfrentan y sobreviven la violencia vicaria | La-Lista"},"content":{"rendered":"\n<p class=\"has-medium-font-size\">Luz y Yetlanezi fueron detenidas de forma irregular, en Puebla y Sonora. Ambas han luchado por a\u00f1os contra la violencia vicaria.<\/p>\n\n\n\n<p><\/p>\n\n\n\n<figure class=\"wp-block-image size-large is-style-default\"><img fetchpriority=\"high\" decoding=\"async\" width=\"1024\" height=\"604\" src=\"https:\/\/losperiodistas.com.mx\/portal\/wp-content\/uploads\/2022\/08\/WhatsApp-Image-2022-08-16-at-3.52.27-PM-1024x604.jpg\" alt=\"\" class=\"wp-image-34800\" srcset=\"https:\/\/losperiodistas.com.mx\/portal\/wp-content\/uploads\/2022\/08\/WhatsApp-Image-2022-08-16-at-3.52.27-PM-1024x604.jpg 1024w, https:\/\/losperiodistas.com.mx\/portal\/wp-content\/uploads\/2022\/08\/WhatsApp-Image-2022-08-16-at-3.52.27-PM-300x177.jpg 300w, https:\/\/losperiodistas.com.mx\/portal\/wp-content\/uploads\/2022\/08\/WhatsApp-Image-2022-08-16-at-3.52.27-PM-768x453.jpg 768w, https:\/\/losperiodistas.com.mx\/portal\/wp-content\/uploads\/2022\/08\/WhatsApp-Image-2022-08-16-at-3.52.27-PM.jpg 1220w\" sizes=\"(max-width: 1024px) 100vw, 1024px\" \/><\/figure>\n\n\n\n<p><\/p>\n\n\n\n<p class=\"has-vivid-cyan-blue-color has-text-color has-medium-font-size\">ARIADNA LOBO \/ LA-LISTA<\/p>\n\n\n\n<p>Las personas que han sufrido violencia vicaria padecen a sus agresores, generalmente sus exparejas, quienes hacen uso de instituciones como fiscal\u00edas y juzgados para ejercer violencia sobre ellas de forma institucional, denuncian mujeres afectadas. Recientemente,<strong>&nbsp;Luz y Yetlanezi denunciaron que fueron detenidas de forma irregular<\/strong>, en Puebla y Sonora, respectivamente. Ambas han luchado por a\u00f1os por obtener la custodia de sus hijos, pues aseguran que los padres han ejercido violencia en contra de ellos.<\/p>\n\n\n\n<p>Luz no se asume como v\u00edctima de violencia vicaria,&nbsp;<strong>sino como sobreviviente<\/strong>. Ella se llama a s\u00ed misma as\u00ed, pues se reh\u00fasa a acostumbrarse a luchar toda su vida contra el padre de su hijo, a quien considera su agresor.<\/p>\n\n\n\n<p>\u201cYo soy sobreviviente de violencia vicaria, porque una v\u00edctima se acostumbra a lo que tiene que vivir, una sobreviviente busca opciones y es donde yo estoy yo.&nbsp;<strong>Busco la opci\u00f3n de salir adelante con mi hijo<\/strong>\u201d, dijo Luz en entrevista con<em>&nbsp;La-Lista<\/em>.<\/p>\n\n\n\n<p>\u201cTomate\u201d, como Luz le dice a su hijo, est\u00e1 a punto de cumplir ocho a\u00f1os. El ni\u00f1o naci\u00f3 en 2014, poco despu\u00e9s de que sus padres terminaran una relaci\u00f3n de siete a\u00f1os de noviazgo y siete meses de matrimonio.&nbsp;<\/p>\n\n\n\n<p>El ni\u00f1o pudo vivir sus primeros a\u00f1os con su mam\u00e1, quien ten\u00eda su custodia, y cada 15 d\u00edas visitaba a su pap\u00e1. Luz dice que acept\u00f3 un convenio que no le favorec\u00eda econ\u00f3micamente al menor,\u00a0<strong>recib\u00eda una pensi\u00f3n de mil 500 pesos al mes<\/strong>, pero que lo acept\u00f3 para salir de la violencia en la que viv\u00eda con su expareja.<\/p>\n\n\n\n<p>No te pierdas:<a href=\"https:\/\/la-lista.com\/genero\/2022\/07\/06\/madres-victimas-de-violencia-vicaria-luchan-en-tribunales-para-recuperar-a-sus-hijos\">Madres, v\u00edctimas de violencia vicaria, luchan en tribunales para recuperar a sus hijos<\/a><\/p>\n\n\n\n<p>Luz tiene 37 a\u00f1os, es abogada, tiene una maestr\u00eda y ha trabajado para diferentes niveles del gobierno de la Ciudad de M\u00e9xico y de Puebla, en donde reside. Gracias a su formaci\u00f3n profesional, ha logrado entender qu\u00e9 es la violencia vicaria y actualmente es la representante del&nbsp;<a href=\"https:\/\/mobile.twitter.com\/fncvvicaria\" target=\"_blank\" rel=\"noreferrer noopener\">Frente Nacional Contra la Violencia Vicaria<\/a>&nbsp;en Puebla.<\/p>\n\n\n\n<p>El&nbsp;<a href=\"https:\/\/la-lista.com\/genero\/2022\/07\/06\/madres-victimas-de-violencia-vicaria-luchan-en-tribunales-para-recuperar-a-sus-hijos\">Frente Nacional<\/a>&nbsp;fue fundado en 2021 por Jennifer Seifert Braun, Alexandra Volin-Bolok y Mayte L\u00f3pez Garc\u00eda, v\u00edctimas de violencia vicaria. En un a\u00f1o, el colectivo creci\u00f3 y ahora est\u00e1 conformado&nbsp;<strong>por m\u00e1s de mil 200 mujeres de todo M\u00e9xico&nbsp;<\/strong>que asumen que han enfrentado este tipo de violencia.<\/p>\n\n\n\n<p>El resultado de la uni\u00f3n entre estas mujeres ha sido la&nbsp;<strong>legislaci\u00f3n en materia penal en estados&nbsp;<\/strong>de la Rep\u00fablica como Puebla,&nbsp;<a href=\"https:\/\/www.congresozac.gob.mx\/63\/v21682\" target=\"_blank\" rel=\"noreferrer noopener\">Zacateca<\/a>,&nbsp;<a href=\"https:\/\/legislacion.edomex.gob.mx\/sites\/legislacion.edomex.gob.mx\/files\/files\/pdf\/ley\/vig\/leyvig139.pdf\" target=\"_blank\" rel=\"noreferrer noopener\">Estado de M\u00e9xico<\/a>,&nbsp;<a href=\"https:\/\/www.yucatan.com.mx\/merida\/2022\/6\/8\/violencia-vicaria-ya-es-delito-en-yucatan-estas-son-las-sanciones-infractores-325237.html\" target=\"_blank\" rel=\"noreferrer noopener\">Yucat\u00e1n<\/a>&nbsp;e&nbsp;<a href=\"https:\/\/www.proceso.com.mx\/nacional\/estados\/2022\/5\/3\/la-violencia-vicaria-sera-sancionada-hasta-con-anos-de-carcel-en-hidalgo-285309.html\" target=\"_blank\" rel=\"noreferrer noopener\">Hidalgo<\/a>, que ya incorporaron el delito de violencia vicaria a su C\u00f3digo Penal. Sin embargo, hasta el momento no existen estad\u00edsticas disponibles sobre denuncias presentadas.<\/p>\n\n\n\n<h2 class=\"wp-block-heading\">\u00bfQu\u00e9 es la violencia vicaria?<\/h2>\n\n\n\n<p>La violencia vicaria es un tipo de violencia de g\u00e9nero que&nbsp;<strong>se ejerce sobre los hijos para afectar a la mujer<\/strong>, seg\u00fan una definici\u00f3n de&nbsp;<a href=\"https:\/\/www.soniavaccaro.com\/acerca-de-2\" target=\"_blank\" rel=\"noreferrer noopener\">la psic\u00f3loga argentina Sonia Vaccaro<\/a>,&nbsp;<strong>se comete por parte de un hombre en contra de una mujer y suele expresarse a trav\u00e9s de amenazas&nbsp;<\/strong>y en su grado m\u00e1s extremo, puede llegar al infanticidio o el feminicidio.<\/p>\n\n\n\n<p>Las cofundadoras del Frente detectaron similitudes y patrones en los casos que han recibido: la forma en la que les quitaron a los menores,&nbsp;<strong>la violencia que vivieron por parte de sus exparejas y el tr\u00e1fico de influencias y corrupci\u00f3n<\/strong>, que aseguran, hay en los tribunales familiares y las fiscal\u00edas.<\/p>\n\n\n\n<p>A partir de esto, se han formado diferentes colectivos contra la violencia vicaria, mismos que han impulsado mesas de trabajo con diferentes instituciones, entre ellas, el Instituto Nacional de las Mujeres (Inmujeres), que ya trabaja con la<strong>&nbsp;Comisi\u00f3n Nacional de Tribunales Superiores de Justicia&nbsp;<\/strong>(Conatrib) para establecer un modelo de atenci\u00f3n mixta para que haya juzgados con el fin de que se resuelva la parte penal y familiar a la par.<\/p>\n\n\n\n<p>\u201cHemos estado trabajando (\u2026)&nbsp;<strong>promoviendo en todo el pa\u00eds estos juzgados mixtos en donde las mujeres pueden ver la parte familiar con la parte penal&nbsp;<\/strong>y no tener que seguir estas dos v\u00edas y tambi\u00e9n responder a estos tipos de violencia que se van visibilizando porque esta utilizaci\u00f3n de los menores como rehenes en las relaciones interpersonales est\u00e1n desde siempre pero ahora estamos viendo una forma m\u00e1s sistem\u00e1tica de abordarlo\u201d, dijo la titular de&nbsp;<strong>Inmujeres<\/strong>,&nbsp;<strong>Nadine Gasman<\/strong>, durante el \u00faltimo&nbsp;<a href=\"https:\/\/youtu.be\/6yiIjFDM4t0?t=8454\" target=\"_blank\" rel=\"noreferrer noopener\">Informe del Grupo Interinstitucional de la Estrategia de Protecci\u00f3n Integral para las Mujeres<\/a>.<\/p>\n\n\n\n<p>Las v\u00edctimas tambi\u00e9n se han reunido con el ministro presidente de la Suprema Corte de Justicia de la Naci\u00f3n,&nbsp;<strong>Arturo Zald\u00edvar<\/strong>, quien<strong>&nbsp;acept\u00f3 que los juzgados familiares son parte de esta problem\u00e1tica al no dar una respuesta r\u00e1pida a las mujeres<\/strong>&nbsp;y que, a pesar de que la mayor\u00eda de estos asuntos se dan a nivel local y no federal, la Defensor\u00eda P\u00fablica est\u00e1 llevando un caso de violencia vicaria.<\/p>\n\n\n\n<p>\u201cTenemos un caso sobre el cual no puedo dar ahora datos, que ya vamos a empezar a defender a una mujer de violencia vicaria que est\u00e1n a punto de ejecutar en su contra una orden de aprehensi\u00f3n de todas estas corruptelas que suceden\u201d, declar\u00f3 Zald\u00edvar en conferencia de prensa este 17 de agosto.<\/p>\n\n\n\n<h2 class=\"wp-block-heading\" id=\"h-luchar-en-juzgados-para-recuperar-a-un-hijo\"><strong>Luchar en juzgados para recuperar a un hijo<\/strong><\/h2>\n\n\n\n<p>Tomate nunca dej\u00f3 de ver a su padre. Luz lo llevaba a su casa cada 15 d\u00edas, pero el 26 de abril de 2020, cuando su hijo ten\u00eda cinco a\u00f1os, su exesposo le dijo: \u201cya no te lo voy a entregar nunca\u201d, recuerda Luz.<\/p>\n\n\n\n<p>Luz<strong>\u00a0denunci\u00f3 a su expareja por sustracci\u00f3n de menores en la Fiscal\u00eda General de Justicia de Puebla<\/strong>, en donde se abri\u00f3 una carpeta de investigaci\u00f3n, pero se llev\u00f3 una sorpresa cuando descubri\u00f3 que desde un a\u00f1o antes, en 2019, el padre de su hijo tramit\u00f3 un juicio familiar de restituci\u00f3n de menores.\u00a0<\/p>\n\n\n\n<p>No te pierdas:<a href=\"https:\/\/la-lista.com\/genero\/2022\/07\/13\/jueza-ordena-reabrir-investigacion-contra-el-exmagistrado-cavazos-por-abuso-sexual\">Jueza ordena reabrir caso contra el exmagistrado Cavazos, se\u00f1alado de abuso sexual<\/a><\/p>\n\n\n\n<p>Luz asegura que&nbsp;<strong>no le notificaron la existencia de ese proceso y present\u00f3 un amparo para recuperar la custodia de Tomate<\/strong>. El juicio de impugnaci\u00f3n se llev\u00f3 a cabo durante la pandemia y tard\u00f3 un a\u00f1o y medio en resolverse. Todo ese tiempo, el ni\u00f1o vivi\u00f3 con su padre.<\/p>\n\n\n\n<p>\u201cMe dieron visitas virtuales una hora cada 15 d\u00edas\u201d, explic\u00f3 Luz. Ella puso una denuncia por violencia familiar y su exesposo respondi\u00f3 con una denuncia en su contra por el mismo delito.&nbsp;<\/p>\n\n\n\n<p>\u201cEl agresor dijo que yo golpeaba al ni\u00f1o. Incre\u00edblemente a \u00e9l le dieron una orden de protecci\u00f3n, a m\u00ed no. La m\u00eda se archiv\u00f3, seg\u00fan,&nbsp;<strong>yo no estaba viviendo violencia, para la autoridad penal el hecho de que no me dejara ver a mi hijo, que no me dejara hablar con \u00e9l<\/strong>, que yo no supiera d\u00f3nde estaba, eso no era violencia\u201d, dijo Luz.<\/p>\n\n\n\n<p>Para que Luz pudiera ver a su hijo de manera presencial,<strong>&nbsp;fue vigilada por psic\u00f3logos durante las citas por Zoom<\/strong>, lo que permiti\u00f3 que le dieran visitas presenciales en las instalaciones del Tribunal Superior de Justicia de Puebla.<\/p>\n\n\n\n<p>En julio de 2021, la guardia y custodia de Tomate le fue entregada a ella, el ni\u00f1o regres\u00f3 a vivir con su madre hasta octubre del mismo a\u00f1o.<strong>&nbsp;El juicio en materia familiar a\u00fan est\u00e1 abierto<\/strong>, pues el padre del ni\u00f1o ha interpuesto diversos amparos, lo que no permite su conclusi\u00f3n.<\/p>\n\n\n\n<p>Las convivencias continuaron entre Tomate y su padre, pero&nbsp;<strong>Luz debe llevar al ni\u00f1o todos los jueves por la ma\u00f1ana al Poder Judicial de Puebla<\/strong>. Un d\u00eda no pudo asistir porque el ni\u00f1o se encontraba en la escuela. A pesar de que Luz justific\u00f3 la falta, se le gir\u00f3 una orden de arresto.&nbsp;<\/p>\n\n\n\n<p>\u201cHab\u00eda una solicitud m\u00eda de arresto y dos para \u00e9l (su exesposo). La que se decret\u00f3 fue la m\u00eda y no s\u00f3lo eso, \u00e9l quer\u00eda que me arrestaran afuera de la escuela de mi hijo\u201d.&nbsp;<strong>Luz se entreg\u00f3 a las autoridades el 8 de julio pasado para evitar que el menor viera el arresto.&nbsp;<\/strong><\/p>\n\n\n\n<p>\u201cMe llevan a un penal en la comunidad femenil, lo cual me pareci\u00f3 arbitrario y excesivo porque la m\u00eda era una falta administrativa, es m\u00e1s,&nbsp;<strong>ninguna mam\u00e1 hab\u00eda sido arrestada por esa situaci\u00f3n y llevada al penal de San Miguel<\/strong>\u201d, cont\u00f3 Luz, quien cumpli\u00f3 10 horas en prisi\u00f3n como sanci\u00f3n por no llevar a su hijo a la convivencia.&nbsp;<\/p>\n\n\n\n<p>Hasta ahora,<strong>&nbsp;las dos \u00f3rdenes contra su expareja no han sido cumplimentadas&nbsp;<\/strong>y Tomate contin\u00faa asistiendo a las convivencias con su padre, quien le dijo al ni\u00f1o que su madre hab\u00eda estado detenida.<\/p>\n\n\n\n<p>\u201cDespu\u00e9s que yo estuve detenida, le dije que soy una delincuente y mi hijo vive confundido. \u00c9l sigue haciendo este tipo de violencia emocional en contra de mi hijo y es algo que las autoridades no quieren darse cuenta\u201d, explic\u00f3 Luz.<\/p>\n\n\n\n<p><em>La-Lista&nbsp;<\/em>contact\u00f3 al&nbsp;<strong>Poder Judicial del estado de Puebla<\/strong>&nbsp;para saber c\u00f3mo los juzgadores se preparan para atender casos de violencia vicaria, sin embargo, hasta el cierre de esta edici\u00f3n, no se tuvo respuesta.<\/p>\n\n\n\n<h2 class=\"wp-block-heading\"><strong>Cuatro a\u00f1os lejos de su hijo, el caso de Yetlanez<\/strong>y<\/h2>\n\n\n\n<p>Yetlanezy, una mujer de 44 a\u00f1os que vive en Sonora, tambi\u00e9n pis\u00f3 la c\u00e1rcel recientemente. El 4 de julio, polic\u00edas vestidos de civiles la aprehendieron&nbsp;<strong>por no presentarse dos d\u00edas antes a una audiencia<\/strong>&nbsp;que se realiz\u00f3 como parte de la denuncia que su expareja present\u00f3 en su contra&nbsp;<strong>por incumplimiento de obligaciones familiares<\/strong>.&nbsp;<\/p>\n\n\n\n<p>Desde hace cuatro a\u00f1os,&nbsp;<strong>Yetlanezy ha luchado por recuperar a su hijo, quien actualmente tiene 18 a\u00f1os<\/strong>. \u201cNo lo veo desde los 14 a\u00f1os y como puso (su expareja) una denuncia de violencia familiar,&nbsp;<strong>yo no me puedo acercar a \u00e9l hasta febrero de 2023<\/strong>\u201d, explic\u00f3 Yatlanezi en entrevista con&nbsp;<em>La-Lista<\/em>.<\/p>\n\n\n\n<p>En 2010, Yetlanezy y Fabi\u00e1n, el padre de su hijo, se divorciaron. Ella reconoce haber vivido violencia familiar f\u00edsica, psicol\u00f3gica y econ\u00f3mica. En ese entonces, Adri\u00e1n*, hijo de ambos, ten\u00eda seis a\u00f1os. A pesar de la separaci\u00f3n, el ni\u00f1o nunca dej\u00f3 de ver a su padre y a su abuela, sin que existiera una orden de un juez, y asegura que Fabi\u00e1n daba una pensi\u00f3n de 2 mil pesos mensuales.<\/p>\n\n\n\n<p>A los 13 a\u00f1os, Adri\u00e1n le confes\u00f3 a su mam\u00e1 que su padre le pon\u00eda videos pornogr\u00e1ficos desde los 10 a\u00f1os, por lo que Yetlanezy enfrent\u00f3 a Fabi\u00e1n, quien dice que acept\u00f3 haber mostrado pornograf\u00eda al menor.&nbsp;<strong>La madre del ni\u00f1o no denunci\u00f3 el hecho para no exponer al menor a los juicios y los peritajes<\/strong>, pero sab\u00eda que su hijo necesitaba asistir con un psic\u00f3logo.<\/p>\n\n\n\n<p>Meses despu\u00e9s, la mujer contrajo matrimonio con su actual pareja, quien trabaja en Torre\u00f3n, Coahuila, se mud\u00f3 a esa ciudad con&nbsp;<strong>Adri\u00e1n, en donde recibir\u00eda atenci\u00f3n psicol\u00f3gica<\/strong>.<\/p>\n\n\n\n<p>En febrero de 2019,&nbsp;<strong>Fabi\u00e1n fue a Torre\u00f3n por Adri\u00e1n con una orden obtenida luego de poner una denuncia contra Yetlanezy por violencia familiar<\/strong>, donde acus\u00f3 que el adolescente estaba en peligro y en riesgo de perder el ciclo escolar, de acuerdo con la relator\u00eda de hechos, asentados en la carpeta de investigaci\u00f3n. El proceso por violencia familiar fue suspendido con la condici\u00f3n de que la mujer no viera a Adri\u00e1n hasta 2023.<\/p>\n\n\n\n<p>Adri\u00e1n se fue a vivir con su padre y su abuela a Caborca, Sonora, y durante dos a\u00f1os no vio a su madre. Hasta 2020, un juez de lo familiar le dio una orden a Yetlanezy\u00a0<strong>para ver a su hijo de cinco a ocho de la noche<\/strong>, pero no le permit\u00edan llevarlo a pasear, por lo que ten\u00eda que verlo dentro de la casa y bajo la vigilancia de su abuela.<\/p>\n\n\n\n<p>No te pierdas:<a href=\"https:\/\/la-lista.com\/genero\/2022\/08\/15\/mujeres-exigen-que-paren-traslados-de-presas-a-penales-federales\">Mujeres protestan por traslados de presas a penales federales<\/a><\/p>\n\n\n\n<p>Fabi\u00e1n tambi\u00e9n la denunci\u00f3 por incumplimiento de responsabilidades alimenticias, y por esa denuncia Yetlanezy fue procesada. En la \u00faltima diligencia del 29 de junio, en Sonora, ella no pudo acceder y despu\u00e9s de unas horas,&nbsp;<strong>su abogado le notific\u00f3 que se le hab\u00eda girado una orden de aprehensi\u00f3n<\/strong>&nbsp;por no asistir de forma presencial al juzgado.<\/p>\n\n\n\n<p>Yetlanezy estaba en Torre\u00f3n y de inmediato se traslad\u00f3 a Caborca, Sonora. El lunes 4 de julio&nbsp;<strong>se present\u00f3 en los juzgados, donde le aseguraron que s\u00f3lo necesitaba una carta de su abogado justificando su inasistencia<\/strong>. Estuvo alrededor de 30 minutos en el lugar, pero al salir y abordar su autom\u00f3vil, se percat\u00f3 que un coche la segu\u00eda.<\/p>\n\n\n\n<p>\u201cMe siguieron varias cuadras, yo vivo cerca de ah\u00ed y cuando iba llegando a mi casa,<strong>&nbsp;el auto me choc\u00f3 de mi lado<\/strong>, me baj\u00e9 y ah\u00ed me dijeron que ten\u00eda una orden y me detuvieron\u201d, explic\u00f3 Yetlanezy.<\/p>\n\n\n\n<p><strong>Los polic\u00edas la trasladaron al penal de Nogales, Sonora, y all\u00ed permaneci\u00f3 el resto del d\u00eda hasta que las abogadas del Frente Nacional lograron sacarla<\/strong>, pero Yetlanezy tuvo que mudarse temporalmente a Caborca para poder solucionar el conflicto y a\u00fan tiene la esperanza de que ahora que Adri\u00e1n tiene 18 a\u00f1os, la orden de restricci\u00f3n pueda ser revocada y volverlo a ver.<\/p>\n\n\n\n<p>Las fiscal\u00edas y poderes judiciales en los estados son algunas de las instituciones que son instrumento de este tipo de violencia.&nbsp;<em>La-Lista&nbsp;<\/em>ha buscado a los representantes de los estados de estos casos, pero no recibi\u00f3 respuesta de forma inmediata.<\/p>\n\n\n\n<p><em>*Los nombres fueron modificados por protecci\u00f3n de datos personas de los menores de edad.<\/em><\/p>\n\n\n\n<p>Fuente: https:\/\/la-lista.com\/genero\/2022\/08\/18\/mujeres-que-enfrentan-y-sobreviven-la-violencia-vicaria<\/p>\n","protected":false},"excerpt":{"rendered":"<p>Luz y Yetlanezi fueron detenidas de forma irregular, en Puebla y Sonora. Ambas han luchado por a\u00f1os contra la violencia [&hellip;]<\/p>\n","protected":false},"author":1,"featured_media":34800,"comment_status":"open","ping_status":"open","sticky":false,"template":"","format":"standard","meta":{"site-sidebar-layout":"default","site-content-layout":"","ast-site-content-layout":"default","site-content-style":"default","site-sidebar-style":"default","ast-global-header-display":"","ast-banner-title-visibility":"","ast-main-header-display":"","ast-hfb-above-header-display":"","ast-hfb-below-header-display":"","ast-hfb-mobile-header-display":"","site-post-title":"","ast-breadcrumbs-content":"","ast-featured-img":"","footer-sml-layout":"","theme-transparent-header-meta":"","adv-header-id-meta":"","stick-header-meta":"","header-above-stick-meta":"","header-main-stick-meta":"","header-below-stick-meta":"","astra-migrate-meta-layouts":"default","ast-page-background-enabled":"default","ast-page-background-meta":{"desktop":{"background-color":"var(--ast-global-color-4)","background-image":"","background-repeat":"repeat","background-position":"center center","background-size":"auto","background-attachment":"scroll","background-type":"","background-media":"","overlay-type":"","overlay-color":"","overlay-opacity":"","overlay-gradient":""},"tablet":{"background-color":"","background-image":"","background-repeat":"repeat","background-position":"center center","background-size":"auto","background-attachment":"scroll","background-type":"","background-media":"","overlay-type":"","overlay-color":"","overlay-opacity":"","overlay-gradient":""},"mobile":{"background-color":"","background-image":"","background-repeat":"repeat","background-position":"center center","background-size":"auto","background-attachment":"scroll","background-type":"","background-media":"","overlay-type":"","overlay-color":"","overlay-opacity":"","overlay-gradient":""}},"ast-content-background-meta":{"desktop":{"background-color":"var(--ast-global-color-5)","background-image":"","background-repeat":"repeat","background-position":"center center","background-size":"auto","background-attachment":"scroll","background-type":"","background-media":"","overlay-type":"","overlay-color":"","overlay-opacity":"","overlay-gradient":""},"tablet":{"background-color":"var(--ast-global-color-5)","background-image":"","background-repeat":"repeat","background-position":"center center","background-size":"auto","background-attachment":"scroll","background-type":"","background-media":"","overlay-type":"","overlay-color":"","overlay-opacity":"","overlay-gradient":""},"mobile":{"background-color":"var(--ast-global-color-5)","background-image":"","background-repeat":"repeat","background-position":"center center","background-size":"auto","background-attachment":"scroll","background-type":"","background-media":"","overlay-type":"","overlay-color":"","overlay-opacity":"","overlay-gradient":""}},"footnotes":""},"categories":[8],"tags":[4146,11369,12056],"class_list":["post-34799","post","type-post","status-publish","format-standard","has-post-thumbnail","hentry","category-noticias","tag-violencia-de-genero","tag-violencia-vicaria-puebla","tag-violencia-vicaria-sonora"],"_links":{"self":[{"href":"https:\/\/losperiodistas.com.mx\/portal\/wp-json\/wp\/v2\/posts\/34799","targetHints":{"allow":["GET"]}}],"collection":[{"href":"https:\/\/losperiodistas.com.mx\/portal\/wp-json\/wp\/v2\/posts"}],"about":[{"href":"https:\/\/losperiodistas.com.mx\/portal\/wp-json\/wp\/v2\/types\/post"}],"author":[{"embeddable":true,"href":"https:\/\/losperiodistas.com.mx\/portal\/wp-json\/wp\/v2\/users\/1"}],"replies":[{"embeddable":true,"href":"https:\/\/losperiodistas.com.mx\/portal\/wp-json\/wp\/v2\/comments?post=34799"}],"version-history":[{"count":1,"href":"https:\/\/losperiodistas.com.mx\/portal\/wp-json\/wp\/v2\/posts\/34799\/revisions"}],"predecessor-version":[{"id":34801,"href":"https:\/\/losperiodistas.com.mx\/portal\/wp-json\/wp\/v2\/posts\/34799\/revisions\/34801"}],"wp:featuredmedia":[{"embeddable":true,"href":"https:\/\/losperiodistas.com.mx\/portal\/wp-json\/wp\/v2\/media\/34800"}],"wp:attachment":[{"href":"https:\/\/losperiodistas.com.mx\/portal\/wp-json\/wp\/v2\/media?parent=34799"}],"wp:term":[{"taxonomy":"category","embeddable":true,"href":"https:\/\/losperiodistas.com.mx\/portal\/wp-json\/wp\/v2\/categories?post=34799"},{"taxonomy":"post_tag","embeddable":true,"href":"https:\/\/losperiodistas.com.mx\/portal\/wp-json\/wp\/v2\/tags?post=34799"}],"curies":[{"name":"wp","href":"https:\/\/api.w.org\/{rel}","templated":true}]}}