{"id":34712,"date":"2022-08-17T06:36:18","date_gmt":"2022-08-17T11:36:18","guid":{"rendered":"http:\/\/losperiodistas.com.mx\/portal\/?p=34712"},"modified":"2022-08-17T06:36:20","modified_gmt":"2022-08-17T11:36:20","slug":"nuevo-audio-de-alito-lo-exhiben-acordando-entrevistas-a-modo-para-campana-del-pri-en-nl-proceso","status":"publish","type":"post","link":"https:\/\/losperiodistas.com.mx\/portal\/nuevo-audio-de-alito-lo-exhiben-acordando-entrevistas-a-modo-para-campana-del-pri-en-nl-proceso\/","title":{"rendered":"Nuevo audio de \u201cAlito\u201d: Lo exhiben acordando entrevistas a modo para campa\u00f1a del PRI en NL | Proceso"},"content":{"rendered":"\n<p><strong>En su programa televisivo denominado Martes del Jaguar, la gobernadora morenista transmiti\u00f3 en su casa y se\u00f1al\u00f3 que no se utilizaron recursos p\u00fablicos.<\/strong><\/p>\n\n\n\n<p><\/p>\n\n\n\n<figure class=\"wp-block-image size-full is-style-default\"><img fetchpriority=\"high\" decoding=\"async\" width=\"800\" height=\"450\" src=\"https:\/\/losperiodistas.com.mx\/portal\/wp-content\/uploads\/2022\/08\/f800x450-157656_209102_5050.jpeg\" alt=\"\" class=\"wp-image-34713\" srcset=\"https:\/\/losperiodistas.com.mx\/portal\/wp-content\/uploads\/2022\/08\/f800x450-157656_209102_5050.jpeg 800w, https:\/\/losperiodistas.com.mx\/portal\/wp-content\/uploads\/2022\/08\/f800x450-157656_209102_5050-300x169.jpeg 300w, https:\/\/losperiodistas.com.mx\/portal\/wp-content\/uploads\/2022\/08\/f800x450-157656_209102_5050-768x432.jpeg 768w\" sizes=\"(max-width: 800px) 100vw, 800px\" \/><figcaption>Alejandro Moreno, l\u00edder del PRI. Foto: Twitter @alitomorenoc<\/figcaption><\/figure>\n\n\n\n<p class=\"has-vivid-cyan-blue-color has-text-color has-medium-font-size\">EZEQUIEL FLORES CONTRERAS \/ PROCESO<\/p>\n\n\n\n<p>CIUDAD DE M\u00c9XICO (apro).- La gobernadora de Campeche, Layda Sansores San Rom\u00e1n exhibi\u00f3 un nuevo audio del dirigente nacional del PRI, Alejandro \u201cAlito\u201d Moreno C\u00e1rdenas, donde supuestamente sostiene una reuni\u00f3n con el director de Grupo Radio F\u00f3rmula, Gustavo Villarreal, para pactar presuntas entrevistas a modo con el prop\u00f3sito de beneficiar al excandidato de la alianza PRI-PRD a la gubernatura de Nuevo Le\u00f3n, Adri\u00e1n de la Garza Santos. &nbsp;<\/p>\n\n\n\n<p>\u201cInventan las entrevistas, todo es de mentiritas y solo dicen lo que les conviene, lo que quieren y lo que les pagan. Son sus amigos, sus cuates y por eso pueden manejar a tantos periodistas\u201d, expres\u00f3 la mandataria postulada por Morena.<\/p>\n\n\n\n<h5 class=\"wp-block-heading\">NOTICIAS RELACIONADAS<\/h5>\n\n\n\n<ul class=\"wp-block-list\"><li><a href=\"https:\/\/www.proceso.com.mx\/nacional\/2022\/8\/10\/layda-sansores-desafia-juez-vuelve-publicar-audios-de-alito-pero-en-sus-redes-sociales-291295.html\">Layda Sansores desaf\u00eda a juez y vuelve a publicar audios de \u201cAlito\u00bb, pero en sus redes sociales<\/a><\/li><li><a href=\"https:\/\/www.proceso.com.mx\/nacional\/estados\/2022\/8\/2\/no-difundiran-audios-de-alito-layda-sansores-suspende-el-martes-del-jaguar-290779.html\">No difundir\u00e1n audios de \u00abAlito\u00bb: Layda Sansores suspende el \u201cMartes del Jaguar\u201d<\/a><\/li><li><a href=\"https:\/\/www.proceso.com.mx\/nacional\/2022\/7\/23\/alito-moreno-denuncia-ante-la-fgr-layda-sansores-por-difundir-mas-audios-290149.html\">\u201cAlito\u201d Moreno denuncia ante la FGR a Layda Sansores por difundir m\u00e1s audios<\/a><\/li><li><a href=\"https:\/\/www.proceso.com.mx\/nacional\/politica\/2022\/7\/18\/va-el-pilon-layda-sansores-se-retracta-anuncia-otro-audio-contra-alito-moreno-289787.html\">\u00abVa el pil\u00f3n\u00bb: Layda Sansores se retracta y anuncia otro audio contra \u00abAlito\u00bb Moreno<\/a><\/li><\/ul>\n\n\n\n<p>En su programa televisivo denominado Martes del Jaguar que se transmiti\u00f3 en su casa y donde se\u00f1al\u00f3 que no se utilizaron recursos p\u00fablicos y tampoco habr\u00edan&nbsp;participado servidores p\u00fablicos para evitar violar la resoluci\u00f3n de un juez federal que ampar\u00f3 a Moreno C\u00e1rdenas, Sansores San Rom\u00e1n arremeti\u00f3 contra el periodista Joaqu\u00edn L\u00f3pez D\u00f3riga.<\/p>\n\n\n\n<p>Al respecto, dijo que a pesar de que intent\u00f3 deslindarse de \u201cAlito\u201d, lo acus\u00f3 de recibir sobornos del dirigente nacional del tricolor.<\/p>\n\n\n\n<p>\u201cYo creo que pasaron dos cosas: el se\u00f1or (Joaqu\u00edn L\u00f3pez D\u00f3riga) no cumpli\u00f3 lo que deb\u00eda hacer. Si recibi\u00f3 el dinero, \u00e9l tiene que pagar en especie o como fuera, fue tibio y Lord Brother (Alejandro Moreno), le exigi\u00f3 m\u00e1s y por eso comenz\u00f3 a criticarme y decir que me fui a Argentina\u201d, se\u00f1al\u00f3 la mandataria de Campeche.<\/p>\n\n\n\n<p>Incluso, exhibi\u00f3 una parodia del tango Adi\u00f3s Muchachos interpretado por el ic\u00f3nico cantante nacionalizado argentino, Carlos Gardel, para mofarse de L\u00f3pez D\u00f3riga.<\/p>\n\n\n\n<p>Enseguida, la gobernadora difundi\u00f3 un nuevo audio del l\u00edder nacional del PRI donde sostiene un encuentro privado presuntamente con el director general de la empresa Grupo Radio F\u00f3rmula, Guillermo Villareal y el excandidato a la gubernatura de Nuevo Le\u00f3n, Adri\u00e1n de la Garza Santos.<\/p>\n\n\n\n<p>En la conversaci\u00f3n, el empresario de la cadena de medios de comunicaci\u00f3n ofrece beneficiar a De la Garza Santos mediante entrevistas a modo, realizadas en los espacios de entretenimiento de Javier Poza y Maxine Woodside, as\u00ed como los programas de noticias de Denise Maerker y Joaqu\u00edn L\u00f3pez D\u00f3riga, sostuvo la gobernadora de Campeche.<\/p>\n\n\n\n<p>El audio comienza con la intervenci\u00f3n presuntamente del empresario Guillermo Villarreal donde dice:<\/p>\n\n\n\n<p>\u201cOrganizamos ahorita una serie con todas nuestras mujeres y todos los de mujeres salen en todo el estado. Javier Poza y Maxine salen en todo el estado en Telef\u00f3rmula, entonces \u00e9ntrale y rematamos con los de noticias que t\u00fa me digas. Estoy abierto a lo que quieras puedes entrar ah\u00ed con Denise (Mearker) o puedes entrar con Joaqu\u00edn (L\u00f3pez D\u00f3riga). \u00bfC\u00f3mo te trat\u00f3 Joaqu\u00edn L\u00f3pez D\u00f3riga? Bien, \u00bfno?\u201d, expresa Villarreal.&nbsp;<\/p>\n\n\n\n<p>\u201cNo, yo la o\u00ed y le digo: Este cabr\u00f3n, que el pinche, yo le dije porque no te dije, porque yo le dije a \u00e9l: Es que yo, \u00bfsabes qu\u00e9 creo? Que traen el tema con Samuel, Jaime. \u00bfNo? Mira, es que, \u00bfsabes por qu\u00e9? Porque pregunt\u00e9, pero, a ver cabr\u00f3n, t\u00fa eres decente. \u00bfTe pregunt\u00f3 culeradas, la neta? Quer\u00eda (Joaqu\u00edn L\u00f3pez D\u00f3riga), que le rompi\u00e9ramos la madre a Clara Luz pero no la podemos madrear\u201d, respondi\u00f3 \u201cAlito\u201d y se dirigi\u00f3 a Adri\u00e1n de la Garza.<\/p>\n\n\n\n<p>Enseguida, el excandidato del PRI dijo que Clara Luz \u201cya estaba \u201cmadreada, la cabrona, ya no\u201d, indic\u00f3.&nbsp;<\/p>\n\n\n\n<p>\u201cSi la bajamos\u201d, revir\u00f3 Moreno C\u00e1rdenas.<\/p>\n\n\n\n<p>Por su parte, el director general de Grupo Radio F\u00f3rmula se mof\u00f3 de la excandidata de Morena, Clara Luz Flores, al decir: \u201cEst\u00e1 sola g\u00fcey, esa ya mam\u00f3, su pinche video est\u00e1 rid\u00edculo g\u00fcey, el \u00faltimo\u201d.<\/p>\n\n\n\n<p>El excandidato del tricolor sigui\u00f3 explicando sobre la entrevista que le realiz\u00f3 Joaqu\u00edn L\u00f3pez D\u00f3riga.<\/p>\n\n\n\n<p>\u201cEntonces, en la entrevista Joaqu\u00edn dijo que a qui\u00e9n quer\u00eda, que me le dejara caer a Clara, entonces me le dejaba caer a Samuel y me dec\u00eda: `A ver, usted es el candidato y pues yo no soy el candidato, usted d\u00edgame, o sea, como que le parto la madre\u00b4 y le digo: `A ver, usted me pregunta y yo contesto\u00b4\u201d, coment\u00f3 Adri\u00e1n de la Garza.&nbsp;<\/p>\n\n\n\n<p>En respuesta, Guillermo Villarreal responde: \u201cPero tambi\u00e9n \u00bfsabes qu\u00e9 podemos hacer? Digo, aqu\u00ed entre amigos, que estoy aqu\u00ed con mi amigo, las preguntas que quieres que te haga las cuelo. \u00bfMe entiendes? Por ejemplo: habl\u00f3 la se\u00f1ora de San Pedro, no pues y la clavamos. En donde t\u00fa quieras entonces\u201d, le dijo el empresario al excandidato priista y agreg\u00f3:<\/p>\n\n\n\n<p>\u201cClaro, yo tampoco puedo controlar a estos cabrones de lo que van a preguntar. Ahora s\u00ed que cada cabr\u00f3n de estos tiene su\u2026\u201d, justific\u00f3 el director general de Grupo Radio F\u00f3rmula.<\/p>\n\n\n\n<figure class=\"wp-block-embed is-type-rich is-provider-twitter wp-block-embed-twitter\"><div class=\"wp-block-embed__wrapper\">\nhttps:\/\/twitter.com\/LaydaSansores\/status\/1559729885299482626?ref_src=twsrc%5Etfw%7Ctwcamp%5Etweetembed%7Ctwterm%5E1559729885299482626%7Ctwgr%5E542de3c748aad1f869565ff94cfb479a17692aec%7Ctwcon%5Es1_c10&#038;ref_url=https%3A%2F%2Fwww.proceso.com.mx%2Fnacional%2F2022%2F8%2F16%2Fnuevo-audio-de-alito-lo-exhiben-acordando-entrevistas-modo-para-campana-del-pri-en-nl-291645.html\n<\/div><\/figure>\n\n\n\n<p>Fuente: https:\/\/www.proceso.com.mx\/nacional\/2022\/8\/16\/nuevo-audio-de-alito-lo-exhiben-acordando-entrevistas-modo-para-campana-del-pri-en-nl-291645.html<\/p>\n","protected":false},"excerpt":{"rendered":"<p>En su programa televisivo denominado Martes del Jaguar, la gobernadora morenista transmiti\u00f3 en su casa y se\u00f1al\u00f3 que no se [&hellip;]<\/p>\n","protected":false},"author":1,"featured_media":34713,"comment_status":"open","ping_status":"open","sticky":false,"template":"","format":"standard","meta":{"site-sidebar-layout":"default","site-content-layout":"","ast-site-content-layout":"default","site-content-style":"default","site-sidebar-style":"default","ast-global-header-display":"","ast-banner-title-visibility":"","ast-main-header-display":"","ast-hfb-above-header-display":"","ast-hfb-below-header-display":"","ast-hfb-mobile-header-display":"","site-post-title":"","ast-breadcrumbs-content":"","ast-featured-img":"","footer-sml-layout":"","theme-transparent-header-meta":"","adv-header-id-meta":"","stick-header-meta":"","header-above-stick-meta":"","header-main-stick-meta":"","header-below-stick-meta":"","astra-migrate-meta-layouts":"default","ast-page-background-enabled":"default","ast-page-background-meta":{"desktop":{"background-color":"var(--ast-global-color-4)","background-image":"","background-repeat":"repeat","background-position":"center center","background-size":"auto","background-attachment":"scroll","background-type":"","background-media":"","overlay-type":"","overlay-color":"","overlay-opacity":"","overlay-gradient":""},"tablet":{"background-color":"","background-image":"","background-repeat":"repeat","background-position":"center center","background-size":"auto","background-attachment":"scroll","background-type":"","background-media":"","overlay-type":"","overlay-color":"","overlay-opacity":"","overlay-gradient":""},"mobile":{"background-color":"","background-image":"","background-repeat":"repeat","background-position":"center center","background-size":"auto","background-attachment":"scroll","background-type":"","background-media":"","overlay-type":"","overlay-color":"","overlay-opacity":"","overlay-gradient":""}},"ast-content-background-meta":{"desktop":{"background-color":"var(--ast-global-color-5)","background-image":"","background-repeat":"repeat","background-position":"center center","background-size":"auto","background-attachment":"scroll","background-type":"","background-media":"","overlay-type":"","overlay-color":"","overlay-opacity":"","overlay-gradient":""},"tablet":{"background-color":"var(--ast-global-color-5)","background-image":"","background-repeat":"repeat","background-position":"center center","background-size":"auto","background-attachment":"scroll","background-type":"","background-media":"","overlay-type":"","overlay-color":"","overlay-opacity":"","overlay-gradient":""},"mobile":{"background-color":"var(--ast-global-color-5)","background-image":"","background-repeat":"repeat","background-position":"center center","background-size":"auto","background-attachment":"scroll","background-type":"","background-media":"","overlay-type":"","overlay-color":"","overlay-opacity":"","overlay-gradient":""}},"footnotes":""},"categories":[8],"tags":[10782,12039,12038,12037,10783,12036],"class_list":["post-34712","post","type-post","status-publish","format-standard","has-post-thumbnail","hentry","category-noticias","tag-alito-moreno","tag-audios-alito","tag-gustavo-villareal","tag-layda-sanzores","tag-martes-del-jaguar","tag-radio-formula"],"_links":{"self":[{"href":"https:\/\/losperiodistas.com.mx\/portal\/wp-json\/wp\/v2\/posts\/34712","targetHints":{"allow":["GET"]}}],"collection":[{"href":"https:\/\/losperiodistas.com.mx\/portal\/wp-json\/wp\/v2\/posts"}],"about":[{"href":"https:\/\/losperiodistas.com.mx\/portal\/wp-json\/wp\/v2\/types\/post"}],"author":[{"embeddable":true,"href":"https:\/\/losperiodistas.com.mx\/portal\/wp-json\/wp\/v2\/users\/1"}],"replies":[{"embeddable":true,"href":"https:\/\/losperiodistas.com.mx\/portal\/wp-json\/wp\/v2\/comments?post=34712"}],"version-history":[{"count":1,"href":"https:\/\/losperiodistas.com.mx\/portal\/wp-json\/wp\/v2\/posts\/34712\/revisions"}],"predecessor-version":[{"id":34714,"href":"https:\/\/losperiodistas.com.mx\/portal\/wp-json\/wp\/v2\/posts\/34712\/revisions\/34714"}],"wp:featuredmedia":[{"embeddable":true,"href":"https:\/\/losperiodistas.com.mx\/portal\/wp-json\/wp\/v2\/media\/34713"}],"wp:attachment":[{"href":"https:\/\/losperiodistas.com.mx\/portal\/wp-json\/wp\/v2\/media?parent=34712"}],"wp:term":[{"taxonomy":"category","embeddable":true,"href":"https:\/\/losperiodistas.com.mx\/portal\/wp-json\/wp\/v2\/categories?post=34712"},{"taxonomy":"post_tag","embeddable":true,"href":"https:\/\/losperiodistas.com.mx\/portal\/wp-json\/wp\/v2\/tags?post=34712"}],"curies":[{"name":"wp","href":"https:\/\/api.w.org\/{rel}","templated":true}]}}