{"id":34709,"date":"2022-08-17T06:28:17","date_gmt":"2022-08-17T11:28:17","guid":{"rendered":"http:\/\/losperiodistas.com.mx\/portal\/?p=34709"},"modified":"2022-08-17T06:28:19","modified_gmt":"2022-08-17T11:28:19","slug":"haiti-sos-el-hambre-toca-el-corazon-de-los-ninos-de-un-pais-en-caos-aleteia","status":"publish","type":"post","link":"https:\/\/losperiodistas.com.mx\/portal\/haiti-sos-el-hambre-toca-el-corazon-de-los-ninos-de-un-pais-en-caos-aleteia\/","title":{"rendered":"Hait\u00ed: SOS, el hambre toca el coraz\u00f3n de los ni\u00f1os de un pa\u00eds en caos | Aleteia"},"content":{"rendered":"\n<p class=\"has-medium-font-size\">Incluso en las zonas m\u00e1s pobres de la capital, uno de cada cuatro ni\u00f1os presenta niveles alarmantes de desnutrici\u00f3n<\/p>\n\n\n\n<p><\/p>\n\n\n\n<figure class=\"wp-block-image size-large is-style-default\"><img fetchpriority=\"high\" decoding=\"async\" width=\"1024\" height=\"682\" src=\"https:\/\/losperiodistas.com.mx\/portal\/wp-content\/uploads\/2022\/08\/068_AA_13072022_798292-1024x682.jpg\" alt=\"\" class=\"wp-image-34710\" srcset=\"https:\/\/losperiodistas.com.mx\/portal\/wp-content\/uploads\/2022\/08\/068_AA_13072022_798292-1024x682.jpg 1024w, https:\/\/losperiodistas.com.mx\/portal\/wp-content\/uploads\/2022\/08\/068_AA_13072022_798292-300x200.jpg 300w, https:\/\/losperiodistas.com.mx\/portal\/wp-content\/uploads\/2022\/08\/068_AA_13072022_798292-768x512.jpg 768w, https:\/\/losperiodistas.com.mx\/portal\/wp-content\/uploads\/2022\/08\/068_AA_13072022_798292.jpg 1280w\" sizes=\"(max-width: 1024px) 100vw, 1024px\" \/><figcaption>Georges Harry Rouzier \/ Anadolu Agency via AFP<br>Barricadas en las calles de Puerto Pr\u00edncipe para protestar contra la escasez de gasolina en Puerto Pr\u00edncipe, Hait\u00ed, el 13 de julio de 2022<\/figcaption><\/figure>\n\n\n\n<p><\/p>\n\n\n\n<p class=\"has-vivid-cyan-blue-color has-text-color has-medium-font-size\">JAIME SEPTI\u00c9N \/ ALETEIA<\/p>\n\n\n\n<p>Desde enero de 2010, cuando un terremoto sacudi\u00f3 Hait\u00ed, comenz\u00f3 en este pa\u00eds una tremenda deriva alimentaria que se ha visto acompa\u00f1ada del caos pol\u00edtico y de la violencia desatada por bandas de delincuentes que lo ha sumido en la miseria m\u00e1s absoluta.<\/p>\n\n\n\n<p>El representante del Programa Mundial de Alimentos de la ONU en Hait\u00ed, Jean-Martin Bauer, alert\u00f3 \u2013 en una entrevista con la agencia alemana DW\u2013 sobre el inminente peligro de hambruna en el pa\u00eds m\u00e1s pobre del hemisferio y uno de los m\u00e1s pobres del planeta.<\/p>\n\n\n\n<p>La escasez general de alimentos ha sido \u00abimpulsada\u00bb en los \u00faltimos meses por la violencia callejera; la ola de secuestros y actos de barbarie perpetrados por bandas que se disputan todo. Desde la distribuci\u00f3n de droga hasta la de alimentos procedentes de la ayuda humanitaria de entidades como la ONU.<\/p>\n\n\n\n<p>Y por si los fen\u00f3menos internos y las cat\u00e1strofes naturales fueran poco, Hait\u00ed \u2013como buena parte de los pa\u00edses pobres del resto del mundo\u2014se ve aquejado por la guerra desatada en Ucrania pues, seg\u00fan Bauer, la naci\u00f3n antillana depende 50 por ciento de la importaci\u00f3n de alimentos.<\/p>\n\n\n\n<p>En casos como el arroz, un alimento b\u00e1sico en la dieta de los haitianos, la dependencia de la importaci\u00f3n aumenta y llega al 80 por ciento. Y a ello se auna la escasez de combustibles, la tremenda inflaci\u00f3n y el caos pol\u00edtico: tras un a\u00f1o y dos meses del asesinato del presidente Jovenel Mo\u00efse, nadi sabe qu\u00e9 poder real tiene el Gobierno.<\/p>\n\n\n\n<h3 class=\"wp-block-heading\">Un mill\u00f3n de personas no tiene qu\u00e9 comer<\/h3>\n\n\n\n<p>Bauer dijo a DW que gran parte de los alimentos de Hait\u00ed vienen de Estados Unidos, y muy poco de Ucrania. Sin embargo, la crisis en Ucrania tiene \u201cun efecto domin\u00f3\u201d, pues han aumentado en todo el mundo y esto lleva a una inflaci\u00f3n interanual en Hait\u00ed de 25 por ciento en comparaci\u00f3n con el 2021 y un aumento de 50 por ciento en la canasta b\u00e1sica en el mismo per\u00edodo.<\/p>\n\n\n\n<p>La combinaci\u00f3n ha resultado letal para los haitianos que, por miles, han tenido que huir del pa\u00eds hac\u00eda destinos tan remotos como Chile o, desde luego, Estados Unidos. En M\u00e9xico se han convertido en uno de los grupos de migrantes m\u00e1s populosos, junto con los \u201cnuevos\u201d migrantes: los venezolanos y los nicarag\u00fcenses.<\/p>\n\n\n\n<p>La inseguridad general se ha cebado en los barrios perif\u00e9ricos de la capital, Puerto Pr\u00edncipe; en donde se ha llegado a quemar la Catedral provisional (la Catedral fue duramente sacudida por el terremoto de 2010). As\u00ed como a secuestrar y a matar a misioneras que, a menudo, son las \u00fanicas que recogen a ni\u00f1os de la calle.<\/p>\n\n\n\n<p>Seg\u00fan cifras oficiales 4,5 millones de haitianos (de una poblaci\u00f3n de 11,4 millones de personas) se encuentran en este momento en una situaci\u00f3n de inseguridad alimentaria; pero \u00abentre esos 4,5 millones, hay un mill\u00f3n de personas que afrontan una posible emergencia alimentaria\u00bb, subray\u00f3 Bauer.<\/p>\n\n\n\n<p>La \u00abfase de emergencia\u00bb afecta directamente a los ni\u00f1os. En las zonas m\u00e1s pobres de la capital uno de cada cuatro ni\u00f1os presenta niveles alarmantes de desnutrici\u00f3n. \u00abLa situaci\u00f3n en Hait\u00ed es mala. La inseguridad alimentaria puede parecer un t\u00e9rmino muy t\u00e9cnico, pero significa que la gente no tiene suficiente que comer\u00bb.<\/p>\n\n\n\n<p>Lo cual significa algo extremadamente claro pero dif\u00edcil de escuchar en la sordera internacional que aqueja a nuestro mundo: \u00abque hay que actuar pronto\u00bb.<\/p>\n\n\n\n<p>Fuente: https:\/\/es.aleteia.org\/2022\/08\/17\/haiti-sos-el-hambre-toca-el-corazon-de-los-ninos-de-un-pais-en-caos\/<\/p>\n","protected":false},"excerpt":{"rendered":"<p>Incluso en las zonas m\u00e1s pobres de la capital, uno de cada cuatro ni\u00f1os presenta niveles alarmantes de desnutrici\u00f3n JAIME [&hellip;]<\/p>\n","protected":false},"author":1,"featured_media":34710,"comment_status":"open","ping_status":"open","sticky":false,"template":"","format":"standard","meta":{"site-sidebar-layout":"default","site-content-layout":"","ast-site-content-layout":"default","site-content-style":"default","site-sidebar-style":"default","ast-global-header-display":"","ast-banner-title-visibility":"","ast-main-header-display":"","ast-hfb-above-header-display":"","ast-hfb-below-header-display":"","ast-hfb-mobile-header-display":"","site-post-title":"","ast-breadcrumbs-content":"","ast-featured-img":"","footer-sml-layout":"","theme-transparent-header-meta":"","adv-header-id-meta":"","stick-header-meta":"","header-above-stick-meta":"","header-main-stick-meta":"","header-below-stick-meta":"","astra-migrate-meta-layouts":"default","ast-page-background-enabled":"default","ast-page-background-meta":{"desktop":{"background-color":"var(--ast-global-color-4)","background-image":"","background-repeat":"repeat","background-position":"center center","background-size":"auto","background-attachment":"scroll","background-type":"","background-media":"","overlay-type":"","overlay-color":"","overlay-opacity":"","overlay-gradient":""},"tablet":{"background-color":"","background-image":"","background-repeat":"repeat","background-position":"center center","background-size":"auto","background-attachment":"scroll","background-type":"","background-media":"","overlay-type":"","overlay-color":"","overlay-opacity":"","overlay-gradient":""},"mobile":{"background-color":"","background-image":"","background-repeat":"repeat","background-position":"center center","background-size":"auto","background-attachment":"scroll","background-type":"","background-media":"","overlay-type":"","overlay-color":"","overlay-opacity":"","overlay-gradient":""}},"ast-content-background-meta":{"desktop":{"background-color":"var(--ast-global-color-5)","background-image":"","background-repeat":"repeat","background-position":"center center","background-size":"auto","background-attachment":"scroll","background-type":"","background-media":"","overlay-type":"","overlay-color":"","overlay-opacity":"","overlay-gradient":""},"tablet":{"background-color":"var(--ast-global-color-5)","background-image":"","background-repeat":"repeat","background-position":"center center","background-size":"auto","background-attachment":"scroll","background-type":"","background-media":"","overlay-type":"","overlay-color":"","overlay-opacity":"","overlay-gradient":""},"mobile":{"background-color":"var(--ast-global-color-5)","background-image":"","background-repeat":"repeat","background-position":"center center","background-size":"auto","background-attachment":"scroll","background-type":"","background-media":"","overlay-type":"","overlay-color":"","overlay-opacity":"","overlay-gradient":""}},"footnotes":""},"categories":[8],"tags":[12035,4793,11813],"class_list":["post-34709","post","type-post","status-publish","format-standard","has-post-thumbnail","hentry","category-noticias","tag-desnutricion","tag-haiti-2","tag-pobreza"],"_links":{"self":[{"href":"https:\/\/losperiodistas.com.mx\/portal\/wp-json\/wp\/v2\/posts\/34709","targetHints":{"allow":["GET"]}}],"collection":[{"href":"https:\/\/losperiodistas.com.mx\/portal\/wp-json\/wp\/v2\/posts"}],"about":[{"href":"https:\/\/losperiodistas.com.mx\/portal\/wp-json\/wp\/v2\/types\/post"}],"author":[{"embeddable":true,"href":"https:\/\/losperiodistas.com.mx\/portal\/wp-json\/wp\/v2\/users\/1"}],"replies":[{"embeddable":true,"href":"https:\/\/losperiodistas.com.mx\/portal\/wp-json\/wp\/v2\/comments?post=34709"}],"version-history":[{"count":1,"href":"https:\/\/losperiodistas.com.mx\/portal\/wp-json\/wp\/v2\/posts\/34709\/revisions"}],"predecessor-version":[{"id":34711,"href":"https:\/\/losperiodistas.com.mx\/portal\/wp-json\/wp\/v2\/posts\/34709\/revisions\/34711"}],"wp:featuredmedia":[{"embeddable":true,"href":"https:\/\/losperiodistas.com.mx\/portal\/wp-json\/wp\/v2\/media\/34710"}],"wp:attachment":[{"href":"https:\/\/losperiodistas.com.mx\/portal\/wp-json\/wp\/v2\/media?parent=34709"}],"wp:term":[{"taxonomy":"category","embeddable":true,"href":"https:\/\/losperiodistas.com.mx\/portal\/wp-json\/wp\/v2\/categories?post=34709"},{"taxonomy":"post_tag","embeddable":true,"href":"https:\/\/losperiodistas.com.mx\/portal\/wp-json\/wp\/v2\/tags?post=34709"}],"curies":[{"name":"wp","href":"https:\/\/api.w.org\/{rel}","templated":true}]}}