{"id":34706,"date":"2022-08-17T06:10:03","date_gmt":"2022-08-17T11:10:03","guid":{"rendered":"http:\/\/losperiodistas.com.mx\/portal\/?p=34706"},"modified":"2022-08-17T06:10:04","modified_gmt":"2022-08-17T11:10:04","slug":"mexico-se-pinta-de-verde-olivo-56-ve-militarizacion-si-guardia-nacional-pasa-a-sedena-el-financiero","status":"publish","type":"post","link":"https:\/\/losperiodistas.com.mx\/portal\/mexico-se-pinta-de-verde-olivo-56-ve-militarizacion-si-guardia-nacional-pasa-a-sedena-el-financiero\/","title":{"rendered":"M\u00e9xico se pinta de verde olivo: 56% ve militarizaci\u00f3n si Guardia Nacional pasa a Sedena | El Financiero"},"content":{"rendered":"\n<h2 class=\"wp-block-heading\">La mayor\u00eda prefiere que propuesta pase por el Congreso en lugar de un decreto<\/h2>\n\n\n\n<p><\/p>\n\n\n\n<figure class=\"wp-block-image size-full is-style-default\"><img fetchpriority=\"high\" decoding=\"async\" width=\"800\" height=\"534\" src=\"https:\/\/losperiodistas.com.mx\/portal\/wp-content\/uploads\/2022\/08\/HSKUKRN6PJDXLNTJBR7HGYMSMY.jpeg\" alt=\"\" class=\"wp-image-34707\" srcset=\"https:\/\/losperiodistas.com.mx\/portal\/wp-content\/uploads\/2022\/08\/HSKUKRN6PJDXLNTJBR7HGYMSMY.jpeg 800w, https:\/\/losperiodistas.com.mx\/portal\/wp-content\/uploads\/2022\/08\/HSKUKRN6PJDXLNTJBR7HGYMSMY-300x200.jpeg 300w, https:\/\/losperiodistas.com.mx\/portal\/wp-content\/uploads\/2022\/08\/HSKUKRN6PJDXLNTJBR7HGYMSMY-768x513.jpeg 768w\" sizes=\"(max-width: 800px) 100vw, 800px\" \/><figcaption><strong>GN\u00a0<\/strong>Ven militarizaci\u00f3n si GN pasa Sedena\u00a0(Cuartoscuro)<\/figcaption><\/figure>\n\n\n\n<p class=\"has-vivid-cyan-blue-color has-text-color has-medium-font-size\">ALEJANDRO MORENO \/ EL FINANCIERO<\/p>\n\n\n\n<p>El 56 por ciento de los mexicanos opina que si la Guardia Nacional pasa a depender de la Secretar\u00eda de la Defensa Nacional (Sedena), como propone el presidente Andr\u00e9s Manuel L\u00f3pez Obrador, s\u00ed se estar\u00eda militarizando la seguridad p\u00fablica en el pa\u00eds, mientras que 34 por ciento opina que no habr\u00eda tal militarizaci\u00f3n.<\/p>\n\n\n\n<p>As\u00ed lo revela la m\u00e1s reciente encuesta nacional de EL FINANCIERO, realizada los d\u00edas 12 y 13 de agosto v\u00eda telef\u00f3nica.<\/p>\n\n\n\n<figure class=\"wp-block-image is-style-default\"><img decoding=\"async\" src=\"https:\/\/www.elfinanciero.com.mx\/resizer\/hdd24qWJyQsPfU8m9KikVSjV1bk=\/1440x0\/filters:format(jpg):quality(70)\/cloudfront-us-east-1.images.arcpublishing.com\/elfinanciero\/OEC4H4UREFBP5MJ54MXLZJ7RXU.jpg\" alt=\"\"\/><figcaption><strong>Encuesta Guardia Nacional&nbsp;<\/strong>Mayor\u00eda de ciudadanos ven militariaci\u00f3n si GN pasa a Sedena&nbsp;(Especial)<\/figcaption><\/figure>\n\n\n\n<p>Al preguntar si est\u00e1n a favor o en contra de la militarizaci\u00f3n de la seguridad p\u00fablica, las opiniones ciudadanas est\u00e1n divididas: 46 por ciento dijo estar a favor y otro 46 por ciento, en contra.<\/p>\n\n\n\n<figure class=\"wp-block-image is-style-default\"><img decoding=\"async\" src=\"https:\/\/www.elfinanciero.com.mx\/resizer\/a0horj9hOxkEanQvhST5gbc8fdM=\/1440x0\/filters:format(jpg):quality(70)\/cloudfront-us-east-1.images.arcpublishing.com\/elfinanciero\/A5JQRO76Q5FQ7P3O2AJQULHUAA.jpg\" alt=\"\"\/><figcaption><strong>Encuesta Guardia Nacional&nbsp;<\/strong>Militarizaci\u00f3n de seguridad p\u00fablica divide opiniones entre encuestados&nbsp;(Especial)<\/figcaption><\/figure>\n\n\n\n<p>De acuerdo con el estudio, la mayor\u00eda de los ciudadanos considera que la propuesta de pasar a la Guardia Nacional a la Sedena no debe darse por medio de un decreto presidencial, sino que debe ser sometida a discusi\u00f3n y votaci\u00f3n en el Congreso.about:blankabout:blank<\/p>\n\n\n\n<p>Seg\u00fan el sondeo, una mayor\u00eda de 59 por ciento considera m\u00e1s apropiado que la propuesta se discuta y vote en el Congreso, mientras que 37 por ciento ve bien que la medida se d\u00e9 por medio de un decreto presidencial.<\/p>\n\n\n\n<figure class=\"wp-block-image is-style-default\"><img decoding=\"async\" src=\"https:\/\/www.elfinanciero.com.mx\/resizer\/Ey2MJzym8E6SjmhBg_b4_4G2oBI=\/1440x0\/filters:format(jpg):quality(70)\/cloudfront-us-east-1.images.arcpublishing.com\/elfinanciero\/NNWWYL47DVE4TBBEIBCEUPAHRM.jpg\" alt=\"\"\/><figcaption><strong>Encuesta Guardia Nacional&nbsp;<\/strong>Propuesta sobre GN debe discutirse, consideran ciudadanos&nbsp;(Especial)<\/figcaption><\/figure>\n\n\n\n<p>Al preguntar si la Guardia Nacional debe tener un mando civil o un mando militar, la preferencia mayoritaria es por un mando militar, con 53 por ciento, frente a 40 por ciento que prefiere un mando civil.<\/p>\n\n\n\n<figure class=\"wp-block-image is-style-default\"><img decoding=\"async\" src=\"https:\/\/www.elfinanciero.com.mx\/resizer\/XTJpwdKh5yEgO5AlPMa-G_Eubq8=\/1440x0\/filters:format(jpg):quality(70)\/cloudfront-us-east-1.images.arcpublishing.com\/elfinanciero\/QKJO275XJ5EEJKGO6HGDOV7TCQ.jpg\" alt=\"\"\/><figcaption><strong>Encuesta Guardia Nacional&nbsp;<\/strong>Encuestados consideran que GN debe tener mando militar&nbsp;(Especial)<\/figcaption><\/figure>\n\n\n\n<p>No obstante, mientras que la preferencia por el mando militar se ha mantenido constante desde junio de 2021, cuando se registr\u00f3 54 por ciento, la preferencia por un mando civil creci\u00f3 seis puntos desde entonces, al pasar de 34 a 40 por ciento.<\/p>\n\n\n\n<p>El sondeo indica que la imagen de la Guardia Nacional ha sido positiva, registrando 61 por ciento de opini\u00f3n favorable en la medici\u00f3n de agosto, y 22 por ciento de opini\u00f3n desfavorable.<\/p>\n\n\n\n<figure class=\"wp-block-image is-style-default\"><img decoding=\"async\" src=\"https:\/\/www.elfinanciero.com.mx\/resizer\/__QYrHjCO1Obzp73-9ZHGNCsfVs=\/1440x0\/filters:format(jpg):quality(70)\/cloudfront-us-east-1.images.arcpublishing.com\/elfinanciero\/CJEKBAWXLBHSBPQ3ISR3LV7R7I.jpg\" alt=\"\"\/><figcaption><strong>Encuesta Guardia Nacional&nbsp;<\/strong>Ciudadanos tienen imagen positiva de Guardia Nacional&nbsp;(Especial)<\/figcaption><\/figure>\n\n\n\n<p><em>Metodolog\u00eda: Encuesta nacional realizada v\u00eda telef\u00f3nica a 500 mexicanos adultos el 12 y 13 de agosto de 2022. Se hizo un muestreo probabil\u00edstico de tel\u00e9fonos residenciales y celulares en las 32 entidades federativas. Con un nivel de confianza de 95%, el margen de error de las estimaciones es de +\/-4.4 por ciento.<\/em><\/p>\n\n\n\n<p><em>Patrocinio y Realizaci\u00f3n: EL FINANCIERO<\/em><\/p>\n\n\n\n<p>Fuente: https:\/\/www.elfinanciero.com.mx\/nacional\/2022\/08\/17\/mexico-se-pinta-de-verde-olivo-56-ve-militarizacion-si-guardia-nacional-pasa-a-sedena\/<\/p>\n","protected":false},"excerpt":{"rendered":"<p>La mayor\u00eda prefiere que propuesta pase por el Congreso en lugar de un decreto ALEJANDRO MORENO \/ EL FINANCIERO El [&hellip;]<\/p>\n","protected":false},"author":1,"featured_media":34707,"comment_status":"open","ping_status":"open","sticky":false,"template":"","format":"standard","meta":{"site-sidebar-layout":"default","site-content-layout":"","ast-site-content-layout":"default","site-content-style":"default","site-sidebar-style":"default","ast-global-header-display":"","ast-banner-title-visibility":"","ast-main-header-display":"","ast-hfb-above-header-display":"","ast-hfb-below-header-display":"","ast-hfb-mobile-header-display":"","site-post-title":"","ast-breadcrumbs-content":"","ast-featured-img":"","footer-sml-layout":"","theme-transparent-header-meta":"","adv-header-id-meta":"","stick-header-meta":"","header-above-stick-meta":"","header-main-stick-meta":"","header-below-stick-meta":"","astra-migrate-meta-layouts":"default","ast-page-background-enabled":"default","ast-page-background-meta":{"desktop":{"background-color":"var(--ast-global-color-4)","background-image":"","background-repeat":"repeat","background-position":"center center","background-size":"auto","background-attachment":"scroll","background-type":"","background-media":"","overlay-type":"","overlay-color":"","overlay-opacity":"","overlay-gradient":""},"tablet":{"background-color":"","background-image":"","background-repeat":"repeat","background-position":"center center","background-size":"auto","background-attachment":"scroll","background-type":"","background-media":"","overlay-type":"","overlay-color":"","overlay-opacity":"","overlay-gradient":""},"mobile":{"background-color":"","background-image":"","background-repeat":"repeat","background-position":"center center","background-size":"auto","background-attachment":"scroll","background-type":"","background-media":"","overlay-type":"","overlay-color":"","overlay-opacity":"","overlay-gradient":""}},"ast-content-background-meta":{"desktop":{"background-color":"var(--ast-global-color-5)","background-image":"","background-repeat":"repeat","background-position":"center center","background-size":"auto","background-attachment":"scroll","background-type":"","background-media":"","overlay-type":"","overlay-color":"","overlay-opacity":"","overlay-gradient":""},"tablet":{"background-color":"var(--ast-global-color-5)","background-image":"","background-repeat":"repeat","background-position":"center center","background-size":"auto","background-attachment":"scroll","background-type":"","background-media":"","overlay-type":"","overlay-color":"","overlay-opacity":"","overlay-gradient":""},"mobile":{"background-color":"var(--ast-global-color-5)","background-image":"","background-repeat":"repeat","background-position":"center center","background-size":"auto","background-attachment":"scroll","background-type":"","background-media":"","overlay-type":"","overlay-color":"","overlay-opacity":"","overlay-gradient":""}},"footnotes":""},"categories":[8],"tags":[2127,12011,3262],"class_list":["post-34706","post","type-post","status-publish","format-standard","has-post-thumbnail","hentry","category-noticias","tag-guardia-nacional","tag-militarizacion-mexico","tag-sedena"],"_links":{"self":[{"href":"https:\/\/losperiodistas.com.mx\/portal\/wp-json\/wp\/v2\/posts\/34706","targetHints":{"allow":["GET"]}}],"collection":[{"href":"https:\/\/losperiodistas.com.mx\/portal\/wp-json\/wp\/v2\/posts"}],"about":[{"href":"https:\/\/losperiodistas.com.mx\/portal\/wp-json\/wp\/v2\/types\/post"}],"author":[{"embeddable":true,"href":"https:\/\/losperiodistas.com.mx\/portal\/wp-json\/wp\/v2\/users\/1"}],"replies":[{"embeddable":true,"href":"https:\/\/losperiodistas.com.mx\/portal\/wp-json\/wp\/v2\/comments?post=34706"}],"version-history":[{"count":1,"href":"https:\/\/losperiodistas.com.mx\/portal\/wp-json\/wp\/v2\/posts\/34706\/revisions"}],"predecessor-version":[{"id":34708,"href":"https:\/\/losperiodistas.com.mx\/portal\/wp-json\/wp\/v2\/posts\/34706\/revisions\/34708"}],"wp:featuredmedia":[{"embeddable":true,"href":"https:\/\/losperiodistas.com.mx\/portal\/wp-json\/wp\/v2\/media\/34707"}],"wp:attachment":[{"href":"https:\/\/losperiodistas.com.mx\/portal\/wp-json\/wp\/v2\/media?parent=34706"}],"wp:term":[{"taxonomy":"category","embeddable":true,"href":"https:\/\/losperiodistas.com.mx\/portal\/wp-json\/wp\/v2\/categories?post=34706"},{"taxonomy":"post_tag","embeddable":true,"href":"https:\/\/losperiodistas.com.mx\/portal\/wp-json\/wp\/v2\/tags?post=34706"}],"curies":[{"name":"wp","href":"https:\/\/api.w.org\/{rel}","templated":true}]}}