{"id":34699,"date":"2022-08-17T05:56:05","date_gmt":"2022-08-17T10:56:05","guid":{"rendered":"http:\/\/losperiodistas.com.mx\/portal\/?p=34699"},"modified":"2022-08-17T05:56:09","modified_gmt":"2022-08-17T10:56:09","slug":"fuerte-lluvia-deja-arboles-caidos-e-inundaciones-en-la-capital-poblana-oem","status":"publish","type":"post","link":"https:\/\/losperiodistas.com.mx\/portal\/fuerte-lluvia-deja-arboles-caidos-e-inundaciones-en-la-capital-poblana-oem\/","title":{"rendered":"Fuerte lluvia deja \u00e1rboles ca\u00eddos e inundaciones en la capital poblana | OEM"},"content":{"rendered":"\n<h3 class=\"wp-block-heading\">Los habitantes difundieron videos y fotograf\u00edas de los estragos que caus\u00f3 la fuerte lluvia<\/h3>\n\n\n\n<figure class=\"wp-block-image size-large is-style-default\"><img fetchpriority=\"high\" decoding=\"async\" width=\"1024\" height=\"726\" src=\"https:\/\/losperiodistas.com.mx\/portal\/wp-content\/uploads\/2022\/08\/Captura-de-Pantalla-2022-08-17-a-las-5.53.17-1024x726.jpg\" alt=\"\" class=\"wp-image-34700\" srcset=\"https:\/\/losperiodistas.com.mx\/portal\/wp-content\/uploads\/2022\/08\/Captura-de-Pantalla-2022-08-17-a-las-5.53.17-1024x726.jpg 1024w, https:\/\/losperiodistas.com.mx\/portal\/wp-content\/uploads\/2022\/08\/Captura-de-Pantalla-2022-08-17-a-las-5.53.17-300x213.jpg 300w, https:\/\/losperiodistas.com.mx\/portal\/wp-content\/uploads\/2022\/08\/Captura-de-Pantalla-2022-08-17-a-las-5.53.17-768x545.jpg 768w, https:\/\/losperiodistas.com.mx\/portal\/wp-content\/uploads\/2022\/08\/Captura-de-Pantalla-2022-08-17-a-las-5.53.17.jpg 1506w\" sizes=\"(max-width: 1024px) 100vw, 1024px\" \/><\/figure>\n\n\n\n<p><\/p>\n\n\n\n<p class=\"has-vivid-cyan-blue-color has-text-color has-medium-font-size\">MARTHA CUAYA \/ EL SOL DE PUEBLA<\/p>\n\n\n\n<p><strong>Calles inundadas y \u00e1rboles ca\u00eddos&nbsp;<\/strong>fue el saldo de la lluvia registrada esta tarde en la capital poblana, pues as\u00ed se observ\u00f3 a trav\u00e9s de los reportes de los ciudadanos, quienes difundieron&nbsp;<strong>videos y fotograf\u00edas de la precipitaci\u00f3n.<\/strong><\/p>\n\n\n\n<p>La calle 25 Poniente en la colonia El Carmen, la Diagonal Defensores de la Rep\u00fablica, el Bulevar Hermanos Serd\u00e1n, as\u00ed como el Bulevar 5 de Mayo fueron unas de las vialidades afectadas, pues s<strong>e registraron anegaciones importantes.<\/strong><\/p>\n\n\n\n<p>Tambi\u00e9n el Bulevar Forjadores, Bulevar del Ni\u00f1o Poblano, la calle 5 Norte, as\u00ed como la zona de Zavaleta fueron afectadas, pues los niveles de agua sobrepasaron los 35 cent\u00edmetros, aunque no\u00a0<strong>se registraron veh\u00edculos varados en tales lugares.<\/strong><\/p>\n\n\n\n<p>No obstante en la colonia Reforma Sur se solicit\u00f3 el apoyo de las autoridades municipales, pues una camioneta no pudo continuar su trayecto debido a la&nbsp;<strong>acumulaci\u00f3n de agua en las vialidades.<\/strong><\/p>\n\n\n\n<p>Mientras tanto en el Bulevar Hermanos Serd\u00e1n, entre Calle Durango y Sonora Poniente,&nbsp;<strong>un \u00e1rbol cay\u00f3&nbsp;<\/strong>por lo que los elementos de Protecci\u00f3n Civil Municipal acudieron para mitigar los riesgos.<\/p>\n\n\n\n<p>Tambi\u00e9n en la calle 8 Oriente y calle 5 del fraccionamiento de San Jer\u00f3nimo<strong>&nbsp;otro \u00e1rbol fue derribado por la fuerte lluvia y vientos<\/strong>&nbsp;que se registraron ese 16 de agosto.<\/p>\n\n\n\n<p>A la par el personal de Protecci\u00f3n Civil atendi\u00f3 el reporte de inundaci\u00f3n de una casa habitaci\u00f3n en la calle 2 Oriente y 5 de Mayo, esto en la colonia Los \u00c1lamos Toltepec.<\/p>\n\n\n\n<figure class=\"wp-block-embed is-type-rich is-provider-twitter wp-block-embed-twitter\"><div class=\"wp-block-embed__wrapper\">\nhttps:\/\/twitter.com\/elsoldepuebla1\/status\/1559698138302238721?ref_src=twsrc%5Etfw%7Ctwcamp%5Etweetembed%7Ctwterm%5E1559698138302238721%7Ctwgr%5Ed8da38532705d6c3aac7f512ccdbc81dad47aeeb%7Ctwcon%5Es1_c10&#038;ref_url=https%3A%2F%2Fwww.elsoldepuebla.com.mx%2Flocal%2Ffuerte-lluvia-deja-arboles-caidos-e-inundaciones-en-la-capital-poblana-8750426.html\n<\/div><\/figure>\n\n\n\n<p>Fuente: https:\/\/www.elsoldepuebla.com.mx\/local\/fuerte-lluvia-deja-arboles-caidos-e-inundaciones-en-la-capital-poblana-8750426.html<\/p>\n","protected":false},"excerpt":{"rendered":"<p>Los habitantes difundieron videos y fotograf\u00edas de los estragos que caus\u00f3 la fuerte lluvia MARTHA CUAYA \/ EL SOL DE [&hellip;]<\/p>\n","protected":false},"author":1,"featured_media":34701,"comment_status":"open","ping_status":"open","sticky":false,"template":"","format":"standard","meta":{"site-sidebar-layout":"default","site-content-layout":"","ast-site-content-layout":"default","site-content-style":"default","site-sidebar-style":"default","ast-global-header-display":"","ast-banner-title-visibility":"","ast-main-header-display":"","ast-hfb-above-header-display":"","ast-hfb-below-header-display":"","ast-hfb-mobile-header-display":"","site-post-title":"","ast-breadcrumbs-content":"","ast-featured-img":"","footer-sml-layout":"","theme-transparent-header-meta":"","adv-header-id-meta":"","stick-header-meta":"","header-above-stick-meta":"","header-main-stick-meta":"","header-below-stick-meta":"","astra-migrate-meta-layouts":"default","ast-page-background-enabled":"default","ast-page-background-meta":{"desktop":{"background-color":"var(--ast-global-color-4)","background-image":"","background-repeat":"repeat","background-position":"center center","background-size":"auto","background-attachment":"scroll","background-type":"","background-media":"","overlay-type":"","overlay-color":"","overlay-opacity":"","overlay-gradient":""},"tablet":{"background-color":"","background-image":"","background-repeat":"repeat","background-position":"center center","background-size":"auto","background-attachment":"scroll","background-type":"","background-media":"","overlay-type":"","overlay-color":"","overlay-opacity":"","overlay-gradient":""},"mobile":{"background-color":"","background-image":"","background-repeat":"repeat","background-position":"center center","background-size":"auto","background-attachment":"scroll","background-type":"","background-media":"","overlay-type":"","overlay-color":"","overlay-opacity":"","overlay-gradient":""}},"ast-content-background-meta":{"desktop":{"background-color":"var(--ast-global-color-5)","background-image":"","background-repeat":"repeat","background-position":"center center","background-size":"auto","background-attachment":"scroll","background-type":"","background-media":"","overlay-type":"","overlay-color":"","overlay-opacity":"","overlay-gradient":""},"tablet":{"background-color":"var(--ast-global-color-5)","background-image":"","background-repeat":"repeat","background-position":"center center","background-size":"auto","background-attachment":"scroll","background-type":"","background-media":"","overlay-type":"","overlay-color":"","overlay-opacity":"","overlay-gradient":""},"mobile":{"background-color":"var(--ast-global-color-5)","background-image":"","background-repeat":"repeat","background-position":"center center","background-size":"auto","background-attachment":"scroll","background-type":"","background-media":"","overlay-type":"","overlay-color":"","overlay-opacity":"","overlay-gradient":""}},"footnotes":""},"categories":[8],"tags":[],"class_list":["post-34699","post","type-post","status-publish","format-standard","has-post-thumbnail","hentry","category-noticias"],"_links":{"self":[{"href":"https:\/\/losperiodistas.com.mx\/portal\/wp-json\/wp\/v2\/posts\/34699","targetHints":{"allow":["GET"]}}],"collection":[{"href":"https:\/\/losperiodistas.com.mx\/portal\/wp-json\/wp\/v2\/posts"}],"about":[{"href":"https:\/\/losperiodistas.com.mx\/portal\/wp-json\/wp\/v2\/types\/post"}],"author":[{"embeddable":true,"href":"https:\/\/losperiodistas.com.mx\/portal\/wp-json\/wp\/v2\/users\/1"}],"replies":[{"embeddable":true,"href":"https:\/\/losperiodistas.com.mx\/portal\/wp-json\/wp\/v2\/comments?post=34699"}],"version-history":[{"count":1,"href":"https:\/\/losperiodistas.com.mx\/portal\/wp-json\/wp\/v2\/posts\/34699\/revisions"}],"predecessor-version":[{"id":34702,"href":"https:\/\/losperiodistas.com.mx\/portal\/wp-json\/wp\/v2\/posts\/34699\/revisions\/34702"}],"wp:featuredmedia":[{"embeddable":true,"href":"https:\/\/losperiodistas.com.mx\/portal\/wp-json\/wp\/v2\/media\/34701"}],"wp:attachment":[{"href":"https:\/\/losperiodistas.com.mx\/portal\/wp-json\/wp\/v2\/media?parent=34699"}],"wp:term":[{"taxonomy":"category","embeddable":true,"href":"https:\/\/losperiodistas.com.mx\/portal\/wp-json\/wp\/v2\/categories?post=34699"},{"taxonomy":"post_tag","embeddable":true,"href":"https:\/\/losperiodistas.com.mx\/portal\/wp-json\/wp\/v2\/tags?post=34699"}],"curies":[{"name":"wp","href":"https:\/\/api.w.org\/{rel}","templated":true}]}}