{"id":34668,"date":"2022-08-17T05:49:31","date_gmt":"2022-08-17T10:49:31","guid":{"rendered":"http:\/\/losperiodistas.com.mx\/portal\/?p=34668"},"modified":"2022-08-17T05:49:31","modified_gmt":"2022-08-17T10:49:31","slug":"en-estas-vialidades-estaran-los-cinemometros-en-puebla-capital-sera-aleatorio-angulo-7","status":"publish","type":"post","link":"https:\/\/losperiodistas.com.mx\/portal\/en-estas-vialidades-estaran-los-cinemometros-en-puebla-capital-sera-aleatorio-angulo-7\/","title":{"rendered":"En estas vialidades estar\u00e1n los cinem\u00f3metros en Puebla capital; ser\u00e1 aleatorio | \u00c1ngulo 7"},"content":{"rendered":"\n<figure class=\"wp-block-image size-full is-style-default\"><img fetchpriority=\"high\" decoding=\"async\" width=\"620\" height=\"330\" src=\"https:\/\/losperiodistas.com.mx\/portal\/wp-content\/uploads\/2022\/08\/En-estas-vialidades-estaran-los-cinemometros-en-Puebla-capital-sera-aleatorio.jpeg\" alt=\"\" class=\"wp-image-34697\" srcset=\"https:\/\/losperiodistas.com.mx\/portal\/wp-content\/uploads\/2022\/08\/En-estas-vialidades-estaran-los-cinemometros-en-Puebla-capital-sera-aleatorio.jpeg 620w, https:\/\/losperiodistas.com.mx\/portal\/wp-content\/uploads\/2022\/08\/En-estas-vialidades-estaran-los-cinemometros-en-Puebla-capital-sera-aleatorio-300x160.jpeg 300w\" sizes=\"(max-width: 620px) 100vw, 620px\" \/><figcaption><em>Foto: EsImagen<\/em><\/figcaption><\/figure>\n\n\n\n<p><\/p>\n\n\n\n<p class=\"has-vivid-cyan-blue-color has-text-color has-medium-font-size\">EDGAR GUZM\u00c1N URIBE \/ \u00c1NGULO 7<\/p>\n\n\n\n<p>Los recursos que se obtengan por la&nbsp;<strong>implementaci\u00f3n de los cinem\u00f3metros<\/strong>&nbsp;se destinar\u00e1n a los programas del ayuntamiento, los cuales estar\u00e1n s\u00f3lo en las&nbsp;<strong>vialidades que est\u00e9n se\u00f1alizadas<\/strong>, entre ellas bulevares, por lo que ser\u00e1 de&nbsp;<strong>manera aleatoria seis d\u00edas a la semana.<\/strong><\/p>\n\n\n\n<p>As\u00ed lo se\u00f1al\u00f3, en entrevista, el alcalde&nbsp;<strong>Eduardo Rivera P\u00e9rez<\/strong>, quien no precis\u00f3 el monto de cada uno de los dispositivos, pero hizo \u00e9nfasis en que solo&nbsp;<strong>fueron dos por falta de recursos<\/strong>, ya que est\u00e1n dentro de la inversi\u00f3n de 200 millones de pesos para mejorar la semaforizaci\u00f3n.<\/p>\n\n\n\n<p>Ante esto, las vialidades donde estar\u00e1n los radares de manera aleatoria haciendo los operativos son&nbsp;<strong>Prolongaci\u00f3n Reforma, bulevar Forjadores, 16 de Septiembre, 11 Sur-Norte, Diagonal Defensores de la Rep\u00fablica, avenida Ju\u00e1rez, Teziutl\u00e1n Norte, 15 de Mayo, bulevar San Felipe, avenida Revoluci\u00f3n, bulevar Ej\u00e9rcito de Oriente con Calzada Ignacio Zaragoza y bulevar Norte<\/strong>.<\/p>\n\n\n\n<p>Asimismo, en los&nbsp;<strong>bulevares Hermanos Serd\u00e1n<\/strong>,&nbsp;<strong>Aar\u00f3n Merino Fern\u00e1ndez, Vicente Su\u00e1rez, 5 de mayo, Esteban de Antu\u00f1ano, del Ni\u00f1o Poblano, Municipio Libre, Carmen Serd\u00e1n, Carlos Camacho Esp\u00edritu, Atlixco y Xonacatepec, la 14 Oriente, Circuito Juan Pablo II, 24 Sur, 14 Sur, Fidel Vel\u00e1zquez, Calzada Zavaleta, 31 Oriente-Poniente y avenida Nacional<\/strong>-Publicidad-<\/p>\n\n\n\n<p>Cabe mencionar que&nbsp;<a href=\"https:\/\/www.angulo7.com.mx\/2022\/08\/15\/proximo-lunes-cinemometros-en-puebla-multas-hasta-de-1924\/\" target=\"_blank\" rel=\"noreferrer noopener\">las multas por rebasar el l\u00edmite<\/a>&nbsp;de velocidad, que ser\u00e1 detectado con los cinem\u00f3metros, ser\u00e1n de entre&nbsp;<strong>12 y 20 Unidades de Medida y Actualizaci\u00f3n<\/strong>&nbsp;(UMA), es decir, entre&nbsp;<strong>mil 154.64 y mil 924.4 pesos.<\/strong><\/p>\n\n\n\n<h2 class=\"wp-block-heading\">Buscan regular velocidad de calles primarias y secundarias<\/h2>\n\n\n\n<p>El alcalde de Puebla dijo que la idea es regular la velocidad en las&nbsp;<strong>vialidades primarias y secundarias<\/strong>, as\u00ed como evitar que haya m\u00e1s accidentes por esta situaci\u00f3n, por ello&nbsp;<strong>a partir del lunes estar\u00e1n operando.<\/strong><\/p>\n\n\n\n<p>\u00abEsto es para que realmente la sociedad, que usan veh\u00edculos,&nbsp;<strong>respeten la velocidad y que no haya cobro de infracciones<\/strong>, pero como autoridad debemos intervenir porque desafortunadamente&nbsp;<strong>hemos perdido vidas por la imprudencia<\/strong>\u00ab.- Publicidad &#8211;<\/p>\n\n\n\n<p>Hizo \u00e9nfasis en que el recurso de las infracciones se&nbsp;<strong>utilizar\u00e1 para los proyectos como rescate de espacios p\u00fablicos, seguridad, iluminaci\u00f3n, relaminaci\u00f3n de calles, estancias infantiles<\/strong>, el programa M\u00e9dico Contigo o en materia de prevenci\u00f3n de la violencia contra mujeres.<\/p>\n\n\n\n<p>Y es que de acuerdo con el gobierno municipal, en lo que va del a\u00f1o se han&nbsp;<strong>registrado 3 mil 358 accidentes viales<\/strong>, por lo que los cinem\u00f3metros buscan reducir est\u00e1 cifra bajo la aplicaci\u00f3n de multas que van desde los&nbsp;<strong>mil 154 hasta mil 924 pesos.<\/strong><\/p>\n\n\n\n<p>\u201cEste proyecto de los cinem\u00f3metros va en conjunto con la inversi\u00f3n de m\u00e1s de&nbsp;<strong>200 millones que se tienen para temas de movilidad segura<\/strong>, ser\u00e1 en todas las vialidades principales y donde requerimos que haya mayor tr\u00e1nsito peatonal\u201d, remarc\u00f3.<\/p>\n\n\n\n<h3 class=\"wp-block-heading\">Van 2 mil 262 sem\u00e1foros reparados<\/h3>\n\n\n\n<p><\/p>\n\n\n\n<p>Sobre el tema de los sem\u00e1foros, dijo que a la&nbsp;<strong>fecha van 2 mil 262 reparados en el municipio desde que inici\u00f3 el programa<\/strong>, mientras que todos aquellos que est\u00e9n en malas condiciones ser\u00e1n cambiados para&nbsp;<strong>garantizar la movilidad de veh\u00edculos y peatones.<\/strong><\/p>\n\n\n\n<p>Refiri\u00f3 que en las vialidades principales se pintar\u00e1n estos dispositivos, as\u00ed como la\u00a0<strong>colocaci\u00f3n de sem\u00e1foros peatonales en puntos con mayor circulaci\u00f3n<\/strong>, a lo que se suma el balizamiento que es la pintura de la se\u00f1al\u00e9tica de las vialidades, como en la 11 Norte-Sur.<\/p>\n\n\n\n<figure class=\"wp-block-embed is-type-video is-provider-youtube wp-block-embed-youtube wp-embed-aspect-16-9 wp-has-aspect-ratio\"><div class=\"wp-block-embed__wrapper\">\n<iframe title=\"En estas vialidades estar\u00e1n los cinem\u00f3metros en Puebla capital; ser\u00e1 aleatorio\" width=\"500\" height=\"281\" src=\"https:\/\/www.youtube.com\/embed\/olaO_S5ZKKg?feature=oembed\" frameborder=\"0\" allow=\"accelerometer; autoplay; clipboard-write; encrypted-media; gyroscope; picture-in-picture; web-share\" referrerpolicy=\"strict-origin-when-cross-origin\" allowfullscreen><\/iframe>\n<\/div><\/figure>\n\n\n\n<p>Fuente: https:\/\/www.angulo7.com.mx\/2022\/08\/16\/en-estas-vialidades-estaran-los-cinemometros-en-puebla-capital\/<\/p>\n\n\n\n<p><\/p>\n","protected":false},"excerpt":{"rendered":"<p>EDGAR GUZM\u00c1N URIBE \/ \u00c1NGULO 7 Los recursos que se obtengan por la&nbsp;implementaci\u00f3n de los cinem\u00f3metros&nbsp;se destinar\u00e1n a los programas [&hellip;]<\/p>\n","protected":false},"author":1,"featured_media":34697,"comment_status":"open","ping_status":"open","sticky":false,"template":"","format":"standard","meta":{"site-sidebar-layout":"default","site-content-layout":"","ast-site-content-layout":"default","site-content-style":"default","site-sidebar-style":"default","ast-global-header-display":"","ast-banner-title-visibility":"","ast-main-header-display":"","ast-hfb-above-header-display":"","ast-hfb-below-header-display":"","ast-hfb-mobile-header-display":"","site-post-title":"","ast-breadcrumbs-content":"","ast-featured-img":"","footer-sml-layout":"","theme-transparent-header-meta":"","adv-header-id-meta":"","stick-header-meta":"","header-above-stick-meta":"","header-main-stick-meta":"","header-below-stick-meta":"","astra-migrate-meta-layouts":"default","ast-page-background-enabled":"default","ast-page-background-meta":{"desktop":{"background-color":"var(--ast-global-color-4)","background-image":"","background-repeat":"repeat","background-position":"center center","background-size":"auto","background-attachment":"scroll","background-type":"","background-media":"","overlay-type":"","overlay-color":"","overlay-opacity":"","overlay-gradient":""},"tablet":{"background-color":"","background-image":"","background-repeat":"repeat","background-position":"center center","background-size":"auto","background-attachment":"scroll","background-type":"","background-media":"","overlay-type":"","overlay-color":"","overlay-opacity":"","overlay-gradient":""},"mobile":{"background-color":"","background-image":"","background-repeat":"repeat","background-position":"center center","background-size":"auto","background-attachment":"scroll","background-type":"","background-media":"","overlay-type":"","overlay-color":"","overlay-opacity":"","overlay-gradient":""}},"ast-content-background-meta":{"desktop":{"background-color":"var(--ast-global-color-5)","background-image":"","background-repeat":"repeat","background-position":"center center","background-size":"auto","background-attachment":"scroll","background-type":"","background-media":"","overlay-type":"","overlay-color":"","overlay-opacity":"","overlay-gradient":""},"tablet":{"background-color":"var(--ast-global-color-5)","background-image":"","background-repeat":"repeat","background-position":"center center","background-size":"auto","background-attachment":"scroll","background-type":"","background-media":"","overlay-type":"","overlay-color":"","overlay-opacity":"","overlay-gradient":""},"mobile":{"background-color":"var(--ast-global-color-5)","background-image":"","background-repeat":"repeat","background-position":"center center","background-size":"auto","background-attachment":"scroll","background-type":"","background-media":"","overlay-type":"","overlay-color":"","overlay-opacity":"","overlay-gradient":""}},"footnotes":""},"categories":[8],"tags":[12028],"class_list":["post-34668","post","type-post","status-publish","format-standard","has-post-thumbnail","hentry","category-noticias","tag-cinemometros-puebla"],"_links":{"self":[{"href":"https:\/\/losperiodistas.com.mx\/portal\/wp-json\/wp\/v2\/posts\/34668","targetHints":{"allow":["GET"]}}],"collection":[{"href":"https:\/\/losperiodistas.com.mx\/portal\/wp-json\/wp\/v2\/posts"}],"about":[{"href":"https:\/\/losperiodistas.com.mx\/portal\/wp-json\/wp\/v2\/types\/post"}],"author":[{"embeddable":true,"href":"https:\/\/losperiodistas.com.mx\/portal\/wp-json\/wp\/v2\/users\/1"}],"replies":[{"embeddable":true,"href":"https:\/\/losperiodistas.com.mx\/portal\/wp-json\/wp\/v2\/comments?post=34668"}],"version-history":[{"count":1,"href":"https:\/\/losperiodistas.com.mx\/portal\/wp-json\/wp\/v2\/posts\/34668\/revisions"}],"predecessor-version":[{"id":34698,"href":"https:\/\/losperiodistas.com.mx\/portal\/wp-json\/wp\/v2\/posts\/34668\/revisions\/34698"}],"wp:featuredmedia":[{"embeddable":true,"href":"https:\/\/losperiodistas.com.mx\/portal\/wp-json\/wp\/v2\/media\/34697"}],"wp:attachment":[{"href":"https:\/\/losperiodistas.com.mx\/portal\/wp-json\/wp\/v2\/media?parent=34668"}],"wp:term":[{"taxonomy":"category","embeddable":true,"href":"https:\/\/losperiodistas.com.mx\/portal\/wp-json\/wp\/v2\/categories?post=34668"},{"taxonomy":"post_tag","embeddable":true,"href":"https:\/\/losperiodistas.com.mx\/portal\/wp-json\/wp\/v2\/tags?post=34668"}],"curies":[{"name":"wp","href":"https:\/\/api.w.org\/{rel}","templated":true}]}}