{"id":34662,"date":"2022-08-16T11:41:49","date_gmt":"2022-08-16T16:41:49","guid":{"rendered":"http:\/\/losperiodistas.com.mx\/portal\/?p=34662"},"modified":"2022-08-16T11:44:30","modified_gmt":"2022-08-16T16:44:30","slug":"mas-de-900-ninas-y-ninos-se-regularizan-en-el-curso-de-verano-con-rumbo-del-smdif-pueblan","status":"publish","type":"post","link":"https:\/\/losperiodistas.com.mx\/portal\/mas-de-900-ninas-y-ninos-se-regularizan-en-el-curso-de-verano-con-rumbo-del-smdif-pueblan\/","title":{"rendered":"M\u00e1s de 900 ni\u00f1as y ni\u00f1os se regularizan en el Curso de Verano con Rumbo del SMDIF Puebla"},"content":{"rendered":"\n<ul class=\"wp-block-list\"><li>Ocho escuelas de nivel primaria abren sus puertas a ni\u00f1as y ni\u00f1os del 01 al 19 de agosto, para ayudar con su aprendizaje.<\/li><\/ul>\n\n\n\n<div class=\"wp-block-image is-style-default\"><figure class=\"alignleft size-large is-resized\"><img fetchpriority=\"high\" decoding=\"async\" src=\"https:\/\/losperiodistas.com.mx\/portal\/wp-content\/uploads\/2022\/08\/WhatsApp-Image-2022-08-16-at-10.15.33-AM-1024x682.jpeg\" alt=\"\" class=\"wp-image-34663\" width=\"633\" height=\"421\" srcset=\"https:\/\/losperiodistas.com.mx\/portal\/wp-content\/uploads\/2022\/08\/WhatsApp-Image-2022-08-16-at-10.15.33-AM-1024x682.jpeg 1024w, https:\/\/losperiodistas.com.mx\/portal\/wp-content\/uploads\/2022\/08\/WhatsApp-Image-2022-08-16-at-10.15.33-AM-300x200.jpeg 300w, https:\/\/losperiodistas.com.mx\/portal\/wp-content\/uploads\/2022\/08\/WhatsApp-Image-2022-08-16-at-10.15.33-AM-768x512.jpeg 768w, https:\/\/losperiodistas.com.mx\/portal\/wp-content\/uploads\/2022\/08\/WhatsApp-Image-2022-08-16-at-10.15.33-AM.jpeg 1280w\" sizes=\"(max-width: 633px) 100vw, 633px\" \/><figcaption>Ayuntamiento Puebla<\/figcaption><\/figure><\/div>\n\n\n\n<p><\/p>\n\n\n\n<p class=\"has-vivid-cyan-blue-color has-text-color has-medium-font-size\">REDACCI\u00d3N<\/p>\n\n\n\n<p>Con el objetivo de reforzar conocimientos en materias como matem\u00e1ticas, espa\u00f1ol, valores, ingl\u00e9s, creatividad y educaci\u00f3n f\u00edsica, el Sistema Municipal DIF (SMDIF), el Instituto de la Juventud del Municipio (IJMP) y la Asociaci\u00f3n Civil FOLIVA, unieron esfuerzos para que ni\u00f1as y ni\u00f1os que cursan nivel primaria puedan regularizarse en el \u201cCurso de Verano con Rumbo\u201d que se lleva a cabo del 01 al 19 de agosto.<\/p>\n\n\n\n<p>Se inscribieron un total de 940 alumnas y alumnos, que asisten de lunes a viernes de 10:00 a 13:30 horas a ocho escuelas primarias de diversas colonias como: Tres Cerritos, Lomas de Castillotla, El Cristo, La Hacienda, Barrio de la Luz, Infonavit la Victoria, adem\u00e1s de Juntas Auxiliares como San Francisco Totimehuc\u00e1n y Santo Tom\u00e1s Chautla, para ser parte del \u201cVerano Con Rumbo\u201d, donde se busca que las y los estudiantes adquieran conocimiento a trav\u00e9s de actividades l\u00fadicas, es decir, mediante juegos y activaciones f\u00edsicas.<\/p>\n\n\n\n<figure class=\"wp-block-image size-large is-style-default\"><img decoding=\"async\" width=\"1024\" height=\"682\" src=\"https:\/\/losperiodistas.com.mx\/portal\/wp-content\/uploads\/2022\/08\/WhatsApp-Image-2022-08-16-at-10.15.35-AM-1024x682.jpeg\" alt=\"\" class=\"wp-image-34664\" srcset=\"https:\/\/losperiodistas.com.mx\/portal\/wp-content\/uploads\/2022\/08\/WhatsApp-Image-2022-08-16-at-10.15.35-AM-1024x682.jpeg 1024w, https:\/\/losperiodistas.com.mx\/portal\/wp-content\/uploads\/2022\/08\/WhatsApp-Image-2022-08-16-at-10.15.35-AM-300x200.jpeg 300w, https:\/\/losperiodistas.com.mx\/portal\/wp-content\/uploads\/2022\/08\/WhatsApp-Image-2022-08-16-at-10.15.35-AM-768x512.jpeg 768w, https:\/\/losperiodistas.com.mx\/portal\/wp-content\/uploads\/2022\/08\/WhatsApp-Image-2022-08-16-at-10.15.35-AM.jpeg 1280w\" sizes=\"(max-width: 1024px) 100vw, 1024px\" \/><figcaption>Ayuntamiento Puebla<\/figcaption><\/figure>\n\n\n\n<p>Esta estrategia estuvo supervisada continuamente por Liliana Ortiz P\u00e9rez, Presidenta Honoraria del SMDIF y la acompa\u00f1aron Carolina Morales Garc\u00eda, Directora General del SMDIF; Karla Mart\u00ednez Lechuga, Secretaria del IJMP y representantes de la Asociaci\u00f3n Civil de J\u00f3venes FOLIVA, quienes convivieron con las y los menores, adem\u00e1s de constatar que tanto el personal que imparte los cursos como estudiantes se desenvuelvan en un ambiente pac\u00edfico que les permita adquirir los conocimientos necesarios para su crecimiento acad\u00e9mico y personal.<\/p>\n\n\n\n<p>\u201cVerano con Rumbo\u201d es una estrategia transversal, pues adem\u00e1s de contar con el apoyo de los directores de las escuelas donde se imparten estas sesiones de aprendizaje, se convoc\u00f3 a estudiantes de la licenciatura de pedagog\u00eda del BINE, Instituto de Artes Visuales del Estado de Puebla, Escuela Normal Superior del Estado de Puebla, adem\u00e1s de j\u00f3venes del Bachillerato Octavio Paz, Raquel Flores y de la Universidad Mesoamericana para impartir las materias y apoyar a las ni\u00f1as y ni\u00f1os con necesidades acad\u00e9micas.<\/p>\n\n\n\n<p>Es as\u00ed que, con estas acciones, el Gobierno Municipal de Puebla que encabeza Eduardo Rivera P\u00e9rez reitera su compromiso con el desarrollo integral y bienestar de las ciudadanas y ciudadanos m\u00e1s j\u00f3venes de la capital poblana.<\/p>\n","protected":false},"excerpt":{"rendered":"<p>Ocho escuelas de nivel primaria abren sus puertas a ni\u00f1as y ni\u00f1os del 01 al 19 de agosto, para ayudar [&hellip;]<\/p>\n","protected":false},"author":1,"featured_media":34664,"comment_status":"open","ping_status":"open","sticky":false,"template":"","format":"standard","meta":{"site-sidebar-layout":"default","site-content-layout":"","ast-site-content-layout":"default","site-content-style":"default","site-sidebar-style":"default","ast-global-header-display":"","ast-banner-title-visibility":"","ast-main-header-display":"","ast-hfb-above-header-display":"","ast-hfb-below-header-display":"","ast-hfb-mobile-header-display":"","site-post-title":"","ast-breadcrumbs-content":"","ast-featured-img":"","footer-sml-layout":"","theme-transparent-header-meta":"","adv-header-id-meta":"","stick-header-meta":"","header-above-stick-meta":"","header-main-stick-meta":"","header-below-stick-meta":"","astra-migrate-meta-layouts":"default","ast-page-background-enabled":"default","ast-page-background-meta":{"desktop":{"background-color":"var(--ast-global-color-4)","background-image":"","background-repeat":"repeat","background-position":"center center","background-size":"auto","background-attachment":"scroll","background-type":"","background-media":"","overlay-type":"","overlay-color":"","overlay-opacity":"","overlay-gradient":""},"tablet":{"background-color":"","background-image":"","background-repeat":"repeat","background-position":"center center","background-size":"auto","background-attachment":"scroll","background-type":"","background-media":"","overlay-type":"","overlay-color":"","overlay-opacity":"","overlay-gradient":""},"mobile":{"background-color":"","background-image":"","background-repeat":"repeat","background-position":"center center","background-size":"auto","background-attachment":"scroll","background-type":"","background-media":"","overlay-type":"","overlay-color":"","overlay-opacity":"","overlay-gradient":""}},"ast-content-background-meta":{"desktop":{"background-color":"var(--ast-global-color-5)","background-image":"","background-repeat":"repeat","background-position":"center center","background-size":"auto","background-attachment":"scroll","background-type":"","background-media":"","overlay-type":"","overlay-color":"","overlay-opacity":"","overlay-gradient":""},"tablet":{"background-color":"var(--ast-global-color-5)","background-image":"","background-repeat":"repeat","background-position":"center center","background-size":"auto","background-attachment":"scroll","background-type":"","background-media":"","overlay-type":"","overlay-color":"","overlay-opacity":"","overlay-gradient":""},"mobile":{"background-color":"var(--ast-global-color-5)","background-image":"","background-repeat":"repeat","background-position":"center center","background-size":"auto","background-attachment":"scroll","background-type":"","background-media":"","overlay-type":"","overlay-color":"","overlay-opacity":"","overlay-gradient":""}},"footnotes":""},"categories":[8],"tags":[7279,1082],"class_list":["post-34662","post","type-post","status-publish","format-standard","has-post-thumbnail","hentry","category-noticias","tag-contigoyconrumbo","tag-smdif"],"_links":{"self":[{"href":"https:\/\/losperiodistas.com.mx\/portal\/wp-json\/wp\/v2\/posts\/34662","targetHints":{"allow":["GET"]}}],"collection":[{"href":"https:\/\/losperiodistas.com.mx\/portal\/wp-json\/wp\/v2\/posts"}],"about":[{"href":"https:\/\/losperiodistas.com.mx\/portal\/wp-json\/wp\/v2\/types\/post"}],"author":[{"embeddable":true,"href":"https:\/\/losperiodistas.com.mx\/portal\/wp-json\/wp\/v2\/users\/1"}],"replies":[{"embeddable":true,"href":"https:\/\/losperiodistas.com.mx\/portal\/wp-json\/wp\/v2\/comments?post=34662"}],"version-history":[{"count":2,"href":"https:\/\/losperiodistas.com.mx\/portal\/wp-json\/wp\/v2\/posts\/34662\/revisions"}],"predecessor-version":[{"id":34667,"href":"https:\/\/losperiodistas.com.mx\/portal\/wp-json\/wp\/v2\/posts\/34662\/revisions\/34667"}],"wp:featuredmedia":[{"embeddable":true,"href":"https:\/\/losperiodistas.com.mx\/portal\/wp-json\/wp\/v2\/media\/34664"}],"wp:attachment":[{"href":"https:\/\/losperiodistas.com.mx\/portal\/wp-json\/wp\/v2\/media?parent=34662"}],"wp:term":[{"taxonomy":"category","embeddable":true,"href":"https:\/\/losperiodistas.com.mx\/portal\/wp-json\/wp\/v2\/categories?post=34662"},{"taxonomy":"post_tag","embeddable":true,"href":"https:\/\/losperiodistas.com.mx\/portal\/wp-json\/wp\/v2\/tags?post=34662"}],"curies":[{"name":"wp","href":"https:\/\/api.w.org\/{rel}","templated":true}]}}