{"id":3466,"date":"2021-01-18T05:48:20","date_gmt":"2021-01-18T11:48:20","guid":{"rendered":"http:\/\/losperiodistas.com.mx\/portal\/?p=3466"},"modified":"2021-01-18T05:48:20","modified_gmt":"2021-01-18T11:48:20","slug":"apoyan-german-sierra-y-victor-giorgana-aspiraciones-del-panista-lalo-rivera-oem","status":"publish","type":"post","link":"https:\/\/losperiodistas.com.mx\/portal\/apoyan-german-sierra-y-victor-giorgana-aspiraciones-del-panista-lalo-rivera-oem\/","title":{"rendered":"Apoyan Germ\u00e1n Sierra y V\u00edctor Giorgana aspiraciones del panista Lalo Rivera | OEM"},"content":{"rendered":"\n<p style=\"font-size:18px\"><em>El expriista dijo que respaldar\u00e1 a quien considere que es la mejor opci\u00f3n para estos momentos de pandemia<\/em><\/p>\n\n\n\n<p class=\"has-vivid-cyan-blue-color has-text-color has-medium-font-size\">BERENICE MART\u00cdNEZ \/ EL SOL DE PUEBLA<\/p>\n\n\n\n<p>El expriista Germ\u00e1n Sierra S\u00e1nchez manifest\u00f3 su apoyo a las aspiraciones del panista Eduardo Rivera P\u00e9rez por la presidencia municipal de Puebla en la elecci\u00f3n de este a\u00f1o, al asegurar que tiene experiencia para gobernar la capital.<\/p>\n\n\n\n<p>A trav\u00e9s de una carta, el extitular de la Comisi\u00f3n Nacional del Agua (Conagua) y exdirigente estatal del PRI, expres\u00f3 su respaldo al expresidente municipal debido a que desde el inicio de la pandemia por Covid-19, la incertidumbre invade a la sociedad, la crisis ha provocado muertes y p\u00e9rdida incalculable de empleos.<\/p>\n\n\n\n<p>Consider\u00f3 que para estar al frente en la toma de decisiones, por encima de afectos personales o preferencias, se necesitan en los distintos niveles de gobierno, hombres y mujeres que acrediten experiencia en la compleja tarea de gobernar, adem\u00e1s de compromiso y seriedad en la responsabilidad que asuman.<\/p>\n\n\n\n<p>\u201cEs por eso que con plena consciencia y convicci\u00f3n he tomado la decisi\u00f3n de apoyar al C. EDUARDO RIVERA PEREZ, en sus aspiraciones a la Presidencia Municipal de la Cuidad de Puebla\u201d, dice la carta del exdiputado y exsenador.<\/p>\n\n\n\n<figure class=\"wp-block-image\"><img decoding=\"async\" src=\"https:\/\/www.elsoldepuebla.com.mx\/incoming\/22ca0e-carta-german-sierra.jpg\/alternates\/FREE_720\/carta%20german%20sierra.jpg\" alt=\"\" title=\"carta german sierra.jpg\"\/><\/figure>\n\n\n\n<p>Sierra S\u00e1nchez asegur\u00f3 que siempre ha sido un hombre de causas, por lo que respaldar\u00e1 a quien considere que es la mejor opci\u00f3n para estos momentos de pandemia en que la sociedad requiere de \u201cun gu\u00eda, un liderazgo y un tim\u00f3n para conducir en medio de esta dura crisis por la que hemos venido transitando\u201d.<\/p>\n\n\n\n<p>Finalmente, sostuvo que como poblano, jam\u00e1s dejar\u00e1 de trabajar por la tierra en la que ha vivido siempre, por lo que consider\u00f3 que Rivera P\u00e9rez ha demostrado que est\u00e1 a la altura de los retos que enfrenta hoy la capital del estado.<\/p>\n\n\n\n<p>Por su parte, el exdiputado local del PRI, V\u00edctor Giorgana Jim\u00e9nez, declar\u00f3 que el proceso de selecci\u00f3n del PAN es de inter\u00e9s mayor y rebasa las barreras estrictamente panistas, trasciende los intereses particulares y obliga a reconocer los objetivos colectivos, por lo cual tambi\u00e9n manifest\u00f3 su apoyo a Rivera P\u00e9rez.<\/p>\n\n\n\n<p>\u201cEduardo Rivera, desde mi perspectiva aliancista y como miembro y promotor de un partido af\u00edn a la coalici\u00f3n, es a quien tiene los mejores atributos, la mayor solidez, respeto, conocimiento, experiencia, trabajo, consistentes resultados en encuestas y sobre todo capacidad para vencer en la contienda\u201d, dijo en otra carta.<\/p>\n\n\n\n<p>Consider\u00f3 que la nominaci\u00f3n del panista permitir\u00eda abrir posibilidades para la reconstrucci\u00f3n de la sociedad, donde prevalezca el consenso, di\u00e1logo, inclusi\u00f3n, tolerancia, legalidad, certidumbre y confianza que varios sectores reclaman.<\/p>\n\n\n\n<figure class=\"wp-block-image\"><img decoding=\"async\" src=\"https:\/\/www.elsoldepuebla.com.mx\/incoming\/vxzlyv-carta-giorgana.jpg\/alternates\/FREE_720\/carta%20giorgana.jpg\" alt=\"\" title=\"carta giorgana.jpg\"\/><\/figure>\n\n\n\n<p>Fuente: https:\/\/www.elsoldepuebla.com.mx\/local\/apoyan-priistas-german-sierra-y-victor-giorgana-aspiraciones-de-eduardo-rivera-pan-pri-alianzas-elecciones-2021-yunque-6254742.html<\/p>\n","protected":false},"excerpt":{"rendered":"<p>El expriista dijo que respaldar\u00e1 a quien considere que es la mejor opci\u00f3n para estos momentos de pandemia BERENICE MART\u00cdNEZ [&hellip;]<\/p>\n","protected":false},"author":1,"featured_media":3467,"comment_status":"open","ping_status":"open","sticky":false,"template":"","format":"standard","meta":{"site-sidebar-layout":"default","site-content-layout":"","ast-site-content-layout":"default","site-content-style":"default","site-sidebar-style":"default","ast-global-header-display":"","ast-banner-title-visibility":"","ast-main-header-display":"","ast-hfb-above-header-display":"","ast-hfb-below-header-display":"","ast-hfb-mobile-header-display":"","site-post-title":"","ast-breadcrumbs-content":"","ast-featured-img":"","footer-sml-layout":"","theme-transparent-header-meta":"","adv-header-id-meta":"","stick-header-meta":"","header-above-stick-meta":"","header-main-stick-meta":"","header-below-stick-meta":"","astra-migrate-meta-layouts":"default","ast-page-background-enabled":"default","ast-page-background-meta":{"desktop":{"background-color":"var(--ast-global-color-4)","background-image":"","background-repeat":"repeat","background-position":"center center","background-size":"auto","background-attachment":"scroll","background-type":"","background-media":"","overlay-type":"","overlay-color":"","overlay-opacity":"","overlay-gradient":""},"tablet":{"background-color":"","background-image":"","background-repeat":"repeat","background-position":"center center","background-size":"auto","background-attachment":"scroll","background-type":"","background-media":"","overlay-type":"","overlay-color":"","overlay-opacity":"","overlay-gradient":""},"mobile":{"background-color":"","background-image":"","background-repeat":"repeat","background-position":"center center","background-size":"auto","background-attachment":"scroll","background-type":"","background-media":"","overlay-type":"","overlay-color":"","overlay-opacity":"","overlay-gradient":""}},"ast-content-background-meta":{"desktop":{"background-color":"var(--ast-global-color-5)","background-image":"","background-repeat":"repeat","background-position":"center center","background-size":"auto","background-attachment":"scroll","background-type":"","background-media":"","overlay-type":"","overlay-color":"","overlay-opacity":"","overlay-gradient":""},"tablet":{"background-color":"var(--ast-global-color-5)","background-image":"","background-repeat":"repeat","background-position":"center center","background-size":"auto","background-attachment":"scroll","background-type":"","background-media":"","overlay-type":"","overlay-color":"","overlay-opacity":"","overlay-gradient":""},"mobile":{"background-color":"var(--ast-global-color-5)","background-image":"","background-repeat":"repeat","background-position":"center center","background-size":"auto","background-attachment":"scroll","background-type":"","background-media":"","overlay-type":"","overlay-color":"","overlay-opacity":"","overlay-gradient":""}},"footnotes":""},"categories":[8],"tags":[],"class_list":["post-3466","post","type-post","status-publish","format-standard","has-post-thumbnail","hentry","category-noticias"],"_links":{"self":[{"href":"https:\/\/losperiodistas.com.mx\/portal\/wp-json\/wp\/v2\/posts\/3466","targetHints":{"allow":["GET"]}}],"collection":[{"href":"https:\/\/losperiodistas.com.mx\/portal\/wp-json\/wp\/v2\/posts"}],"about":[{"href":"https:\/\/losperiodistas.com.mx\/portal\/wp-json\/wp\/v2\/types\/post"}],"author":[{"embeddable":true,"href":"https:\/\/losperiodistas.com.mx\/portal\/wp-json\/wp\/v2\/users\/1"}],"replies":[{"embeddable":true,"href":"https:\/\/losperiodistas.com.mx\/portal\/wp-json\/wp\/v2\/comments?post=3466"}],"version-history":[{"count":1,"href":"https:\/\/losperiodistas.com.mx\/portal\/wp-json\/wp\/v2\/posts\/3466\/revisions"}],"predecessor-version":[{"id":3468,"href":"https:\/\/losperiodistas.com.mx\/portal\/wp-json\/wp\/v2\/posts\/3466\/revisions\/3468"}],"wp:featuredmedia":[{"embeddable":true,"href":"https:\/\/losperiodistas.com.mx\/portal\/wp-json\/wp\/v2\/media\/3467"}],"wp:attachment":[{"href":"https:\/\/losperiodistas.com.mx\/portal\/wp-json\/wp\/v2\/media?parent=3466"}],"wp:term":[{"taxonomy":"category","embeddable":true,"href":"https:\/\/losperiodistas.com.mx\/portal\/wp-json\/wp\/v2\/categories?post=3466"},{"taxonomy":"post_tag","embeddable":true,"href":"https:\/\/losperiodistas.com.mx\/portal\/wp-json\/wp\/v2\/tags?post=3466"}],"curies":[{"name":"wp","href":"https:\/\/api.w.org\/{rel}","templated":true}]}}