{"id":34646,"date":"2022-08-16T06:26:22","date_gmt":"2022-08-16T11:26:22","guid":{"rendered":"http:\/\/losperiodistas.com.mx\/portal\/?p=34646"},"modified":"2022-08-16T06:26:24","modified_gmt":"2022-08-16T11:26:24","slug":"el-crimen-organizado-golpea-al-desarrollo-de-la-economia-de-mexico-el-pais","status":"publish","type":"post","link":"https:\/\/losperiodistas.com.mx\/portal\/el-crimen-organizado-golpea-al-desarrollo-de-la-economia-de-mexico-el-pais\/","title":{"rendered":"El crimen organizado golpea al desarrollo de la econom\u00eda de M\u00e9xico | El Pa\u00eds"},"content":{"rendered":"\n<h2 class=\"wp-block-heading\">Expertos alertan del miedo en el sector privado ante las \u00faltimas muestras de terror contra la poblaci\u00f3n<\/h2>\n\n\n\n<figure class=\"wp-block-image size-large is-style-default\"><img fetchpriority=\"high\" decoding=\"async\" width=\"1024\" height=\"683\" src=\"https:\/\/losperiodistas.com.mx\/portal\/wp-content\/uploads\/2022\/08\/NNOG2GWNNJEWTEAJMZU5J4BW3M-1024x683.jpeg\" alt=\"\" class=\"wp-image-34647\" srcset=\"https:\/\/losperiodistas.com.mx\/portal\/wp-content\/uploads\/2022\/08\/NNOG2GWNNJEWTEAJMZU5J4BW3M-1024x683.jpeg 1024w, https:\/\/losperiodistas.com.mx\/portal\/wp-content\/uploads\/2022\/08\/NNOG2GWNNJEWTEAJMZU5J4BW3M-300x200.jpeg 300w, https:\/\/losperiodistas.com.mx\/portal\/wp-content\/uploads\/2022\/08\/NNOG2GWNNJEWTEAJMZU5J4BW3M-768x512.jpeg 768w, https:\/\/losperiodistas.com.mx\/portal\/wp-content\/uploads\/2022\/08\/NNOG2GWNNJEWTEAJMZU5J4BW3M-1536x1024.jpeg 1536w, https:\/\/losperiodistas.com.mx\/portal\/wp-content\/uploads\/2022\/08\/NNOG2GWNNJEWTEAJMZU5J4BW3M.jpeg 1960w\" sizes=\"(max-width: 1024px) 100vw, 1024px\" \/><figcaption>Un elemento de la Guardia Civil, tras la detenci\u00f3n de 164 personas, presuntos integrantes del grupo Pueblos Unidos, en Michoac\u00e1n, el 14 de agosto de 2022. JUAN JOS\u00c9 ESTRADA SERAF\u00cdN (CUARTOSCURO)<\/figcaption><\/figure>\n\n\n\n<p class=\"has-vivid-cyan-blue-color has-text-color has-medium-font-size\">ISABELLA COTA \/ EL PA\u00cdS<\/p>\n\n\n\n<p>Los aguacates se quedaron en los camiones en Michoac\u00e1n. Los trabajadores de las f\u00e1bricas no pudieron ir a trabajar en Chihuahua. Los negocios cerraron en Baja California. El impacto econ\u00f3mico de las&nbsp;<a href=\"https:\/\/elpais.com\/mexico\/2022-08-15\/los-golpes-del-narco-contra-la-poblacion-chocan-con-la-politica-de-seguridad-de-lopez-obrador.html\">muestras de terror y violencia<\/a>&nbsp;que despleg\u00f3 el crimen organizado a finales de la semana pasada en diferentes puntos de M\u00e9xico todav\u00eda no se ha cuantificado, pero tiene al sector privado en ascuas.<\/p>\n\n\n\n<p>Cuando el viernes pasado,&nbsp;<a href=\"https:\/\/elpais.com\/mexico\/2022-08-14\/detenidas-164-personas-armadas-que-mantenian-un-bloqueo-carretero-en-michoacan.html\">grupos armados tomaron carreteras del Estado de Michoac\u00e1n<\/a>, cerca de la ciudad agr\u00edcola de Uruapan, la Embajada de Estados Unidos orden\u00f3 a sus inspectores que se quedaran en sus oficinas para permanecer seguros, inform\u00f3 Juan Carlos Anaya, director del Grupo Consultor de Mercados Agr\u00edcolas (GCMA). Esto impidi\u00f3 que los aguacates y otros productos agr\u00edcolas de exportaci\u00f3n se pudieran vender en el pa\u00eds vecino.<\/p>\n\n\n\n<p>\u201cEn esta ocasi\u00f3n no vemos un da\u00f1o mayor, por lo menos no en las exportaciones\u201d, dice Anaya, \u201cpero cada d\u00eda crece la incertidumbre en el pa\u00eds ante estos sucesos de que el crimen organizado est\u00e1 sobrepasando las medidas que se est\u00e1n asumiendo en el pa\u00eds\u201d, a\u00f1ade el especialista. En 2020, M\u00e9xico export\u00f3 m\u00e1s de un mill\u00f3n de toneladas de aguacate a EE UU, el 90% de las importaciones totales del fruto de ese pa\u00eds.<\/p>\n\n\n\n<p>\u201cLa autoridad tiene que tomar con seriedad las medidas para que este tipo de situaciones no afecten a la econom\u00eda y a la gente que est\u00e1 trabajando, que depende de estar produciendo\u201d, apunta Anaya. El domingo, una vez liberadas las carreteras, reiniciaron las inspecciones y, con ellas, las exportaciones del fruto a Estados Unidos. Este es el segundo incidente que sufre el mercado del aguacate en menos de un a\u00f1o. En febrero pasado, el Gobierno de Biden suspendi\u00f3 durante una semana las importaciones, despu\u00e9s de que un inspector que trabajaba en Michoac\u00e1n recibiera amenazas.<\/p>\n\n\n\n<p>Ciudades de Jalisco, Guanajuato, Chihuahua y Baja California tambi\u00e9n padecieron situaciones de violencia la semana pasada, incluyendo la&nbsp;<a href=\"https:\/\/elpais.com\/mexico\/2022-08-15\/el-gobierno-mexicano-describe-los-bloqueos-y-masacres-como-una-propaganda-criminal-del-narco.html\">quema de carros y camiones<\/a>, la par\u00e1lisis del tr\u00e1fico vehicular por grupos armados e incluso ataques indiscriminados contra la poblaci\u00f3n que, en el caso de Ciudad Ju\u00e1rez, dej\u00f3 11 muertos. En la ciudad fronteriza, medios locales reportaron que las f\u00e1bricas, muchas de ellas propiedad de compa\u00f1\u00edas extranjeras, trabajaron con menos personal en los d\u00edas de violencia, ya que las empresas decidieron paralizar el transporte que lleva a los empleados a sus lugares de trabajo.<\/p>\n\n\n\n<p>En Tijuana, Baja California, un importante centro de comercio del pa\u00eds, las calles quedaron desiertas la semana pasada ante la ola de violencia. Restaurantes, negocios y hasta maquiladoras cerraron, asegura Gilberto Leyva, expresidente de la c\u00e1mara de comercio local, la Canaco. \u201cNo tenemos las cifras todav\u00eda, pero te puedo decir que el impacto fue bastante grave\u201d, dice Leyva. \u201cLos pocos negocios que abrieron lo hicieron con muchas precauciones. En mis 60 a\u00f1os viviendo en esta ciudad nunca se hab\u00eda visto algo as\u00ed. Se miraba sola la ciudad\u201d, agrega.<\/p>\n\n\n\n<p>La alcaldesa de la ciudad, Montserrat Caballero,&nbsp;<a href=\"https:\/\/elpais.com\/mexico\/2022-08-13\/la-alcaldesa-de-tijuana-al-crimen-organizado-tras-los-bloqueos-que-cobren-las-facturas-a-quienes-no-les-pagaron-lo-que-les-deben-no-a-las-familias.html\">hizo un llamado al crimen organizado&nbsp;<\/a>a solamente irse en contra de quienes no hayan pagado \u201csus facturas\u201d y no contra de la ciudadan\u00eda en general. Aunque la alcaldesa trat\u00f3 de matizar sus declaraciones posteriormente, muchos han entendido que se refer\u00eda a las facturas de la extorsi\u00f3n, el cobro de piso. \u201cM\u00e1s preocupa cuando una representante del Gobierno, como fue la presidenta municipal de Tijuana, que dice que paguen, y ese puede ser un factor adicional a todos los incrementos inflacionarios que aumenta los costos\u201d, se\u00f1ala Anaya, de GCMA.<\/p>\n\n\n\n<p>Se ha estimado que la inseguridad le cuesta al pa\u00eds el equivalente al 1% de su producto interno bruto (PIB), dijo en rueda de prensa virtual este lunes Jos\u00e9 Medina Mora, presidente de la Confederaci\u00f3n Patronal de la Rep\u00fablica Mexicana (Coparmex). \u201cEsto significa un costo muy alto para la econom\u00eda mexicana que se refleja en que no hayan inversiones ni empleos para la gran mayor\u00eda de los mexicanos\u201d, lament\u00f3 Medina Mora.<\/p>\n\n\n\n<p>La organizaci\u00f3n pidi\u00f3 adem\u00e1s, en un comunicado, una \u201cestrategia eficaz de seguridad\u201d por parte del Gobierno. \u201cEs urgente que se ponga un alto a la violencia, la situaci\u00f3n actual es insostenible y la ausencia de una estrategia efectiva contra la inseguridad sumada a la indiferencia de los diferentes \u00f3rdenes de gobierno, han resultado en terreno f\u00e9rtil para que en lo que va del sexenio se hayan perpetrado m\u00e1s de 130.000 homicidios dolosos, 10 asesinatos de mujeres por d\u00eda y solo en los \u00faltimos ocho meses, el asesinato de 13 periodistas\u201d, apunta la Coparmex.<\/p>\n\n\n\n<p>La principal patronal del pa\u00eds, el Consejo Coordinador Empresarial (CCE) y la asociaci\u00f3n de maquiladoras, Index, expresaron, por separado, su preocupaci\u00f3n por la situaci\u00f3n que tiene el potencial de ahuyentar la inversi\u00f3n, interrumpir la producci\u00f3n y&nbsp;<a href=\"https:\/\/elpais.com\/mexico\/2022-02-03\/cobro-por-derecho-de-piso-robo-de-identidad-y-amenazas-telefonicas-las-extorsiones-en-mexico-alcanzan-cifras-record-en-2021.html\">aumentar los costos de las empresas<\/a>. \u201cIndex nacional hace un llamado para que, en prioridad del inter\u00e9s nacional, se garantice la seguridad p\u00fablica y patrimonial de todas las familias mexicanas, lo mismo que de las empresas y corporativos en M\u00e9xico para que la incertidumbre reciente no afecte las cadenas log\u00edsticas de suministro con los Estados Unidos\u201d, ha dicho la asociaci\u00f3n en un comunicado.<\/p>\n\n\n\n<h3 class=\"wp-block-heading\">Violencia frente a desarrollo<\/h3>\n\n\n\n<p>Hace solo una semana, un texto del especialista en econom\u00eda y finanzas de EE UU, Noah Smith, se viraliz\u00f3 entre chats de economistas, acad\u00e9micos y empresarios en M\u00e9xico. Su ensayo califica al pa\u00eds como un \u201cmisterio\u201d, ya que tiene las condiciones para ser un mercado pujante y con altas tasas de crecimiento, pero lleva d\u00e9cadas rezagado en comparaci\u00f3n con sus pares.<\/p>\n\n\n\n<p>\u201cLa reducci\u00f3n de la violencia tiene la mejor oportunidad de impulsar el crecimiento de M\u00e9xico\u201d, escribe Smith, doctor en Econom\u00eda por la Universidad de Michigan. \u201cLos pa\u00edses en guerra siempre sufren econ\u00f3micamente, y la violencia de M\u00e9xico es tan intensa que a menudo se considera como una guerra real. Un entorno seguro es simplemente un requisito previo para que las empresas inviertan y crezcan. Si yo fuera un l\u00edder mexicano, ese ser\u00eda mi enfoque principal\u201d, explica. \u201cMientras tanto, el caso de M\u00e9xico presenta un enigma y una anomal\u00eda para las teor\u00edas comunes del desarrollo\u201d, asegura Smith.<\/p>\n\n\n\n<p><a href=\"https:\/\/plus.elpais.com\/newsletters\/lnp\/1\/348\"><strong>Suscr\u00edbase aqu\u00ed<\/strong><\/a>a la\u00a0<em>newsletter<\/em>\u00a0de EL PA\u00cdS M\u00e9xico y reciba todas las claves informativas de la actualidad de este pa\u00eds<\/p>\n\n\n\n<p>Fuente: https:\/\/elpais.com\/mexico\/2022-08-16\/el-crimen-organizado-golpea-al-desarrollo-de-la-economia-de-mexico.html<\/p>\n","protected":false},"excerpt":{"rendered":"<p>Expertos alertan del miedo en el sector privado ante las \u00faltimas muestras de terror contra la poblaci\u00f3n ISABELLA COTA \/ [&hellip;]<\/p>\n","protected":false},"author":1,"featured_media":34647,"comment_status":"open","ping_status":"open","sticky":false,"template":"","format":"standard","meta":{"site-sidebar-layout":"default","site-content-layout":"","ast-site-content-layout":"default","site-content-style":"default","site-sidebar-style":"default","ast-global-header-display":"","ast-banner-title-visibility":"","ast-main-header-display":"","ast-hfb-above-header-display":"","ast-hfb-below-header-display":"","ast-hfb-mobile-header-display":"","site-post-title":"","ast-breadcrumbs-content":"","ast-featured-img":"","footer-sml-layout":"","theme-transparent-header-meta":"","adv-header-id-meta":"","stick-header-meta":"","header-above-stick-meta":"","header-main-stick-meta":"","header-below-stick-meta":"","astra-migrate-meta-layouts":"default","ast-page-background-enabled":"default","ast-page-background-meta":{"desktop":{"background-color":"var(--ast-global-color-4)","background-image":"","background-repeat":"repeat","background-position":"center center","background-size":"auto","background-attachment":"scroll","background-type":"","background-media":"","overlay-type":"","overlay-color":"","overlay-opacity":"","overlay-gradient":""},"tablet":{"background-color":"","background-image":"","background-repeat":"repeat","background-position":"center center","background-size":"auto","background-attachment":"scroll","background-type":"","background-media":"","overlay-type":"","overlay-color":"","overlay-opacity":"","overlay-gradient":""},"mobile":{"background-color":"","background-image":"","background-repeat":"repeat","background-position":"center center","background-size":"auto","background-attachment":"scroll","background-type":"","background-media":"","overlay-type":"","overlay-color":"","overlay-opacity":"","overlay-gradient":""}},"ast-content-background-meta":{"desktop":{"background-color":"var(--ast-global-color-5)","background-image":"","background-repeat":"repeat","background-position":"center center","background-size":"auto","background-attachment":"scroll","background-type":"","background-media":"","overlay-type":"","overlay-color":"","overlay-opacity":"","overlay-gradient":""},"tablet":{"background-color":"var(--ast-global-color-5)","background-image":"","background-repeat":"repeat","background-position":"center center","background-size":"auto","background-attachment":"scroll","background-type":"","background-media":"","overlay-type":"","overlay-color":"","overlay-opacity":"","overlay-gradient":""},"mobile":{"background-color":"var(--ast-global-color-5)","background-image":"","background-repeat":"repeat","background-position":"center center","background-size":"auto","background-attachment":"scroll","background-type":"","background-media":"","overlay-type":"","overlay-color":"","overlay-opacity":"","overlay-gradient":""}},"footnotes":""},"categories":[8],"tags":[11563,6159,11994,936],"class_list":["post-34646","post","type-post","status-publish","format-standard","has-post-thumbnail","hentry","category-noticias","tag-michoacan","tag-montserrat-caballero","tag-narcoterrorismo","tag-violencia-mexico"],"_links":{"self":[{"href":"https:\/\/losperiodistas.com.mx\/portal\/wp-json\/wp\/v2\/posts\/34646","targetHints":{"allow":["GET"]}}],"collection":[{"href":"https:\/\/losperiodistas.com.mx\/portal\/wp-json\/wp\/v2\/posts"}],"about":[{"href":"https:\/\/losperiodistas.com.mx\/portal\/wp-json\/wp\/v2\/types\/post"}],"author":[{"embeddable":true,"href":"https:\/\/losperiodistas.com.mx\/portal\/wp-json\/wp\/v2\/users\/1"}],"replies":[{"embeddable":true,"href":"https:\/\/losperiodistas.com.mx\/portal\/wp-json\/wp\/v2\/comments?post=34646"}],"version-history":[{"count":1,"href":"https:\/\/losperiodistas.com.mx\/portal\/wp-json\/wp\/v2\/posts\/34646\/revisions"}],"predecessor-version":[{"id":34648,"href":"https:\/\/losperiodistas.com.mx\/portal\/wp-json\/wp\/v2\/posts\/34646\/revisions\/34648"}],"wp:featuredmedia":[{"embeddable":true,"href":"https:\/\/losperiodistas.com.mx\/portal\/wp-json\/wp\/v2\/media\/34647"}],"wp:attachment":[{"href":"https:\/\/losperiodistas.com.mx\/portal\/wp-json\/wp\/v2\/media?parent=34646"}],"wp:term":[{"taxonomy":"category","embeddable":true,"href":"https:\/\/losperiodistas.com.mx\/portal\/wp-json\/wp\/v2\/categories?post=34646"},{"taxonomy":"post_tag","embeddable":true,"href":"https:\/\/losperiodistas.com.mx\/portal\/wp-json\/wp\/v2\/tags?post=34646"}],"curies":[{"name":"wp","href":"https:\/\/api.w.org\/{rel}","templated":true}]}}