{"id":34640,"date":"2022-08-16T06:12:34","date_gmt":"2022-08-16T11:12:34","guid":{"rendered":"http:\/\/losperiodistas.com.mx\/portal\/?p=34640"},"modified":"2022-08-16T06:12:36","modified_gmt":"2022-08-16T11:12:36","slug":"contracorriente-la-peligrosa-estrategia-de-la-tension-en-mexico-dw","status":"publish","type":"post","link":"https:\/\/losperiodistas.com.mx\/portal\/contracorriente-la-peligrosa-estrategia-de-la-tension-en-mexico-dw\/","title":{"rendered":"Contracorriente | La peligrosa \u201cestrategia de la tensi\u00f3n\u201d en M\u00e9xico | DW"},"content":{"rendered":"\n<h1 class=\"wp-block-heading\"><\/h1>\n\n\n\n<p>Los eventos violentos de los \u00faltimos d\u00edas en Jalisco, Guanajuato, Chihuahua y Baja California de manera secuencial parecieran seguir una \u201cestrategia de la tensi\u00f3n\u201d: crear desorden para imponer un nuevo orden.<\/p>\n\n\n\n<figure class=\"wp-block-image size-full is-style-default\"><img fetchpriority=\"high\" decoding=\"async\" width=\"700\" height=\"394\" src=\"https:\/\/losperiodistas.com.mx\/portal\/wp-content\/uploads\/2022\/08\/62800709_303.jpeg\" alt=\"\" class=\"wp-image-34641\" srcset=\"https:\/\/losperiodistas.com.mx\/portal\/wp-content\/uploads\/2022\/08\/62800709_303.jpeg 700w, https:\/\/losperiodistas.com.mx\/portal\/wp-content\/uploads\/2022\/08\/62800709_303-300x169.jpeg 300w\" sizes=\"(max-width: 700px) 100vw, 700px\" \/><figcaption>Fuerzas del orden llegan a la zona de los narcobloqueos en Tijuana<\/figcaption><\/figure>\n\n\n\n<p class=\"has-vivid-cyan-blue-color has-text-color has-medium-font-size\">ANABEL HERN\u00c1NDEZ \/ CONTRACORRIENTE \/ DW<\/p>\n\n\n\n<p>El presidente de M\u00e9xico,&nbsp;<a href=\"https:\/\/www.dw.com\/es\/andr%C3%A9s-manuel-l%C3%B3pez-obrador\/t-17412982\">Andr\u00e9s Manuel L\u00f3pez Obrador,<\/a>&nbsp;anunci\u00f3 el 8 de agosto que la Guardia Nacional pasar\u00e1 a formar parte de la Secretar\u00eda de la Defensa nacional, violentando Constituci\u00f3n que obliga a que las tareas de seguridad p\u00fablica cotidiana deben ser solo y \u00fanicamente de orden civil.<\/p>\n\n\n\n<p>Como los partidos de oposici\u00f3n en el Congreso se oponen a una&nbsp;<a href=\"https:\/\/www.dw.com\/es\/amlo-militarizar%C3%A1-por-decreto-la-guardia-nacional-de-m%C3%A9xico\/a-62749943\">reforma constitucional<\/a>&nbsp;que permita tal aberraci\u00f3n, AMLO afirm\u00f3 que lo har\u00eda a trav\u00e9s de un decreto presidencial preanunciando un golpe a la democracia y dando un paso definitivo a un estado cien por ciento militar.<\/p>\n\n\n\n<p>Aquellos gobiernos de Sudam\u00e9rica que en el pasado y la actualidad han girado hacia reg\u00edmenes militares han terminado en dictaduras o reg\u00edmenes de car\u00e1cter autoritario. Partidos de oposici\u00f3n- incluso aquellos de derecha pro militaristas en el pasado- y organizaciones no gubernamentales de inmediato manifestaron su rechazo absoluto a la medida anticonstitucional. Incluso la ONU emiti\u00f3 un comunicado invitando al gobierno de M\u00e9xico a mantener la naturaleza civil de la Guardia Nacional.<\/p>\n\n\n\n<p>Horas despu\u00e9s de su advertencia, los estados de Jalisco, Guanajuato,&nbsp;<a href=\"https:\/\/www.dw.com\/es\/m%C3%A9xico-ola-de-violencia-deja-11-muertos-en-ciudad-ju%C3%A1rez\/a-62798720\">Chihuahua<\/a>y Baja California, los tres primeros gobernados por partidos de la oposici\u00f3n, de manera secuencial sufrieron ataques armados que siguieron un mismo modus operandi, una especie de \u2018manual&#8217; del caos, de uniformidad at\u00edpica de las acciones espont\u00e1neas unilaterales del crimen organizado.<\/p>\n\n\n\n<p>Para explicarlo de modo m\u00e1s comprensible, se asemeja a una obra de teatro perversa, macabra y peligrosa, que se ha montado&nbsp;en otras naciones como en Italia, titulada \u00abLa estrategia de la tensi\u00f3n\u201d. Se trata de una vieja pr\u00e1ctica t\u00edpica del autoritarismo, como el fascismo, y partes de Estado desviadas, con el objetivo de crear desorden para imponer un \u2018nuevo orden&#8217;. \u00bfEl \u2018nuevo orden&#8217; que quiere el Presidente?<\/p>\n\n\n\n<p><strong>Primer Acto<\/strong><\/p>\n\n\n\n<p>\u00abNo voy a rendirme, nunca me he echado para atr\u00e1s. Si tengo la raz\u00f3n y estoy bien con mi conciencia, si esto es bueno para el pueblo y no les gusta a las minor\u00edas, vamos para adelante\u201d, afirm\u00f3 con obstinaci\u00f3n AMLO en su conferencia de prensa matutina el 9 de agosto, ante el rechazo colectivo contra el golpe a la democracia y el poder civil.<\/p>\n\n\n\n<p>Horas despu\u00e9s, dos de las ciudades m\u00e1s importantes de estados gobernados por la oposici\u00f3n comenzaron a incendiarse de manera at\u00edpica. En las inmediaciones de Guadalajara, capital de Jalisco, gobernado por Movimiento Ciudadano, hubo narcobloqueos\u00a0en v\u00edas principales de comunicaci\u00f3n, toma y quema de veh\u00edculos de transporte p\u00fablico y particulares, disparos, as\u00ed como la quema\u00a0de tiendas de conveniencia de una cadena conocida como OXXO, propiedad de grupo Femsa, un evento absolutamente at\u00edpico\u00a0ya que, aunque dichos negocios han sufrido en los \u00faltimos a\u00f1os intentos de extorsi\u00f3n, tiene la norma de no pagar y pese a esta medida no hab\u00edan tenido ni ataques a los locales ni al personal que labora ah\u00ed.<\/p>\n\n\n\n<p><a href=\"https:\/\/www.dw.com\/es\/la-peligrosa-estrategia-de-la-tensi%C3%B3n-en-m%C3%A9xico\/a-62811052#\"><\/a><\/p>\n\n\n\n<figure class=\"wp-block-image size-full is-style-default\"><img decoding=\"async\" width=\"700\" height=\"394\" src=\"https:\/\/losperiodistas.com.mx\/portal\/wp-content\/uploads\/2022\/08\/57692804_401.jpeg\" alt=\"\" class=\"wp-image-34644\" srcset=\"https:\/\/losperiodistas.com.mx\/portal\/wp-content\/uploads\/2022\/08\/57692804_401.jpeg 700w, https:\/\/losperiodistas.com.mx\/portal\/wp-content\/uploads\/2022\/08\/57692804_401-300x169.jpeg 300w\" sizes=\"(max-width: 700px) 100vw, 700px\" \/><figcaption>Veh\u00edculos militares realizan patrullajes en Guanajuato (foto de 2020)<\/figcaption><\/figure>\n\n\n\n<p>El infierno dur\u00f3 m\u00e1s de ocho horas en una situaci\u00f3n fuera de control. Fueron momentos de terrorismo y p\u00e1nico entre la poblaci\u00f3n civil, describieron los medios de comunicaci\u00f3n locales y nacionales que presenciaron los hechos. La ola de violencia se propag\u00f3 en Guanajuato,&nbsp;gobernado por el Partido Acci\u00f3n Nacional, en las ciudades de Irapuato y Celaya. Ah\u00ed fueron quemadas al menos 25 tiendas OXXO y algunos otros establecimientos.<\/p>\n\n\n\n<p>La excusa dada por el gobierno de AMLO fue que se debi\u00f3 a la reacci\u00f3n de grupos criminales por un operativo militar. Mucho tiempo despu\u00e9s la SEDENA, no la Secretar\u00eda de Seguridad P\u00fablica Federal, anunci\u00f3 el env\u00edo de 750 militares para \u00abreforzar la seguridad del estado\u201d.<\/p>\n\n\n\n<p><strong>Segundo acto<\/strong><\/p>\n\n\n\n<p>El 11 de agosto la misma modalidad de hechos violentos ocurri\u00f3 en Ciudad Ju\u00e1rez, Chihuahua, tambi\u00e9n gobernado por un partido de oposici\u00f3n. Es una de las tres ciudades de la frontera entre M\u00e9xico y Estados Unidos m\u00e1s importantes. Seg\u00fan la SSP federal todo se origin\u00f3 en una disputa de dos bandas rivales pertenecientes al Cartel de Sinaloa, en una prisi\u00f3n local. Ah\u00ed, siguiendo el manual de la \u00abestrategia de la tensi\u00f3n\u201d&nbsp;la violencia subi\u00f3 de tono y cobr\u00f3 la vida de 11 personas, entre ellas cuatro trabajadores de una radiodifusora y dos mujeres que se encontraban en un OXXO.<\/p>\n\n\n\n<p>Los hechos no corresponden al modus operandi del crimen organizado quienes habitualmente no atacan a la poblaci\u00f3n civil en las plazas que tienen bajo su control. Cuando llega a ocurrir es causado por grupos contrarios para generar problemas a sus adversarios y para eso se requiere de una intensa movilizaci\u00f3n imposible que no detecten las autoridades con antelaci\u00f3n.<\/p>\n\n\n\n<p>En todas esas ciudades bajo fuego hay presencia de la SEDENA y la Guardia Nacional, corporaciones responsables de la seguridad nacional y de combatir delitos federales como delincuencia organizada y terrorismo. Su intervenci\u00f3n fue injustificadamente tard\u00eda ya que en todas ellas existen Centros de Comando, Control, C\u00f3mputo y Contacto Ciudadano mejor conocido como C5 que cuentan con&nbsp; sistema de videovigilancia e intercomunicaci\u00f3n en tiempo real entre todas las corporaciones locales y federales. El n\u00famero de detenidos fue m\u00ednimo.<\/p>\n\n\n\n<p><strong>Tercer acto<\/strong><\/p>\n\n\n\n<p>Continuando con el instructivo de la \u00abestrategia de la tensi\u00f3n\u201d el 12 de agosto la violencia hizo su aparici\u00f3n en un estado gobernado por el partido de AMLO, Movimiento de Regeneraci\u00f3n Nacional (MORENA) en la Ciudad Fronteriza de Tijuana y en Mexicali, entre otras, pero fue una violencia contenida. Hubo un grupo de encapuchados que secuestr\u00f3 veh\u00edculos y los quem\u00f3, pero no se reportaron heridos ni muertos. Contrario a los otros casos ah\u00ed hubo una pronta reacci\u00f3n del gobierno federal y seg\u00fan dijeron hubo varios detenidos.<\/p>\n\n\n\n<p>Y mostrando esa misma \u2018eficacia&#8217; en Michoac\u00e1n otro estado gobernado por MORENA se anunci\u00f3 que fueron detenidas 164 personas simult\u00e1neamente pertenecientes a una c\u00e9lula delictiva cuando en realidad se trata de integrantes de un&nbsp; grupo de autodefensa llamado Pueblos Unidos, tolerado por el gobierno federal desde su surgimiento.<\/p>\n\n\n\n<p>La Presidenta Municipal de Tijuana, Monserrat Caballero &#8211; morenista controversial que igual beb\u00eda cerveza en las sesiones del congreso local cuando fue diputada y quien en su campa\u00f1a por la alcald\u00eda dijo frases como \u00absi quieres drogas Tijuana te las d\u00e1\u201d &#8211; dio permiso expl\u00edcito al crimen a cobrar extorsiones y venganzas, pero sin afectar a la poblaci\u00f3n. Siguiendo la l\u00ednea presidencial de \u00ababrazos no balazos\u201d.<\/p>\n\n\n\n<figure class=\"wp-block-image size-full is-style-default\"><img decoding=\"async\" width=\"700\" height=\"394\" src=\"https:\/\/losperiodistas.com.mx\/portal\/wp-content\/uploads\/2022\/08\/62045899_401.jpeg\" alt=\"\" class=\"wp-image-34643\" srcset=\"https:\/\/losperiodistas.com.mx\/portal\/wp-content\/uploads\/2022\/08\/62045899_401.jpeg 700w, https:\/\/losperiodistas.com.mx\/portal\/wp-content\/uploads\/2022\/08\/62045899_401-300x169.jpeg 300w\" sizes=\"(max-width: 700px) 100vw, 700px\" \/><figcaption>El presidente de M\u00e9xico, Andr\u00e9s Manuel L\u00f3pez Obrador, defendi\u00f3 su estrategia de militarizaci\u00f3n, que para muchos es anticonstitucional.<\/figcaption><\/figure>\n\n\n\n<p>\u00ab\u2026les pedimos que salden sus deudas con los que no pagaron lo que deben, no con las familias y ciudadanos trabajadores\u201d, dijo Caballero, quien es parte del grupo cercano al dirigente nacional de Morena, Mario Delgado.<\/p>\n\n\n\n<p>Pese a la frase criminal de la Alcaldesa hasta ahora no ha sido sancionada ni judicial ni pol\u00edticamente.<\/p>\n\n\n\n<p>La estrategia de la tensi\u00f3n se ha puesto en marcha en&nbsp; pa\u00edses de Europa como por ejemplo en Italia en diferentes momentos de su historia. En una fase grupos criminales y\/o extremistas exacerbaron su violencia para obligar a partes del Estado a cumplir los acuerdos pactados. Otra fase ocurri\u00f3 entre finales de los ochenta&nbsp;e inicios de los noventa:&nbsp;hubo colusi\u00f3n entre grupos extremistas e integrantes de la mafia con partes desviadas del Estado para provocar masacres, asesinatos de personalidades pol\u00edticas y judiciales relevantes, para generar temor entre la poblaci\u00f3n y crear un estado de emergencia y excepci\u00f3n que ayudara&nbsp;a un grupo pol\u00edtico y criminal a tomar el poder hegem\u00f3nico.<\/p>\n\n\n\n<p><strong>\u00bfC\u00f3mo se llam\u00f3 la obra?<\/strong><\/p>\n\n\n\n<p>En este espacio de colaboraci\u00f3n en DW he se\u00f1alado desde hace m\u00e1s de un a\u00f1o las&nbsp;<a href=\"https:\/\/www.dw.com\/es\/amlo-y-su-mafia-en-el-poder\/a-61235328\">claras muestras de complicidad<\/a>&nbsp;entre algunos integrantes del gobierno de AMLO, as\u00ed como candidatos y gobernantes emanados de MORENA, con el crimen organizado. He confirmado dos modalidades de acuerdos que incluso se han llegado a complementar:&nbsp; establecimiento de acuerdos de&nbsp;<em>pax mafiosa<\/em>&nbsp;para lograr supuestos \u00edndices de disminuci\u00f3n de la violencia- aunque sea un punto porcentual y que el gobierno federal pueda alardear de la p\u00edrrica cifra- a cambio de cederles los territorios y dejarles operar sus negocios delictivos: tr\u00e1fico de drogas, extracci\u00f3n ilegal de hidrocarburos, tr\u00e1fico de personas y extorsi\u00f3n, entre otros, con la correspondiente protecci\u00f3n.<\/p>\n\n\n\n<p>La otra modalidad son los narco-pactos electorales en los que candidatos y l\u00edderes del Cartel de Sinaloa se han sentado a negociar apoyo a sus candidaturas como en Sinaloa, incluyendo promoci\u00f3n del voto u operaciones de terror en la jornada electoral, con el fin de poder ganar las elecciones, ofreciendo a cambio igual protecci\u00f3n e impunidad.<\/p>\n\n\n\n<p>Esa es en la pr\u00e1ctica la pol\u00edtica de \u00ababrazos no balazos\u201d, ya descaradamente abierta en las palabras de la alcaldesa de Tijuana. Pero es un juego con fuego que\u00a0ning\u00fan gobierno precedente a AMLO ha logrado llevar a buen t\u00e9rmino aunque todos, al menos desde la d\u00e9cada de los setenta, lo han intentado con funestas consecuencias.<\/p>\n\n\n\n<div class=\"wp-block-image is-style-default\"><figure class=\"alignleft size-full\"><img loading=\"lazy\" decoding=\"async\" width=\"220\" height=\"293\" src=\"https:\/\/losperiodistas.com.mx\/portal\/wp-content\/uploads\/2022\/08\/48914858_404.jpeg\" alt=\"\" class=\"wp-image-34642\"\/><figcaption>Anabel Hern\u00e1ndez, periodista mexicana y autora de esta columna<\/figcaption><\/figure><\/div>\n\n\n\n<p><a href=\"https:\/\/www.dw.com\/es\/la-peligrosa-estrategia-de-la-tensi%C3%B3n-en-m%C3%A9xico\/a-62811052#\"><\/a><\/p>\n\n\n\n<p><\/p>\n\n\n\n<p>Los Carteles de la droga, los grupos criminales no quieren una rebanada del pastel, lo quieren todo. Al dejar en sus manos la seguridad p\u00fablica revela que la paz existe cuando ellos quieren, y se rompe tambi\u00e9n de acuerdo a su voluntad.<\/p>\n\n\n\n<p>Una fuente de informaci\u00f3n muy cercana a Palacio Nacional y que ha sido muy precisa en consultas anteriores me explic\u00f3 una de las que yo llamar\u00eda una de las primeras hip\u00f3tesis de la violencia coordinada: \u00abSe trata de crear la enfermedad para despu\u00e9s darte la medicina, generar la crisis para dar una sola soluci\u00f3n\u201d. Y a\u00f1adi\u00f3 que se trata de una violencia- que el gobierno asume tener bajo control- para justificar la militarizaci\u00f3n total del pa\u00eds e incluso someter a la oposici\u00f3n, en una especie de extorsi\u00f3n orquestada entre miembros del gobierno federal y el crimen organizado.<\/p>\n\n\n\n<p>Se explic\u00f3 que a dos a\u00f1os de que concluya su sexenio AMLO tiene una carrera contra reloj para protegerse a s\u00ed mismo, a su familia y a lo que llama su \u00abmovimiento y legado pol\u00edtico\u201d y son tales los compromisos con el Ej\u00e9rcito que considera que ellos ser\u00e1n los responsables de cuidarle las espaldas y garantizar la permanencia de su legado, independientemente de quien gane las elecciones presidenciales de\u00a02024.<\/p>\n\n\n\n<p>Habr\u00e1 que recordar que en este sexenio nunca antes se hab\u00eda dado tanto poder y recursos econ\u00f3micos a los militares: se les ha concedido la construcci\u00f3n y administraci\u00f3n de las obras p\u00fablicas m\u00e1s importantes de su gobierno, y se les ha protegido para no rendir cuentas. AMLO salv\u00f3 de una c\u00e1rcel segura al ex titular de SEDENA&nbsp;<a href=\"https:\/\/www.dw.com\/es\/m%C3%A9xico-cienfuegos-exonerado-y-la-corrupci%C3%B3n-a-salvo\/a-56238018\">Salvador Cienfuegos<\/a>, uno de los miembros VIP de la c\u00fapula militar y amigo del actual secretario Luis Cresencio Sandoval. Y hasta ahora no hay ning\u00fan militar condenado por el caso de los 43 normalistas desaparecidos en Iguala en 2014, pese a las pruebas y testimonios que incriminan al Ej\u00e9rcito.<\/p>\n\n\n\n<p>En esa din\u00e1mica el crimen organizado est\u00e1&nbsp;dispuesto a sacrificar dinero y peones menores, o incluso contratados ex profeso, a cambio de un beneficio mayor: el pastel.<\/p>\n\n\n\n<p>Consultado aparte, uno de los l\u00edderes de oposici\u00f3n me confi\u00f3 que tienen la hip\u00f3tesis de que el terrorismo en los cuatro estados fue un asunto coordinado para justificar la militarizaci\u00f3n total del pa\u00eds.<\/p>\n\n\n\n<p><strong>La otra \u00abestrategia de la tensi\u00f3n\u201d<\/strong><\/p>\n\n\n\n<p>Por supuesto el gobierno federal, su partido, sus voceros -espont\u00e1neos o pagados- dir\u00e1n que es todo lo contrario, que es el crimen quien ataca al gobierno en represalia porque con la militarizaci\u00f3n se les atacar\u00eda. Quien diga eso se olvida de toda la historia de complicidad documentada por d\u00e9cadas entre altos mandos del Ej\u00e9rcito Mexicano, incluyendo titulares de la SEDENA, con los carteles de la droga. Y para no ir muy lejos est\u00e1 el episodio cuando en 2019 el ej\u00e9rcito detuvo exitosamente a un hijo narco de El Chapo, uno de los dirigentes del Cartel de Sinaloa,&nbsp;y d\u00f3cilmente lo liber\u00f3.<\/p>\n\n\n\n<p>Si fueran, como dice el gobierno, grupos criminales de manera espont\u00e1nea los que han podido arrodillar al estado mexicano, eso revelar\u00eda un absoluto fracaso de la pol\u00edtica de \u00ababrazos no balazos\u201d que obligar\u00eda a la renuncia de una buena parte del gabinete de seguridad y justicia del gobierno federal e incluso un llamado a cuentas por parte del Congreso al Presidente de la Rep\u00fablica, adem\u00e1s de otras medidas legales que podr\u00edan tomarse para sancionar la omisi\u00f3n y\/o complicidad. En ese caso la estrategia de la tensi\u00f3n ser\u00eda de los grupos criminales \u00bfante promesas no cumplidas?<\/p>\n\n\n\n<p>El hecho es que la violencia terrorista tuvo el efecto de cumplir el deseo externado por AMLO antes de que la violencia se iniciara: aumentar la militarizaci\u00f3n y justificarla por el supuesto \u2018bien de la Naci\u00f3n&#8217;. Miles de militares llegaron a varias ciudades del pa\u00eds, aumentando as\u00ed de facto su rol en la seguridad p\u00fablica.<\/p>\n\n\n\n<p>\u00abOla de violencia de los carteles lleva al gobierno de M\u00e9xico a desplegar el ej\u00e9rcito en varias ciudades\u201d fue el titular publicado por la BBC el 13 de agosto.<\/p>\n\n\n\n<p>En la d\u00e9cada de los noventa,\u00a0en Italia la \u00abestrategia de la violencia\u201d fue confrontada pac\u00edficamente por una sociedad civil indignada por las masacres y el terror, organizaciones civiles y por instituciones y hombres de esas instituciones que se rehusaron a caer en la extorsi\u00f3n.<\/p>\n\n\n\n<p>Fuente: https:\/\/www.dw.com\/es\/la-peligrosa-estrategia-de-la-tensi%C3%B3n-en-m%C3%A9xico\/a-62811052<\/p>\n","protected":false},"excerpt":{"rendered":"<p>Los eventos violentos de los \u00faltimos d\u00edas en Jalisco, Guanajuato, Chihuahua y Baja California de manera secuencial parecieran seguir una [&hellip;]<\/p>\n","protected":false},"author":1,"featured_media":34641,"comment_status":"open","ping_status":"open","sticky":false,"template":"","format":"standard","meta":{"site-sidebar-layout":"default","site-content-layout":"","ast-site-content-layout":"default","site-content-style":"default","site-sidebar-style":"default","ast-global-header-display":"","ast-banner-title-visibility":"","ast-main-header-display":"","ast-hfb-above-header-display":"","ast-hfb-below-header-display":"","ast-hfb-mobile-header-display":"","site-post-title":"","ast-breadcrumbs-content":"","ast-featured-img":"","footer-sml-layout":"","theme-transparent-header-meta":"","adv-header-id-meta":"","stick-header-meta":"","header-above-stick-meta":"","header-main-stick-meta":"","header-below-stick-meta":"","astra-migrate-meta-layouts":"default","ast-page-background-enabled":"default","ast-page-background-meta":{"desktop":{"background-color":"var(--ast-global-color-4)","background-image":"","background-repeat":"repeat","background-position":"center center","background-size":"auto","background-attachment":"scroll","background-type":"","background-media":"","overlay-type":"","overlay-color":"","overlay-opacity":"","overlay-gradient":""},"tablet":{"background-color":"","background-image":"","background-repeat":"repeat","background-position":"center center","background-size":"auto","background-attachment":"scroll","background-type":"","background-media":"","overlay-type":"","overlay-color":"","overlay-opacity":"","overlay-gradient":""},"mobile":{"background-color":"","background-image":"","background-repeat":"repeat","background-position":"center center","background-size":"auto","background-attachment":"scroll","background-type":"","background-media":"","overlay-type":"","overlay-color":"","overlay-opacity":"","overlay-gradient":""}},"ast-content-background-meta":{"desktop":{"background-color":"var(--ast-global-color-5)","background-image":"","background-repeat":"repeat","background-position":"center center","background-size":"auto","background-attachment":"scroll","background-type":"","background-media":"","overlay-type":"","overlay-color":"","overlay-opacity":"","overlay-gradient":""},"tablet":{"background-color":"var(--ast-global-color-5)","background-image":"","background-repeat":"repeat","background-position":"center center","background-size":"auto","background-attachment":"scroll","background-type":"","background-media":"","overlay-type":"","overlay-color":"","overlay-opacity":"","overlay-gradient":""},"mobile":{"background-color":"var(--ast-global-color-5)","background-image":"","background-repeat":"repeat","background-position":"center center","background-size":"auto","background-attachment":"scroll","background-type":"","background-media":"","overlay-type":"","overlay-color":"","overlay-opacity":"","overlay-gradient":""}},"footnotes":""},"categories":[8],"tags":[199,938,12025,3262],"class_list":["post-34640","post","type-post","status-publish","format-standard","has-post-thumbnail","hentry","category-noticias","tag-amlo","tag-crimen-organizado-mexico","tag-pax-mafiosa","tag-sedena"],"_links":{"self":[{"href":"https:\/\/losperiodistas.com.mx\/portal\/wp-json\/wp\/v2\/posts\/34640","targetHints":{"allow":["GET"]}}],"collection":[{"href":"https:\/\/losperiodistas.com.mx\/portal\/wp-json\/wp\/v2\/posts"}],"about":[{"href":"https:\/\/losperiodistas.com.mx\/portal\/wp-json\/wp\/v2\/types\/post"}],"author":[{"embeddable":true,"href":"https:\/\/losperiodistas.com.mx\/portal\/wp-json\/wp\/v2\/users\/1"}],"replies":[{"embeddable":true,"href":"https:\/\/losperiodistas.com.mx\/portal\/wp-json\/wp\/v2\/comments?post=34640"}],"version-history":[{"count":1,"href":"https:\/\/losperiodistas.com.mx\/portal\/wp-json\/wp\/v2\/posts\/34640\/revisions"}],"predecessor-version":[{"id":34645,"href":"https:\/\/losperiodistas.com.mx\/portal\/wp-json\/wp\/v2\/posts\/34640\/revisions\/34645"}],"wp:featuredmedia":[{"embeddable":true,"href":"https:\/\/losperiodistas.com.mx\/portal\/wp-json\/wp\/v2\/media\/34641"}],"wp:attachment":[{"href":"https:\/\/losperiodistas.com.mx\/portal\/wp-json\/wp\/v2\/media?parent=34640"}],"wp:term":[{"taxonomy":"category","embeddable":true,"href":"https:\/\/losperiodistas.com.mx\/portal\/wp-json\/wp\/v2\/categories?post=34640"},{"taxonomy":"post_tag","embeddable":true,"href":"https:\/\/losperiodistas.com.mx\/portal\/wp-json\/wp\/v2\/tags?post=34640"}],"curies":[{"name":"wp","href":"https:\/\/api.w.org\/{rel}","templated":true}]}}