{"id":34632,"date":"2022-08-16T05:00:17","date_gmt":"2022-08-16T10:00:17","guid":{"rendered":"http:\/\/losperiodistas.com.mx\/portal\/?p=34632"},"modified":"2022-08-16T05:15:38","modified_gmt":"2022-08-16T10:15:38","slug":"las-conchas-la-mina-que-se-acabaron-y-hoy-inunda-el-pinabete-la-silla-rota","status":"publish","type":"post","link":"https:\/\/losperiodistas.com.mx\/portal\/las-conchas-la-mina-que-se-acabaron-y-hoy-inunda-el-pinabete-la-silla-rota\/","title":{"rendered":"Las Conchas, la mina que \u201cse acabaron\u201d y hoy inunda El Pinabete | La Silla Rota"},"content":{"rendered":"\n<h2 class=\"wp-block-heading\">La mina sirvi\u00f3 como un gran complejo para la extracci\u00f3n de carb\u00f3n, hab\u00eda varios turnos de hasta 400 trabajadores cada uno\u2026 en la \u201cbuena \u00e9poca\u201d de la miner\u00eda en Coahuila<\/h2>\n\n\n\n<figure class=\"wp-block-image is-style-default\"><img decoding=\"async\" src=\"https:\/\/lasillarota.com\/u\/fotografias\/m\/2022\/8\/15\/f960x540-338449_412524_31.jpeg\" alt=\"La mina ten\u00eda una gran extensi\u00f3n y ahora est\u00e1 abandonada, sus pozos trasminaron agua a la mina que hoy atrapa a 10 mineros\"\/><figcaption><strong>Las Conchas.<\/strong>La mina ten\u00eda una gran extensi\u00f3n y ahora est\u00e1 abandonada, sus pozos trasminaron agua a la mina que hoy atrapa a 10 mineros Cr\u00e9ditos: Marco Antonio Mart\u00ednez<\/figcaption><\/figure>\n\n\n\n<p class=\"has-vivid-cyan-blue-color has-text-color has-medium-font-size\">MARCO ANTONIO MART\u00cdNEZ \/ LA SILLA ROTA<\/p>\n\n\n\n<p><em><strong>Sabinas, Coahuila<\/strong>.-<\/em>&nbsp;La entrada de la antigua&nbsp;<strong>mina&nbsp;<\/strong>de&nbsp;<strong>Las Conchas<\/strong>&nbsp;es un t\u00fanel de unos 3 metros de altura, que es el inicio de un descenso a una estructura subterr\u00e1nea que hace unos 30 a\u00f1os dej\u00f3 de ser usada para la&nbsp;<strong>extracci\u00f3n de carb\u00f3n<\/strong>, pero que&nbsp;en ese tiempo de abandono ha acumulado una gran cantidad de agua.<\/p>\n\n\n\n<p>El t\u00fanel de entrada, llamado bocamina, est\u00e1 abajo de la superficie de la casi des\u00e9rtica tierra. Para llegar ah\u00ed, hay que pasar una&nbsp;<strong>b\u00f3veda inclinada<\/strong>&nbsp;de unos 20 metros y despu\u00e9s llegar a una especie de estancia donde a\u00fan se puede ver los cimientos de concreto.<\/p>\n\n\n\n<p>Luego, hay otro descenso a un terreno al aire libre inclinado e irregular de tierra para llegar a la bocamina. Unos 15 metros de altura separan al t\u00fanel de la superficie.<\/p>\n\n\n\n<h3 class=\"wp-block-heading\">TE PODR\u00cdA INTERESAR<\/h3>\n\n\n\n<ul class=\"wp-block-list\"><li><a href=\"https:\/\/lasillarota.com\/estados\/2022\/8\/15\/el-nuevo-plan-de-rescate-de-los-mineros-tras-colapso-en-el-pinabete-388277.html\"><em>MINEROS ATRAPADOS<\/em>El nuevo plan de rescate de los mineros tras colapso en \u201cEl Pinabete\u201d<\/a><\/li><li><a href=\"https:\/\/lasillarota.com\/estados\/2022\/8\/13\/familiares-de-mineros-explotan-por-falta-de-resultados-exigen-intervencion-extranjera-388154.html\"><em>MINEROS ATRAPADOS<\/em>Familiares de mineros explotan por falta de resultados; exigen intervenci\u00f3n extranjera<\/a><\/li><\/ul>\n\n\n\n<p><strong>Las Conchas<\/strong>&nbsp;es un predio de una extensi\u00f3n de 180 hect\u00e1reas, donde se extra\u00eda&nbsp;<strong>carb\u00f3n&nbsp;<\/strong>con carritos transportados en rieles que pod\u00edan descender hasta 60 metros de altura debajo de la tierra,&nbsp;pero no de manera vertical mediante pozos, sino inclinados, lo que era m\u00e1s seguro para los trabajadores.<\/p>\n\n\n\n<h2 class=\"wp-block-heading\">HAB\u00cdA TRES TURNOS CADA UNO DE 400 MINEROS<\/h2>\n\n\n\n<p>Se dice que\u00a0en la \u00e9poca de esplendor de la mina\u00a0<strong>Las Conchas<\/strong>\u00a0llegaron a trabajar hasta mil 200 mineros\u00a0divididos en tres turnos, eso explica la extensi\u00f3n de la entrada, y lo que queda de las oficinas.<\/p>\n\n\n\n<h3 class=\"wp-block-heading\">TE PODR\u00cdA INTERESAR<\/h3>\n\n\n\n<ul class=\"wp-block-list\"><li><a href=\"https:\/\/lasillarota.com\/nacion\/2022\/8\/12\/las-12-minas-irregulares-en-la-misma-zona-donde-estan-10-mineros-atrapados-388062.html\"><em>TRAGEDIA MINERA<\/em>Las 12 minas irregulares en la misma zona donde est\u00e1n 10 mineros atrapados<\/a><\/li><li><a href=\"https:\/\/lasillarota.com\/estados\/2022\/8\/11\/negligencia-en-minas-inseguridad-desinteres-por-mineros-387842.html\"><em>MINEROS ATRAPADOS<\/em>Negligencia en minas: \u201cinseguridad y desinter\u00e9s por mineros\u201d<\/a><\/li><\/ul>\n\n\n\n<p>Enclavada en los terrenos de la comunidad de Villa de<strong>&nbsp;La Agujita<\/strong>, del municipio de<strong>&nbsp;Sabinas, Coahuila<\/strong>, cualquier habitante de ah\u00ed sabe que ah\u00ed se encontraba la mina, aunque apenas se vean las solitarias ruinas de sus oficinas y ahora parezca simplemente un bald\u00edo con cascajo, basura y arbustos y que en su interior acumula agua.<\/p>\n\n\n\n<figure class=\"wp-block-image is-style-default\"><img decoding=\"async\" src=\"https:\/\/lasillarota.com\/u\/fotografias\/m\/2022\/8\/15\/f768x400-338456_382359_5050.jpeg\" alt=\"\"\/><\/figure>\n\n\n\n<p>Eso mismo debieron saber los due\u00f1os de los pozos de extracci\u00f3n de carbono ubicados en<strong>&nbsp;El Pinabete<\/strong>, de una extensi\u00f3n de 1.8 hect\u00e1reas,&nbsp;predio 100 veces menor, frente a&nbsp;<strong>Las Conchas<\/strong>&nbsp;y del cual solo est\u00e1 separado por un camino de terracer\u00eda.<\/p>\n\n\n\n<p>El predio es propiedad de la&nbsp;<strong>Compa\u00f1\u00eda Minera El Pinabete<\/strong>, una de las 67 peque\u00f1as y medianas productoras de carb\u00f3n y que en conjunto surtieron, entre septiembre de 2020 a diciembre de 2021, a la&nbsp;<strong>Comisi\u00f3n Federal de Electricidad&nbsp;<\/strong>de 2 millones de toneladas para la el consumo de las termoel\u00e9ctricas carb\u00f3n I y Carb\u00f3n II, ubicadas en Nava, en el mismo estado, de acuerdo con el estudio Panorama minero del estado de&nbsp;<strong>Coahuila<\/strong>, 2021, publicado por la Secretar\u00eda de Econom\u00eda y el Servicio Geol\u00f3gico Mexicano.<\/p>\n\n\n\n<p>As\u00ed lo sostienen habitantes de Villa de&nbsp;<strong>La Agujita<\/strong>&nbsp;e incluso de&nbsp;<strong>Sabinas<\/strong>, mineros o no mineros.<\/p>\n\n\n\n<h2 class=\"wp-block-heading\">SE LES AVIS\u00d3 A LAS AUTORIDADES<\/h2>\n\n\n\n<p>Desde los momentos posteriores al colapso de agua ocurrido en los pozos de la mina&nbsp;<strong>El Pinabete<\/strong>, se le inform\u00f3 a las autoridades responsables del rescate, la Coordinadora Nacional de Protecci\u00f3n Civil y a la Secretar\u00eda de la Defensa Nacional, que&nbsp;<strong>Las Conchas<\/strong>&nbsp;estaba abandonada y, por su tama\u00f1o,&nbsp;equival\u00eda a una cisterna que iba a trasminar agua hacia el predio de los pozos.<\/p>\n\n\n\n<figure class=\"wp-block-image is-style-default\"><img decoding=\"async\" src=\"https:\/\/lasillarota.com\/u\/fotografias\/m\/2022\/8\/15\/f768x400-338454_382357_5050.jpeg\" alt=\"\"\/><\/figure>\n\n\n\n<p>Sin embargo, no les hicieron caso, se han quejado mineros y familiares de los trabajadores atrapados. Los barrenos para extraer agua fueron realizados en el predio de&nbsp;<strong>El Pinabete<\/strong>, sin tomar en cuenta la colindancia con&nbsp;<strong>La Concha<\/strong>.<\/p>\n\n\n\n<p>Durante los primeros 10 d\u00edas de inicio del rescate se habl\u00f3 de que el nivel del agua estaba descendiendo e incluso las autoridades llegaron a decir que ya estaba a menos de un metro. Pero este 14 de agosto, las autoridades les avisaron a los familiares que el agua volvi\u00f3 a subir y antes del mediod\u00eda ya hab\u00edan llegado a 15 metros y continu\u00f3 subiendo.<\/p>\n\n\n\n<p>La noticia caus\u00f3 des\u00e1nimo entre los familiares de los<strong>&nbsp;mineros atrapados<\/strong>. A algunos se les tom\u00f3 la presi\u00f3n, otros se retiraron y en la tarde un peque\u00f1o grupo dio una segunda conferencia de prensa, para pedir acelerar los trabajos.<\/p>\n\n\n\n<figure class=\"wp-block-image is-style-default\"><img decoding=\"async\" src=\"https:\/\/lasillarota.com\/u\/fotografias\/m\/2022\/8\/15\/f768x400-338447_382350_5050.jpeg\" alt=\"\"\/><\/figure>\n\n\n\n<p>Adem\u00e1s, la coordinadora Nacional de Protecci\u00f3n Civil, a cargo de Laura Vel\u00e1zquez Alz\u00faa y el gobernador de&nbsp;<strong>Coahuila<\/strong>, Miguel Riquelme, informaron por separado que se trabajaba en una nueva estrategia para evitar que aumentaran los niveles de agua, lo que los familiares leyeron como un t\u00e1cito reconocimiento de que el anterior hab\u00eda fracasado.<\/p>\n\n\n\n<p>El mismo 14 de agosto, trabajadores de Protecci\u00f3n Civil visitaron la mina de<strong>&nbsp;Las Conchas<\/strong>, y cuando se dieron cuenta que ah\u00ed hab\u00eda representantes de los medios de comunicaci\u00f3n, a paso veloz se retiraron.<\/p>\n\n\n\n<figure class=\"wp-block-image is-style-default\"><img decoding=\"async\" src=\"https:\/\/lasillarota.com\/u\/fotografias\/m\/2022\/8\/15\/f768x400-338451_382354_5050.jpeg\" alt=\"\"\/><\/figure>\n\n\n\n<p>La situaci\u00f3n se torn\u00f3 mas complicada porque este 15 de agosto comenz\u00f3 a llover desde las 3 de la ma\u00f1ana, y escamp\u00f3 10 horas despu\u00e9s.<\/p>\n\n\n\n<p>12 d\u00edas despu\u00e9s, el rescate de los 10 trabajadores atrapados en los pozos de\u00a0<strong>El Pinabete\u00a0<\/strong>sigue en vilo, con la novedad de que la informaci\u00f3n que mineros y familiares les hab\u00edan dado a las autoridades, apenas hab\u00eda sido tomada en cuenta.<\/p>\n\n\n\n<p>Fuente: https:\/\/lasillarota.com\/estados\/2022\/8\/15\/las-conchas-la-mina-que-se-acabaron-hoy-inunda-el-pinabete-388360.html<\/p>\n","protected":false},"excerpt":{"rendered":"<p>La mina sirvi\u00f3 como un gran complejo para la extracci\u00f3n de carb\u00f3n, hab\u00eda varios turnos de hasta 400 trabajadores cada [&hellip;]<\/p>\n","protected":false},"author":1,"featured_media":34633,"comment_status":"open","ping_status":"open","sticky":false,"template":"","format":"standard","meta":{"site-sidebar-layout":"default","site-content-layout":"","ast-site-content-layout":"default","site-content-style":"default","site-sidebar-style":"default","ast-global-header-display":"","ast-banner-title-visibility":"","ast-main-header-display":"","ast-hfb-above-header-display":"","ast-hfb-below-header-display":"","ast-hfb-mobile-header-display":"","site-post-title":"","ast-breadcrumbs-content":"","ast-featured-img":"","footer-sml-layout":"","theme-transparent-header-meta":"","adv-header-id-meta":"","stick-header-meta":"","header-above-stick-meta":"","header-main-stick-meta":"","header-below-stick-meta":"","astra-migrate-meta-layouts":"default","ast-page-background-enabled":"default","ast-page-background-meta":{"desktop":{"background-color":"var(--ast-global-color-4)","background-image":"","background-repeat":"repeat","background-position":"center center","background-size":"auto","background-attachment":"scroll","background-type":"","background-media":"","overlay-type":"","overlay-color":"","overlay-opacity":"","overlay-gradient":""},"tablet":{"background-color":"","background-image":"","background-repeat":"repeat","background-position":"center center","background-size":"auto","background-attachment":"scroll","background-type":"","background-media":"","overlay-type":"","overlay-color":"","overlay-opacity":"","overlay-gradient":""},"mobile":{"background-color":"","background-image":"","background-repeat":"repeat","background-position":"center center","background-size":"auto","background-attachment":"scroll","background-type":"","background-media":"","overlay-type":"","overlay-color":"","overlay-opacity":"","overlay-gradient":""}},"ast-content-background-meta":{"desktop":{"background-color":"var(--ast-global-color-5)","background-image":"","background-repeat":"repeat","background-position":"center center","background-size":"auto","background-attachment":"scroll","background-type":"","background-media":"","overlay-type":"","overlay-color":"","overlay-opacity":"","overlay-gradient":""},"tablet":{"background-color":"var(--ast-global-color-5)","background-image":"","background-repeat":"repeat","background-position":"center center","background-size":"auto","background-attachment":"scroll","background-type":"","background-media":"","overlay-type":"","overlay-color":"","overlay-opacity":"","overlay-gradient":""},"mobile":{"background-color":"var(--ast-global-color-5)","background-image":"","background-repeat":"repeat","background-position":"center center","background-size":"auto","background-attachment":"scroll","background-type":"","background-media":"","overlay-type":"","overlay-color":"","overlay-opacity":"","overlay-gradient":""}},"footnotes":""},"categories":[8],"tags":[34,11966,11997,12024,11867,11824],"class_list":["post-34632","post","type-post","status-publish","format-standard","has-post-thumbnail","hentry","category-noticias","tag-cfe","tag-el-pinabete","tag-mina-las-conchas","tag-minas-coahuila","tag-mineros-atrapados","tag-sabinas"],"_links":{"self":[{"href":"https:\/\/losperiodistas.com.mx\/portal\/wp-json\/wp\/v2\/posts\/34632","targetHints":{"allow":["GET"]}}],"collection":[{"href":"https:\/\/losperiodistas.com.mx\/portal\/wp-json\/wp\/v2\/posts"}],"about":[{"href":"https:\/\/losperiodistas.com.mx\/portal\/wp-json\/wp\/v2\/types\/post"}],"author":[{"embeddable":true,"href":"https:\/\/losperiodistas.com.mx\/portal\/wp-json\/wp\/v2\/users\/1"}],"replies":[{"embeddable":true,"href":"https:\/\/losperiodistas.com.mx\/portal\/wp-json\/wp\/v2\/comments?post=34632"}],"version-history":[{"count":1,"href":"https:\/\/losperiodistas.com.mx\/portal\/wp-json\/wp\/v2\/posts\/34632\/revisions"}],"predecessor-version":[{"id":34634,"href":"https:\/\/losperiodistas.com.mx\/portal\/wp-json\/wp\/v2\/posts\/34632\/revisions\/34634"}],"wp:featuredmedia":[{"embeddable":true,"href":"https:\/\/losperiodistas.com.mx\/portal\/wp-json\/wp\/v2\/media\/34633"}],"wp:attachment":[{"href":"https:\/\/losperiodistas.com.mx\/portal\/wp-json\/wp\/v2\/media?parent=34632"}],"wp:term":[{"taxonomy":"category","embeddable":true,"href":"https:\/\/losperiodistas.com.mx\/portal\/wp-json\/wp\/v2\/categories?post=34632"},{"taxonomy":"post_tag","embeddable":true,"href":"https:\/\/losperiodistas.com.mx\/portal\/wp-json\/wp\/v2\/tags?post=34632"}],"curies":[{"name":"wp","href":"https:\/\/api.w.org\/{rel}","templated":true}]}}