{"id":34629,"date":"2022-08-16T05:09:45","date_gmt":"2022-08-16T10:09:45","guid":{"rendered":"http:\/\/losperiodistas.com.mx\/portal\/?p=34629"},"modified":"2022-08-16T05:09:47","modified_gmt":"2022-08-16T10:09:47","slug":"la-bella-simonetta-la-nina-que-compro-una-condesa-y-otros-famosos-rostros-del-arte-ld","status":"publish","type":"post","link":"https:\/\/losperiodistas.com.mx\/portal\/la-bella-simonetta-la-nina-que-compro-una-condesa-y-otros-famosos-rostros-del-arte-ld\/","title":{"rendered":"La &#8216;bella Simonetta&#8217;, la ni\u00f1a que compr\u00f3 una condesa y otros famosos rostros del arte | LD"},"content":{"rendered":"\n<h2 class=\"wp-block-heading\">Hablamos en<em>\u00a0Es la ma\u00f1ana de Federico<\/em>\u00a0de las modelos que inspiraron a grandes pintores de la historia.<\/h2>\n\n\n\n<p><\/p>\n\n\n\n<figure class=\"wp-block-image size-full is-style-default\"><img fetchpriority=\"high\" decoding=\"async\" width=\"954\" height=\"700\" src=\"https:\/\/losperiodistas.com.mx\/portal\/wp-content\/uploads\/2022\/08\/henriette-browne-maria-pasqua-peq.jpg\" alt=\"\" class=\"wp-image-34630\" srcset=\"https:\/\/losperiodistas.com.mx\/portal\/wp-content\/uploads\/2022\/08\/henriette-browne-maria-pasqua-peq.jpg 954w, https:\/\/losperiodistas.com.mx\/portal\/wp-content\/uploads\/2022\/08\/henriette-browne-maria-pasqua-peq-300x220.jpg 300w, https:\/\/losperiodistas.com.mx\/portal\/wp-content\/uploads\/2022\/08\/henriette-browne-maria-pasqua-peq-768x564.jpg 768w\" sizes=\"(max-width: 954px) 100vw, 954px\" \/><figcaption>&#8216;A Greek Captive&#8217;, de Henriette Browne |\u00a0Tate Gallery<\/figcaption><\/figure>\n\n\n\n<figure class=\"wp-block-image is-style-default\"><a href=\"https:\/\/s.libertaddigital.com\/2022\/08\/15\/1920\/1080\/fit\/henriette-browne-maria-pasqua-peq.jpg\"><img decoding=\"async\" src=\"https:\/\/s.libertaddigital.com\/images\/trans.png\" alt=\"Hablamos en Es la ma\u00f1ana de Federico de las modelos que inspiraron a grandes pintores de la historia.\" title=\"La 'bella Simonetta', la ni\u00f1a que compr\u00f3 una condesa y otros famosos rostros del arte\"\/><\/a><\/figure>\n\n\n\n<p>LAURA GALDEANO \/ LIBERTAD DIGITAL<\/p>\n\n\n\n<p>Hay retratos en la Historia del Arte que han generado tanto inter\u00e9s que las investigaciones por descubrir la identidad de quien se esconde tras ese rostro an\u00f3nimo han sido constantes. Hoy en d\u00eda conocemos el nombre de muchos de estos modelos y la historia de sus vidas.<\/p>\n\n\n\n<p>Una de las biograf\u00edas m\u00e1s interesantes se esconde en el famoso cuadro de&nbsp;<strong><em>El nacimiento de venus,<\/em>&nbsp;de Sandro Botticelli.<\/strong>&nbsp;La retratada era conocida como la&nbsp;<em>bella Simonetta.<\/em>&nbsp;Los artistas florentinos del siglo XV anhelaban pintarla porque representaba el ideal de belleza femenino del Renacimiento.<\/p>\n\n\n\n<figure class=\"wp-block-image is-style-default\"><a href=\"https:\/\/s.libertaddigital.com\/2022\/08\/15\/sandro-botticelli-nacimiento-venus.jpg\"><img decoding=\"async\" src=\"https:\/\/s.libertaddigital.com\/2022\/08\/15\/sandro-botticelli-nacimiento-venus.jpg\" alt=\"sandro-botticelli-nacimiento-venus.jpg\"\/><\/a><\/figure>\n\n\n\n<p>Se llamaba Simonetta Vespucci y se cas\u00f3 muy joven, con 15 o 16 a\u00f1os, con Marco Vespucci, familiar de Am\u00e9rico Vespucio, el cosm\u00f3grafo que dio nombre al continente americano. Al instalarse con la familia de su esposo, su belleza no pas\u00f3 inadvertida para Botticelli, amigo y vecino, quien la escogi\u00f3 de modelo para una de sus grandes obras maestras.<\/p>\n\n\n\n<p>Otros artistas tambi\u00e9n la retrataron y pronto los m\u00e1s poderosos de Florencia quedaron prendados de su encanto, entre otros,&nbsp;<strong>Lorenzo y Juliano M\u00e9dici<\/strong>. Tanto es as\u00ed, que en un torneo entre caballeros, en una justa, Juliano M\u00e9dici puso su rostro en el estandarte que portaba, una imagen de Simonetta representando a Palas Atenea que, como no, hab\u00eda sido pintada por Sandro Botticelli. Juliano la declar\u00f3 p\u00fablicamente&nbsp;<strong>\u00abdama de su coraz\u00f3n\u00bb&nbsp;<\/strong>y fue nombrada&nbsp;<strong>\u00abReina de la belleza\u00bb.<\/strong><\/p>\n\n\n\n<p>Apenas un a\u00f1o despu\u00e9s de este torneo, Simonetta muri\u00f3 de tuberculosis. Tan solo ten\u00eda 23 a\u00f1os. Botticelli qued\u00f3 devastado por la muerte de la joven y tard\u00f3 nueve a\u00f1os en acabar, en 1485,&nbsp;<em>El nacimiento de Venus<\/em>. Adem\u00e1s, le puso el rostro de Simonetta a muchas de las mujeres de los cuadros en un homenaje p\u00f3stumo que parec\u00eda no acabar.<\/p>\n\n\n\n<figure class=\"wp-block-image is-style-default\"><a href=\"https:\/\/s.libertaddigital.com\/2022\/08\/15\/la-virgen-y-el-nino-en-un-nicho-sandro-botticelli.jpg\"><img decoding=\"async\" src=\"https:\/\/s.libertaddigital.com\/2022\/08\/15\/la-virgen-y-el-nino-en-un-nicho-sandro-botticelli.jpg\" alt=\"la-virgen-y-el-nino-en-un-nicho-sandro-botticelli.jpg\"\/><\/a><figcaption>&#8216;La Virgen y el Ni\u00f1o en un nicho&#8217;, de Botticelli<\/figcaption><\/figure>\n\n\n\n<p>Nunca la olvid\u00f3 y pidi\u00f3 expresamente ser enterrado junto a Simonetta. En Florencia, en la iglesia franciscana de Todos los Santos, est\u00e1 la tumba de la joven y a sus pies, la del pintor, exhumados con 34 a\u00f1os de diferencia el uno del otro.<\/p>\n\n\n\n<figure class=\"wp-block-image is-style-default\"><a href=\"https:\/\/s.libertaddigital.com\/2022\/08\/15\/henriette-browne-maria-pasqua.jpg\"><img decoding=\"async\" src=\"https:\/\/s.libertaddigital.com\/2022\/08\/15\/henriette-browne-maria-pasqua.jpg\" alt=\"henriette-browne-maria-pasqua.jpg\"\/><\/a><figcaption>Retrato de Maria Pasqua, por Henriette Browne<\/figcaption><\/figure>\n\n\n\n<p>Avanzamos hasta el siglo XIX para hablar de\u00a0<strong>Maria Pasqua<\/strong>. Naci\u00f3 en 1856 al sur de Roma y era la cuarta hija de unos campesinos italianos. Desde los seis a\u00f1os, pos\u00f3 como modelo para artistas como Jalabert, H\u00e9bert, Bonnat o Henriette Browne. Hoy en d\u00eda, vemos su rostro en la Tate Modern o la National Gallery. Era la ni\u00f1a italiana a la que quer\u00edan pintar todos los artistas parisinos y esto llam\u00f3 la atenci\u00f3n de la condesa de Noailles, una viuda inglesa de un arist\u00f3crata franc\u00e9s, que decidi\u00f3 comprar a la ni\u00f1a.<\/p>\n\n\n\n<p>Es muy probable que con este impopular gesto, la condesa quisiera proteger a Maria. Era conocido que parte de su fortuna la destin\u00f3 a crear centros educativos para ni\u00f1as. Maria nunca m\u00e1s volvi\u00f3 a posar y la condesa la crio como a una hija.<\/p>\n\n\n\n<h3 class=\"wp-block-heading\">Modelos sin nombre<\/h3>\n\n\n\n<figure class=\"wp-block-image is-style-default\"><a href=\"https:\/\/s.libertaddigital.com\/2018\/03\/01\/joven-perla-Mauritshuis1.jpg\"><img decoding=\"async\" src=\"https:\/\/s.libertaddigital.com\/2018\/03\/01\/joven-perla-Mauritshuis1.jpg\" alt=\"joven-perla-Mauritshuis1.jpg\"\/><\/a><figcaption>&#8216;La joven de la perla&#8217;<\/figcaption><\/figure>\n\n\n\n<p>Algunas modelos han inspirado incluso novelas y pel\u00edculas, como<em>&nbsp;<strong>La joven de la perla<\/strong><\/em><strong>, de Vermeer,<\/strong>&nbsp;la que algunos llaman la&nbsp;<em>Mona Lisa del norte<\/em>, m\u00e1s por el inter\u00e9s que ha generado en las \u00faltimas d\u00e9cadas que por su parecido. La vemos en todo tipo de merchandising: camisetas, delantales, libretas, bolsos o fundas de m\u00f3vil. Pero no siempre ha sido tan famosa. De hecho, ni se sabe para qui\u00e9n la pint\u00f3 Vermeer entre 1665 y 1666 ni el nombre de la modelo. Los estudios apuntan a que no es un retrato de una persona en particular, sino es una&nbsp;<em>tronie<\/em>, es decir, una joven \u00abtipo\u00bb sin intenci\u00f3n de ser identificable. Curiosamente, tras estudiar el cuadro con infrarrojos, parece que la joya que le da nombre al cuadro no es tal. No porta una perla sino que se tratar\u00eda de un metal tallado en forma de l\u00e1grima.<\/p>\n\n\n\n<figure class=\"wp-block-image is-style-default\"><a href=\"https:\/\/s.libertaddigital.com\/2022\/08\/15\/dama-del-armino-da-vinci.jpg\"><img decoding=\"async\" src=\"https:\/\/s.libertaddigital.com\/2022\/08\/15\/dama-del-armino-da-vinci.jpg\" alt=\"dama-del-armino-da-vinci.jpg\"\/><\/a><figcaption>La dama del armi\u00f1o<\/figcaption><\/figure>\n\n\n\n<p>Si hablamos de modelos y en Leonardo Da Vinci es inevitable no pensar en<em>&nbsp;La Gioconda<\/em>. Sin embargo, el genio del Renacimiento tuvo otra musa:&nbsp;<em>Cecilia Gallerani<\/em>&nbsp;o&nbsp;<em><strong>La dama del armi\u00f1o<\/strong><\/em>. Cuando ten\u00eda 16 a\u00f1os conoci\u00f3 al duque de Mil\u00e1n, Ludovico Sforza. Era una chica muy inteligente, hablaba lat\u00edn, sab\u00eda de m\u00fasica, le interesaba la pol\u00edtica, en definitiva, era muy inquieta intelectualmente y esto llam\u00f3 la atenci\u00f3n del duque, que la invit\u00f3 a unirse a la corte de Mil\u00e1n. All\u00ed la muchacha capt\u00f3 el inter\u00e9s de Leonardo. Se hicieron grandes amigos, compartieron tertulias sobre todo tipo de asuntos de la actualidad y la retrat\u00f3, por petici\u00f3n del duque, en el cuadro titulado la&nbsp;<em>Dama del armi\u00f1o<\/em>. La joven guard\u00f3 el cuadro durante toda su vida y su pista se perdi\u00f3 hasta el siglo XVIII, cuando se le atribuy\u00f3 a Da Vinci. Hoy est\u00e1 expuesto en el Museo Czartoryski de Cracovia.<\/p>\n\n\n\n<h3 class=\"wp-block-heading\">La virgen de Caravaggio<\/h3>\n\n\n\n<p>Caravaggio fue un artista que despert\u00f3 mucha pol\u00e9mica con su obra. Aplaudido por unos y censurado por otros, fue la comidilla entre los intelectuales de su \u00e9poca. Seg\u00fan sostienen algunos historiadores \u2013 no hay consenso-, Caravaggio habr\u00eda tomado como modelo para pintar a la virgen al&nbsp;<strong>cad\u00e1ver de una mujer ahogada en el T\u00edber.<\/strong>&nbsp;Dicen que se llamaba Lena y que hab\u00eda sido amante del pintor.<\/p>\n\n\n\n<figure class=\"wp-block-image is-style-default\"><a href=\"https:\/\/s.libertaddigital.com\/2022\/08\/15\/la-muerte-de-la-virgen-caravaggio.jpg\"><img decoding=\"async\" src=\"https:\/\/s.libertaddigital.com\/2022\/08\/15\/la-muerte-de-la-virgen-caravaggio.jpg\" alt=\"la-muerte-de-la-virgen-caravaggio.jpg\"\/><\/a><\/figure>\n\n\n\n<p><em>La muerte de la Virgen<\/em>, el \u00faltimo cuadro que Caravaggio pint\u00f3 en Roma antes de huir tras haber matado a un hombre en una pelea, sit\u00faa a la Virgen en su lecho de muerte, con el cabello enredado, la piel verdosa y sin el halo celestial que se espera de esa figura. Opt\u00f3 por reflejar de manera realista el dolor de la p\u00e9rdida. Por este motivo, los can\u00f3nigos de Santa Maria della Scala, la iglesia de Roma para la que le hab\u00edan encargado el cuadro, lo rechazaron.<\/p>\n\n\n\n<p>El cuadro fue entonces adquirido por una rica familia por recomendaci\u00f3n de Rubens. A\u00f1os m\u00e1s tarde ser\u00eda propiedad de Carlos I de Inglaterra y hoy se expone en el Louvre.<\/p>\n\n\n\n<p>Pese a las cr\u00edticas, se consider\u00f3 que\u00a0<strong>Caravaggio retrat\u00f3 la muerte de la forma m\u00e1s cruda que supo<\/strong>. Aparece rodeada de los disc\u00edpulos y de Mar\u00eda Magdalena, que lloran su muerte de manera desconsolada.<\/p>\n\n\n\n<p>Fuente: https:\/\/www.libertaddigital.com\/cultura\/arte\/2022-08-15\/la-bella-simonetta-la-nina-que-compro-una-condesa-y-otros-famosos-rostros-del-arte-6923606\/<\/p>\n","protected":false},"excerpt":{"rendered":"<p>Hablamos en\u00a0Es la ma\u00f1ana de Federico\u00a0de las modelos que inspiraron a grandes pintores de la historia. LAURA GALDEANO \/ LIBERTAD [&hellip;]<\/p>\n","protected":false},"author":1,"featured_media":34630,"comment_status":"open","ping_status":"open","sticky":false,"template":"","format":"standard","meta":{"site-sidebar-layout":"default","site-content-layout":"","ast-site-content-layout":"default","site-content-style":"default","site-sidebar-style":"default","ast-global-header-display":"","ast-banner-title-visibility":"","ast-main-header-display":"","ast-hfb-above-header-display":"","ast-hfb-below-header-display":"","ast-hfb-mobile-header-display":"","site-post-title":"","ast-breadcrumbs-content":"","ast-featured-img":"","footer-sml-layout":"","theme-transparent-header-meta":"","adv-header-id-meta":"","stick-header-meta":"","header-above-stick-meta":"","header-main-stick-meta":"","header-below-stick-meta":"","astra-migrate-meta-layouts":"default","ast-page-background-enabled":"default","ast-page-background-meta":{"desktop":{"background-color":"var(--ast-global-color-4)","background-image":"","background-repeat":"repeat","background-position":"center center","background-size":"auto","background-attachment":"scroll","background-type":"","background-media":"","overlay-type":"","overlay-color":"","overlay-opacity":"","overlay-gradient":""},"tablet":{"background-color":"","background-image":"","background-repeat":"repeat","background-position":"center center","background-size":"auto","background-attachment":"scroll","background-type":"","background-media":"","overlay-type":"","overlay-color":"","overlay-opacity":"","overlay-gradient":""},"mobile":{"background-color":"","background-image":"","background-repeat":"repeat","background-position":"center center","background-size":"auto","background-attachment":"scroll","background-type":"","background-media":"","overlay-type":"","overlay-color":"","overlay-opacity":"","overlay-gradient":""}},"ast-content-background-meta":{"desktop":{"background-color":"var(--ast-global-color-5)","background-image":"","background-repeat":"repeat","background-position":"center center","background-size":"auto","background-attachment":"scroll","background-type":"","background-media":"","overlay-type":"","overlay-color":"","overlay-opacity":"","overlay-gradient":""},"tablet":{"background-color":"var(--ast-global-color-5)","background-image":"","background-repeat":"repeat","background-position":"center center","background-size":"auto","background-attachment":"scroll","background-type":"","background-media":"","overlay-type":"","overlay-color":"","overlay-opacity":"","overlay-gradient":""},"mobile":{"background-color":"var(--ast-global-color-5)","background-image":"","background-repeat":"repeat","background-position":"center center","background-size":"auto","background-attachment":"scroll","background-type":"","background-media":"","overlay-type":"","overlay-color":"","overlay-opacity":"","overlay-gradient":""}},"footnotes":""},"categories":[8],"tags":[12023,12022,7252,12021],"class_list":["post-34629","post","type-post","status-publish","format-standard","has-post-thumbnail","hentry","category-noticias","tag-maria-pasqua","tag-retratos","tag-sandro-botticelli","tag-simonetta-vespucci"],"_links":{"self":[{"href":"https:\/\/losperiodistas.com.mx\/portal\/wp-json\/wp\/v2\/posts\/34629","targetHints":{"allow":["GET"]}}],"collection":[{"href":"https:\/\/losperiodistas.com.mx\/portal\/wp-json\/wp\/v2\/posts"}],"about":[{"href":"https:\/\/losperiodistas.com.mx\/portal\/wp-json\/wp\/v2\/types\/post"}],"author":[{"embeddable":true,"href":"https:\/\/losperiodistas.com.mx\/portal\/wp-json\/wp\/v2\/users\/1"}],"replies":[{"embeddable":true,"href":"https:\/\/losperiodistas.com.mx\/portal\/wp-json\/wp\/v2\/comments?post=34629"}],"version-history":[{"count":1,"href":"https:\/\/losperiodistas.com.mx\/portal\/wp-json\/wp\/v2\/posts\/34629\/revisions"}],"predecessor-version":[{"id":34631,"href":"https:\/\/losperiodistas.com.mx\/portal\/wp-json\/wp\/v2\/posts\/34629\/revisions\/34631"}],"wp:featuredmedia":[{"embeddable":true,"href":"https:\/\/losperiodistas.com.mx\/portal\/wp-json\/wp\/v2\/media\/34630"}],"wp:attachment":[{"href":"https:\/\/losperiodistas.com.mx\/portal\/wp-json\/wp\/v2\/media?parent=34629"}],"wp:term":[{"taxonomy":"category","embeddable":true,"href":"https:\/\/losperiodistas.com.mx\/portal\/wp-json\/wp\/v2\/categories?post=34629"},{"taxonomy":"post_tag","embeddable":true,"href":"https:\/\/losperiodistas.com.mx\/portal\/wp-json\/wp\/v2\/tags?post=34629"}],"curies":[{"name":"wp","href":"https:\/\/api.w.org\/{rel}","templated":true}]}}