{"id":34626,"date":"2022-08-16T03:01:18","date_gmt":"2022-08-16T08:01:18","guid":{"rendered":"http:\/\/losperiodistas.com.mx\/portal\/?p=34626"},"modified":"2022-08-16T05:16:43","modified_gmt":"2022-08-16T10:16:43","slug":"mexico-registro-en-las-ultimas-24-horas-mil-367-casos-y-cuatro-muertes-por-covid-19-l-d-digital","status":"publish","type":"post","link":"https:\/\/losperiodistas.com.mx\/portal\/mexico-registro-en-las-ultimas-24-horas-mil-367-casos-y-cuatro-muertes-por-covid-19-l-d-digital\/","title":{"rendered":"M\u00e9xico registr\u00f3 en las \u00faltimas 24 horas mil 367 casos y cuatro muertes por COVID-19 | L-D Digital"},"content":{"rendered":"\n<p>La Secretar\u00eda de Salud inform\u00f3 que en M\u00e9xico la ocupaci\u00f3n hospitalaria por COVID-19 disminuy\u00f3 un punto porcentual en las \u00faltimas 24 horas<\/p>\n\n\n\n<p><\/p>\n\n\n\n<figure class=\"wp-block-image size-large is-style-default\"><img fetchpriority=\"high\" decoding=\"async\" width=\"1024\" height=\"709\" src=\"https:\/\/losperiodistas.com.mx\/portal\/wp-content\/uploads\/2022\/08\/traslado-a-un-hospital-de-paciente-covid-19-en-mexico-1024x709.jpg\" alt=\"\" class=\"wp-image-34627\" srcset=\"https:\/\/losperiodistas.com.mx\/portal\/wp-content\/uploads\/2022\/08\/traslado-a-un-hospital-de-paciente-covid-19-en-mexico-1024x709.jpg 1024w, https:\/\/losperiodistas.com.mx\/portal\/wp-content\/uploads\/2022\/08\/traslado-a-un-hospital-de-paciente-covid-19-en-mexico-300x208.jpg 300w, https:\/\/losperiodistas.com.mx\/portal\/wp-content\/uploads\/2022\/08\/traslado-a-un-hospital-de-paciente-covid-19-en-mexico-768x532.jpg 768w, https:\/\/losperiodistas.com.mx\/portal\/wp-content\/uploads\/2022\/08\/traslado-a-un-hospital-de-paciente-covid-19-en-mexico-1536x1063.jpg 1536w, https:\/\/losperiodistas.com.mx\/portal\/wp-content\/uploads\/2022\/08\/traslado-a-un-hospital-de-paciente-covid-19-en-mexico.jpg 1920w\" sizes=\"(max-width: 1024px) 100vw, 1024px\" \/><figcaption>Traslado a un hospital de paciente COVID-19 en M\u00e9xico. Foto de EFE \/ Archivo<\/figcaption><\/figure>\n\n\n\n<p><\/p>\n\n\n\n<p class=\"has-vivid-cyan-blue-color has-text-color has-medium-font-size\">L\u00d3PEZ-D\u00d3RIGA DIGITAL<\/p>\n\n\n\n<p>La&nbsp;<strong>Secretar\u00eda de Salud<\/strong>&nbsp;inform\u00f3 este lunes que&nbsp;<strong>M\u00e9xico<\/strong>&nbsp;suma 6 millones 929 mil 3 casos y 328 mil 736 muertes por&nbsp;<strong>COVID-19<\/strong>.<\/p>\n\n\n\n<p>En las \u00faltimas 24 horas, el pa\u00eds registr\u00f3 mil 367 contagios y cuatro\u00a0<strong>defunciones<\/strong>\u00a0por coronavirus\u00a0<strong>SARS-CoV-2<\/strong>.<\/p>\n\n\n\n<figure class=\"wp-block-embed is-type-rich is-provider-twitter wp-block-embed-twitter\"><div class=\"wp-block-embed__wrapper\">\n<blockquote class=\"twitter-tweet\" data-width=\"500\" data-dnt=\"true\"><p lang=\"pt\" dir=\"ltr\">Comunicado T\u00e9cnico Diario <a href=\"https:\/\/twitter.com\/hashtag\/COVID19?src=hash&amp;ref_src=twsrc%5Etfw\">#COVID19<\/a> | 15 de agosto del 2022<br><br>\u27a1\ufe0f <a href=\"https:\/\/t.co\/mc8mIYi9Kh\">https:\/\/t.co\/mc8mIYi9Kh<\/a> <a href=\"https:\/\/t.co\/CWNcXJXyB2\">pic.twitter.com\/CWNcXJXyB2<\/a><\/p>&mdash; SALUD M\u00e9xico (@SSalud_mx) <a href=\"https:\/\/twitter.com\/SSalud_mx\/status\/1559322618586664963?ref_src=twsrc%5Etfw\">August 15, 2022<\/a><\/blockquote><script async src=\"https:\/\/platform.twitter.com\/widgets.js\" charset=\"utf-8\"><\/script>\n<\/div><\/figure>\n\n\n\n<p>El&nbsp;<strong>Informe T\u00e9cnico Diario COVID-19<\/strong>&nbsp;de la&nbsp;<strong>Secretar\u00eda de Salud<\/strong>&nbsp;muestra que en las \u00faltimas 24 horas la ocupaci\u00f3n hospitalaria por&nbsp;<strong>COVID-19<\/strong>&nbsp;disminuy\u00f3 un punto porcentual, tanto en camas generales como con ventilador mec\u00e1nico, al pasar de nueve a ocho por ciento, y de cuatro a tres por ciento, respectivamente.<\/p>\n\n\n\n<p>En la semana epidemiol\u00f3gica 32, que abarca del 7 al 13 de agosto, continu\u00f3 la disminuci\u00f3n de casos, con cuatro mil 004 en promedio por d\u00eda y tres defunciones, mientras que en el periodo anterior se registraron ocho mil 838 contagios y 21 decesos.<\/p>\n\n\n\n<figure class=\"wp-block-embed is-type-rich is-provider-twitter wp-block-embed-twitter\"><div class=\"wp-block-embed__wrapper\">\n<blockquote class=\"twitter-tweet\" data-width=\"500\" data-dnt=\"true\"><p lang=\"es\" dir=\"ltr\"><a href=\"https:\/\/twitter.com\/hashtag\/ComunicadoSalud?src=hash&amp;ref_src=twsrc%5Etfw\">#ComunicadoSalud<\/a><br><br>Disminuye un punto porcentual ocupaci\u00f3n de camas generales y con ventilador para pacientes COVID-19. <br><br>\u27a1\ufe0f <a href=\"https:\/\/t.co\/a1QDGLG0w3\">https:\/\/t.co\/a1QDGLG0w3<\/a> <a href=\"https:\/\/t.co\/lBIcQaGy6a\">pic.twitter.com\/lBIcQaGy6a<\/a><\/p>&mdash; SALUD M\u00e9xico (@SSalud_mx) <a href=\"https:\/\/twitter.com\/SSalud_mx\/status\/1559326400125014016?ref_src=twsrc%5Etfw\">August 15, 2022<\/a><\/blockquote><script async src=\"https:\/\/platform.twitter.com\/widgets.js\" charset=\"utf-8\"><\/script>\n<\/div><\/figure>\n\n\n\n<p>Con informaci\u00f3n de L\u00f3pez-D\u00f3riga Digital<\/p>\n\n\n\n<p>Fuente: https:\/\/lopezdoriga.com\/nacional\/familiares-piden-libertad-para-maricela-mujer-que-mato-a-su-agresor-en-chiapas\/<\/p>\n","protected":false},"excerpt":{"rendered":"<p>La Secretar\u00eda de Salud inform\u00f3 que en M\u00e9xico la ocupaci\u00f3n hospitalaria por COVID-19 disminuy\u00f3 un punto porcentual en las \u00faltimas [&hellip;]<\/p>\n","protected":false},"author":1,"featured_media":34627,"comment_status":"open","ping_status":"open","sticky":false,"template":"","format":"standard","meta":{"site-sidebar-layout":"default","site-content-layout":"","ast-site-content-layout":"default","site-content-style":"default","site-sidebar-style":"default","ast-global-header-display":"","ast-banner-title-visibility":"","ast-main-header-display":"","ast-hfb-above-header-display":"","ast-hfb-below-header-display":"","ast-hfb-mobile-header-display":"","site-post-title":"","ast-breadcrumbs-content":"","ast-featured-img":"","footer-sml-layout":"","theme-transparent-header-meta":"","adv-header-id-meta":"","stick-header-meta":"","header-above-stick-meta":"","header-main-stick-meta":"","header-below-stick-meta":"","astra-migrate-meta-layouts":"default","ast-page-background-enabled":"default","ast-page-background-meta":{"desktop":{"background-color":"var(--ast-global-color-4)","background-image":"","background-repeat":"repeat","background-position":"center center","background-size":"auto","background-attachment":"scroll","background-type":"","background-media":"","overlay-type":"","overlay-color":"","overlay-opacity":"","overlay-gradient":""},"tablet":{"background-color":"","background-image":"","background-repeat":"repeat","background-position":"center center","background-size":"auto","background-attachment":"scroll","background-type":"","background-media":"","overlay-type":"","overlay-color":"","overlay-opacity":"","overlay-gradient":""},"mobile":{"background-color":"","background-image":"","background-repeat":"repeat","background-position":"center center","background-size":"auto","background-attachment":"scroll","background-type":"","background-media":"","overlay-type":"","overlay-color":"","overlay-opacity":"","overlay-gradient":""}},"ast-content-background-meta":{"desktop":{"background-color":"var(--ast-global-color-5)","background-image":"","background-repeat":"repeat","background-position":"center center","background-size":"auto","background-attachment":"scroll","background-type":"","background-media":"","overlay-type":"","overlay-color":"","overlay-opacity":"","overlay-gradient":""},"tablet":{"background-color":"var(--ast-global-color-5)","background-image":"","background-repeat":"repeat","background-position":"center center","background-size":"auto","background-attachment":"scroll","background-type":"","background-media":"","overlay-type":"","overlay-color":"","overlay-opacity":"","overlay-gradient":""},"mobile":{"background-color":"var(--ast-global-color-5)","background-image":"","background-repeat":"repeat","background-position":"center center","background-size":"auto","background-attachment":"scroll","background-type":"","background-media":"","overlay-type":"","overlay-color":"","overlay-opacity":"","overlay-gradient":""}},"footnotes":""},"categories":[8],"tags":[6660],"class_list":["post-34626","post","type-post","status-publish","format-standard","has-post-thumbnail","hentry","category-noticias","tag-mexico-covid-19"],"_links":{"self":[{"href":"https:\/\/losperiodistas.com.mx\/portal\/wp-json\/wp\/v2\/posts\/34626","targetHints":{"allow":["GET"]}}],"collection":[{"href":"https:\/\/losperiodistas.com.mx\/portal\/wp-json\/wp\/v2\/posts"}],"about":[{"href":"https:\/\/losperiodistas.com.mx\/portal\/wp-json\/wp\/v2\/types\/post"}],"author":[{"embeddable":true,"href":"https:\/\/losperiodistas.com.mx\/portal\/wp-json\/wp\/v2\/users\/1"}],"replies":[{"embeddable":true,"href":"https:\/\/losperiodistas.com.mx\/portal\/wp-json\/wp\/v2\/comments?post=34626"}],"version-history":[{"count":1,"href":"https:\/\/losperiodistas.com.mx\/portal\/wp-json\/wp\/v2\/posts\/34626\/revisions"}],"predecessor-version":[{"id":34628,"href":"https:\/\/losperiodistas.com.mx\/portal\/wp-json\/wp\/v2\/posts\/34626\/revisions\/34628"}],"wp:featuredmedia":[{"embeddable":true,"href":"https:\/\/losperiodistas.com.mx\/portal\/wp-json\/wp\/v2\/media\/34627"}],"wp:attachment":[{"href":"https:\/\/losperiodistas.com.mx\/portal\/wp-json\/wp\/v2\/media?parent=34626"}],"wp:term":[{"taxonomy":"category","embeddable":true,"href":"https:\/\/losperiodistas.com.mx\/portal\/wp-json\/wp\/v2\/categories?post=34626"},{"taxonomy":"post_tag","embeddable":true,"href":"https:\/\/losperiodistas.com.mx\/portal\/wp-json\/wp\/v2\/tags?post=34626"}],"curies":[{"name":"wp","href":"https:\/\/api.w.org\/{rel}","templated":true}]}}