{"id":34620,"date":"2022-08-16T04:35:13","date_gmt":"2022-08-16T09:35:13","guid":{"rendered":"http:\/\/losperiodistas.com.mx\/portal\/?p=34620"},"modified":"2022-08-16T04:47:40","modified_gmt":"2022-08-16T09:47:40","slug":"beatriz-paredes-gran-riesgo-una-eleccion-de-estado-la-jornada","status":"publish","type":"post","link":"https:\/\/losperiodistas.com.mx\/portal\/beatriz-paredes-gran-riesgo-una-eleccion-de-estado-la-jornada\/","title":{"rendered":"Beatriz Paredes: gran riesgo, una elecci\u00f3n de Estado | La Jornada"},"content":{"rendered":"\n<figure class=\"wp-block-image size-large is-style-default\"><img fetchpriority=\"high\" decoding=\"async\" width=\"1024\" height=\"589\" src=\"https:\/\/losperiodistas.com.mx\/portal\/wp-content\/uploads\/2022\/08\/Captura-de-Pantalla-2022-08-16-a-las-4.42.23-1024x589.jpg\" alt=\"\" class=\"wp-image-34621\" srcset=\"https:\/\/losperiodistas.com.mx\/portal\/wp-content\/uploads\/2022\/08\/Captura-de-Pantalla-2022-08-16-a-las-4.42.23-1024x589.jpg 1024w, https:\/\/losperiodistas.com.mx\/portal\/wp-content\/uploads\/2022\/08\/Captura-de-Pantalla-2022-08-16-a-las-4.42.23-300x172.jpg 300w, https:\/\/losperiodistas.com.mx\/portal\/wp-content\/uploads\/2022\/08\/Captura-de-Pantalla-2022-08-16-a-las-4.42.23-768x441.jpg 768w, https:\/\/losperiodistas.com.mx\/portal\/wp-content\/uploads\/2022\/08\/Captura-de-Pantalla-2022-08-16-a-las-4.42.23.jpg 1298w\" sizes=\"(max-width: 1024px) 100vw, 1024px\" \/><\/figure>\n\n\n\n<p><\/p>\n\n\n\n<p class=\"has-vivid-cyan-blue-color has-text-color has-medium-font-size\">ARTURO CANO \/ LA JORNADA<\/p>\n\n\n\n<p><em>Ciudad de M\u00e9xico.<\/em>\u00a0En un texto autobiogr\u00e1fico, Beatriz Paredes Rangel \u2013cuya hoja de vida pol\u00edtica es m\u00e1s larga que las arenas del mar\u2013 escribi\u00f3 una de sus m\u00e1ximas: \u201cNo hay que dar las peleas que no vayas a ganar\u201d.<\/p>\n\n\n\n<p>Hace unos d\u00edas anunci\u00f3 que buscar\u00e1 ser la candidata a la presidencia de la Rep\u00fablica por un eventual bloque opositor, pues dice que, haciendo n\u00fameros, \u201chay probabilidades de victoria\u201d.<\/p>\n\n\n\n<p>La ex lideresa del PRI recibe a&nbsp;<em>La Jornada<\/em>&nbsp;en su casa al sur de la Ciudad de M\u00e9xico con cuadros en armon\u00eda con su fama de \u201cdama del folcl\u00f3rico vestir\u201d (Julio Hern\u00e1ndez&nbsp;<em>dixit<\/em>).<\/p>\n\n\n\n<p>En la entrevista, hace honor a su fama de oradora solvente al hablar de su aspiraci\u00f3n a la primera magistratura, de los errores de la oposici\u00f3n y las debilidades de Morena.<\/p>\n\n\n\n<p>La ex gobernadora de Tlaxcala \u2013lo fue a los 32 a\u00f1os\u2013 so\u00f1\u00f3 con vivir en Brasil, pa\u00eds del que ama la m\u00fasica. Lo consigui\u00f3, como embajadora, a partir de diciembre de 2012, luego de haber sido dirigente nacional del&nbsp;<em>tricolor<\/em>&nbsp;en la \u00e9poca en la que Enrique Pe\u00f1a Nieto construy\u00f3 su candidatura presidencial.<\/p>\n\n\n\n<p>\u2013\u00bfEncuentra un paralelismo entre Lula-Dilma y Andr\u00e9s Manuel-Claudia?<\/p>\n\n\n\n<p>\u2013Lo he pensado. Dilma (Rousseff) no era disc\u00edpula de Lula, era compa\u00f1era de Lula, y eso hace una enorme diferencia, porque la se\u00f1ora (Claudia) Sheinbaum es una disc\u00edpula.<\/p>\n\n\n\n<p>\u2013En su texto en&nbsp;<em>Gritos y susurros<\/em>&nbsp;dice que su m\u00e1xima es: \u201cNo hay que dar las peleas que no vayas a ganar\u201d. \u00bfPor qu\u00e9 quiere entonces ser candidata?<\/p>\n\n\n\n<p>\u2013Si se constituye un frente amplio opositor, esto va a coadyuvar a que la diversidad de la oposici\u00f3n empiece a trabajar m\u00e1s coordinadamente, para construir una propuesta que resulte aceptable para la mayor\u00eda de la sociedad.<\/p>\n\n\n\n<p>Muchos de los comentarios positivos tras su anuncio fueron de personas que destacaron su condici\u00f3n de \u201cpol\u00edtica profesional\u201d como principal virtud. Y en esa l\u00ednea, Paredes plantea que una de sus contribuciones ser\u00eda elevar el nivel del debate (\u201cque no est\u00e1 en el suelo, \u00a1ya ni hay piso!\u201d, dice entre risas). \u201cLas campa\u00f1as pol\u00edticas no tienen por qu\u00e9 ser un tema de luchadores en la Arena M\u00e9xico\u201d.<\/p>\n\n\n\n<p>\u2013En el mismo p\u00e1rrafo del libro que mencion\u00e9, dice que siempre ha buscado tener claro el terreno que se pisa y los riesgos que va a enfrentar. \u00bfCu\u00e1les son ahora?<\/p>\n\n\n\n<p>\u2013El riesgo m\u00e1s grande que todos enfrentan, incluso Morena, es que haya una elecci\u00f3n de Estado. Porque si hay comicios con una enorme injerencia del gobierno y uso clientelar de los programas sociales, y si la victoria la tiene el partido en el gobierno, va a ser un triunfo muy cuestionado. Se puede tener una victoria electoral, pero una enorme p\u00e9rdida en la legitimidad.<\/p>\n\n\n\n<p>\u2013Una elecci\u00f3n de Estado, \u00bfc\u00f3mo en 1988 o 2006?<\/p>\n\n\n\n<p>\u2013Una elecci\u00f3n de Estado como muchas de las que ha habido en M\u00e9xico. Recuerde que el se\u00f1or presidente fue un brillante militante pri\u00edsta, entonces hay muchas cosas.<\/p>\n\n\n\n<figure class=\"wp-block-image is-style-default\"><img decoding=\"async\" src=\"https:\/\/www.jornada.com.mx\/ultimas\/2022\/08\/15\/beatriz-paredes-gran-riesgo-una-eleccion-de-estado-5358.html\/beatriz-paredes-2-ok.jpg-4490.html\" alt=\"\"\/><\/figure>\n\n\n\n<p><strong><em>La pri\u00edsta, de extensa trayectoria en la pol\u00edtica nacional, advierte que el mayor riesgo de los pr\u00f3ximos comicios presidenciales es que sean una elecci\u00f3n de Estado. Foto Jos\u00e9 Antonio L\u00f3pez.<\/em><\/strong><\/p>\n\n\n\n<p>\u2013Ya casi es lugar com\u00fan que la oposici\u00f3n no tiene proyecto.<\/p>\n\n\n\n<p>\u2013La oposici\u00f3n ha estado a la defensiva. Y cuando est\u00e1s a la defensiva te fijan la agenda. En mi caso, voy a construir agenda con propuestas, a partir de una columna vertebral que yo sugiera, pero armando equipos de profesionales, convocando a los universitarios y profesionistas especializados, y despu\u00e9s que haya una construcci\u00f3n compleja, colectiva, cruz\u00e1ndolo con los planteamientos de la ciudadan\u00eda.<\/p>\n\n\n\n<p>En ese tenor, pone como ejemplo el tema del agua, \u201ccrucial para nuestro pa\u00eds\u201d, y la necesidad de enfrentar una crisis \u201cque est\u00e1 poniendo el riesgo la estabilidad\u201d.<\/p>\n\n\n\n<p>\u201cHay un conjunto de temas que me llevar\u00edan a plantear que hay que pensar a M\u00e9xico de otra manera, desde otra mirada.\u201d<\/p>\n\n\n\n<p>Desde esa otra mirada, \u201cde mujer\u201d, sostiene, no se trata de decir que todo est\u00e1 mal, porque \u201cno es cierto\u201d, pero invita a discutir temas como el combate a la pobreza y el camino de las transferencias directas (de subsidios populares), elegido por el gobierno actual. \u201cTan se ha tomado ese camino que ya se convirti\u00f3 en un derecho constitucional. Pero las transferencias directas por s\u00ed mismas lo que apoyan es la subsistencia. Lo que necesitas es una estrategia que adem\u00e1s impulse al desarrollo. No para rechazar lo que se est\u00e1 haciendo, sino para mejorar\u201d.<\/p>\n\n\n\n<p>En temas como la desaparici\u00f3n de fideicomisos y la seguridad p\u00fablica, ejemplifica, los contrincantes pol\u00edticos del Poder Ejecutivo federal ha presentado objeciones y propuestas fundadas respecto de los presupuestos municipales y estatales. Sin embargo, \u201cno se ha tenido la habilidad para que tengan resonancia\u201d.<\/p>\n\n\n\n<p>\u2013\u00bfEl agravamiento de los problemas del pa\u00eds y una eventual divisi\u00f3n en Morena, son condiciones s<em>ine qua non<\/em>&nbsp;para una victoria opositora en 2024?<\/p>\n\n\n\n<p>\u2013No. Pero lo cierto es que Morena no ha podido cuajar como partido. Morena es un movimiento que tiene un gran caudillo, y el caudillo no va a estar en la boleta, por el bien de la democracia. En ese sentido, es muy importante que reconozcamos tambi\u00e9n cu\u00e1les son las fisuras que existen en Morena. Desde el t\u00edtulo peyorativo de \u201ccorcholatas\u201d, los primeros en demeritar a los precandidatos son ellos mismos. Y la decisi\u00f3n de integrar de \u00faltimo momento a una nueva personalidad en el juego.<\/p>\n\n\n\n<p>Paredes afirma que \u201cadelantar la sucesi\u00f3n no ha sido saludable para el gobierno\u201d, porque \u201ctienen a las personas distra\u00eddas\u201d. \u201cTienen responsabilidades fundamentales, pero est\u00e1n en el tema de que ya los metieron en este carrusel infinito\u201d.<\/p>\n\n\n\n<p>\u2013Convierto una respuesta suya en pregunta: \u00bfqu\u00e9 habr\u00e1 pasado que incluso partidos hist\u00f3ricamente antag\u00f3nicos se han acercado?<\/p>\n\n\n\n<p>\u2013Que vimos evidentes amenazas a conquistas democr\u00e1ticas. M\u00e9xico es un pa\u00eds al que le ha costado mucho evolucionar democr\u00e1ticamente, muchos a\u00f1os, muchos muertos\u2026<\/p>\n\n\n\n<p>\u201cHay signos preocupantes: un debilitamiento estructural del federalismo, algunas injerencias inimaginables en el Poder Judicial, una convicci\u00f3n de que el Poder Legislativo estorba, esto es terrible\u2026 Tenemos que aprender a convivir mayor\u00edas con minor\u00edas, era lo que nos exig\u00edan los que ahora se est\u00e1n portando muy r\u00edgidamente. Esta serie de luces de alerta sobre el desarrollo democr\u00e1tico y la presidencia hiperpoderosa, fueron esenciales para que se pudiera dar una alianza entre antagonistas.<\/p>\n\n\n\n<p>\u2013Un juez va contra la ley el\u00e9ctrica, el INE tumba dos candidatos del presidente, \u00bfeso no es ejercer su autonom\u00eda sin cortapisas?<\/p>\n\n\n\n<p>\u2013\u00bfSin cortapisas con una campa\u00f1a casi diaria de desprestigio, eso es sin ninguna cortapisa? Cuando utilizas la tribuna m\u00e1s importante del pa\u00eds para estigmatizar y para descalificar\u2026<\/p>\n\n\n\n<p>En esa l\u00ednea argumental, habla del caso de Rosario Robles, a quien no se refiere \u201cni como feminista ni como su amiga\u201d, pero s\u00ed expone con iron\u00eda: \u201cUy, qu\u00e9 pulcritud para manejar ese caso, qu\u00e9 cuidado con los principios legales, no ha habido el debido proceso\u201d.<\/p>\n\n\n\n<p>\u2013En un libro por los 80 a\u00f1os del PRI, editado bajo su presidencia, Carlos Salinas de Gortari sostuvo que la derrota del PRI se debi\u00f3 a que abraz\u00f3 el neoliberalismo. \u00bfCoincide?<\/p>\n\n\n\n<p>\u2013Coincido en que el modelo neoliberal lleg\u00f3 a su principio de Peter.<\/p>\n\n\n\n<p>\u2013Se cuenta que el d\u00eda que Enrique Ochoa fue al PRI, ya nombrado su dirigente, lo primero que hizo fue preguntar: \u201c\u00bfD\u00f3nde est\u00e1 el auditorio Plutarco El\u00edas Calles?\u201d A prop\u00f3sito de esa escena, le pregunto: \u00bfqu\u00e9 es un tecn\u00f3crata?<\/p>\n\n\n\n<p>\u2013Como dicen las ra\u00edces grecolatinas, es un hombre que pone por encima la t\u00e9cnica.<\/p>\n\n\n\n<p>\u2013Usted aspira, Enrique de la Madrid tambi\u00e9n. \u00bfCu\u00e1ndo el relevo generacional en el PRI?<\/p>\n\n\n\n<p>\u2013\u00bfCu\u00e1nto dur\u00f3 el presidente Pe\u00f1a Nieto? \u00bfCu\u00e1ndo el relevo generacional en la izquierda?<\/p>\n\n\n\n<p>Se recuerda a la pol\u00edtica que comenz\u00f3 su carrera en el sector campesino, que su discurso de toma de posesi\u00f3n dur\u00f3 una hora. Con ese dato evoca: \u201cEnrique Gonz\u00e1lez Pedrero, maestro de Andr\u00e9s Manuel L\u00f3pez Obrador, se despachaba piezas oratorias de siete horas\u201d.<\/p>\n\n\n\n<p>\u2013Bueno, cuando llegaron los tecn\u00f3cratas se acabaron los discursos largos.<\/p>\n\n\n\n<p>\u2013Eran tarjetas.<\/p>\n\n\n\n<p>Y la entrevista, de la que aqu\u00ed se han puesto extractos, termin\u00f3 como hab\u00eda iniciado, con una referencia a Brasil: \u201cOjal\u00e1 gane Lula la presidencia en la primera vuelta electoral\u201d.<\/p>\n\n\n\n<p>Fuente: https:\/\/www.jornada.com.mx\/notas\/2022\/08\/15\/politica\/beatriz-paredes-gran-riesgo-una-eleccion-de-estado\/<\/p>\n","protected":false},"excerpt":{"rendered":"<p>ARTURO CANO \/ LA JORNADA Ciudad de M\u00e9xico.\u00a0En un texto autobiogr\u00e1fico, Beatriz Paredes Rangel \u2013cuya hoja de vida pol\u00edtica es [&hellip;]<\/p>\n","protected":false},"author":1,"featured_media":34621,"comment_status":"open","ping_status":"open","sticky":false,"template":"","format":"standard","meta":{"site-sidebar-layout":"default","site-content-layout":"","ast-site-content-layout":"default","site-content-style":"default","site-sidebar-style":"default","ast-global-header-display":"","ast-banner-title-visibility":"","ast-main-header-display":"","ast-hfb-above-header-display":"","ast-hfb-below-header-display":"","ast-hfb-mobile-header-display":"","site-post-title":"","ast-breadcrumbs-content":"","ast-featured-img":"","footer-sml-layout":"","theme-transparent-header-meta":"","adv-header-id-meta":"","stick-header-meta":"","header-above-stick-meta":"","header-main-stick-meta":"","header-below-stick-meta":"","astra-migrate-meta-layouts":"default","ast-page-background-enabled":"default","ast-page-background-meta":{"desktop":{"background-color":"var(--ast-global-color-4)","background-image":"","background-repeat":"repeat","background-position":"center center","background-size":"auto","background-attachment":"scroll","background-type":"","background-media":"","overlay-type":"","overlay-color":"","overlay-opacity":"","overlay-gradient":""},"tablet":{"background-color":"","background-image":"","background-repeat":"repeat","background-position":"center center","background-size":"auto","background-attachment":"scroll","background-type":"","background-media":"","overlay-type":"","overlay-color":"","overlay-opacity":"","overlay-gradient":""},"mobile":{"background-color":"","background-image":"","background-repeat":"repeat","background-position":"center center","background-size":"auto","background-attachment":"scroll","background-type":"","background-media":"","overlay-type":"","overlay-color":"","overlay-opacity":"","overlay-gradient":""}},"ast-content-background-meta":{"desktop":{"background-color":"var(--ast-global-color-5)","background-image":"","background-repeat":"repeat","background-position":"center center","background-size":"auto","background-attachment":"scroll","background-type":"","background-media":"","overlay-type":"","overlay-color":"","overlay-opacity":"","overlay-gradient":""},"tablet":{"background-color":"var(--ast-global-color-5)","background-image":"","background-repeat":"repeat","background-position":"center center","background-size":"auto","background-attachment":"scroll","background-type":"","background-media":"","overlay-type":"","overlay-color":"","overlay-opacity":"","overlay-gradient":""},"mobile":{"background-color":"var(--ast-global-color-5)","background-image":"","background-repeat":"repeat","background-position":"center center","background-size":"auto","background-attachment":"scroll","background-type":"","background-media":"","overlay-type":"","overlay-color":"","overlay-opacity":"","overlay-gradient":""}},"footnotes":""},"categories":[8],"tags":[12017,12016,5743],"class_list":["post-34620","post","type-post","status-publish","format-standard","has-post-thumbnail","hentry","category-noticias","tag-beatriz-paredes-rangel","tag-eleccion-de-estado","tag-elecciones-mexico-2024"],"_links":{"self":[{"href":"https:\/\/losperiodistas.com.mx\/portal\/wp-json\/wp\/v2\/posts\/34620","targetHints":{"allow":["GET"]}}],"collection":[{"href":"https:\/\/losperiodistas.com.mx\/portal\/wp-json\/wp\/v2\/posts"}],"about":[{"href":"https:\/\/losperiodistas.com.mx\/portal\/wp-json\/wp\/v2\/types\/post"}],"author":[{"embeddable":true,"href":"https:\/\/losperiodistas.com.mx\/portal\/wp-json\/wp\/v2\/users\/1"}],"replies":[{"embeddable":true,"href":"https:\/\/losperiodistas.com.mx\/portal\/wp-json\/wp\/v2\/comments?post=34620"}],"version-history":[{"count":1,"href":"https:\/\/losperiodistas.com.mx\/portal\/wp-json\/wp\/v2\/posts\/34620\/revisions"}],"predecessor-version":[{"id":34622,"href":"https:\/\/losperiodistas.com.mx\/portal\/wp-json\/wp\/v2\/posts\/34620\/revisions\/34622"}],"wp:featuredmedia":[{"embeddable":true,"href":"https:\/\/losperiodistas.com.mx\/portal\/wp-json\/wp\/v2\/media\/34621"}],"wp:attachment":[{"href":"https:\/\/losperiodistas.com.mx\/portal\/wp-json\/wp\/v2\/media?parent=34620"}],"wp:term":[{"taxonomy":"category","embeddable":true,"href":"https:\/\/losperiodistas.com.mx\/portal\/wp-json\/wp\/v2\/categories?post=34620"},{"taxonomy":"post_tag","embeddable":true,"href":"https:\/\/losperiodistas.com.mx\/portal\/wp-json\/wp\/v2\/tags?post=34620"}],"curies":[{"name":"wp","href":"https:\/\/api.w.org\/{rel}","templated":true}]}}