{"id":34617,"date":"2022-08-16T04:38:38","date_gmt":"2022-08-16T09:38:38","guid":{"rendered":"http:\/\/losperiodistas.com.mx\/portal\/?p=34617"},"modified":"2022-08-16T04:38:40","modified_gmt":"2022-08-16T09:38:40","slug":"nuevos-dialogos-son-necesarios-elba-esther-gordillo-tras-cambios-en-la-sep-la-lista","status":"publish","type":"post","link":"https:\/\/losperiodistas.com.mx\/portal\/nuevos-dialogos-son-necesarios-elba-esther-gordillo-tras-cambios-en-la-sep-la-lista\/","title":{"rendered":"\u2018Nuevos di\u00e1logos son necesarios\u2019: Elba Esther Gordillo tras cambios en la SEP | La-Lista"},"content":{"rendered":"\n<p>Leticia Ram\u00edrez se convertir\u00e1 en la tercera persona en estar al frente de la SEP. Delfina G\u00f3mez ocup\u00f3 el puesto desde 2021, en sustituci\u00f3n de Esteban Moctezuma Barrag\u00e1n.<\/p>\n\n\n\n<p><\/p>\n\n\n\n<figure class=\"wp-block-image size-large is-style-default\"><img fetchpriority=\"high\" decoding=\"async\" width=\"1024\" height=\"632\" src=\"https:\/\/losperiodistas.com.mx\/portal\/wp-content\/uploads\/2022\/08\/elba-esther-sep-efe-1024x632.jpg\" alt=\"\" class=\"wp-image-34618\" srcset=\"https:\/\/losperiodistas.com.mx\/portal\/wp-content\/uploads\/2022\/08\/elba-esther-sep-efe-1024x632.jpg 1024w, https:\/\/losperiodistas.com.mx\/portal\/wp-content\/uploads\/2022\/08\/elba-esther-sep-efe-300x185.jpg 300w, https:\/\/losperiodistas.com.mx\/portal\/wp-content\/uploads\/2022\/08\/elba-esther-sep-efe-768x474.jpg 768w, https:\/\/losperiodistas.com.mx\/portal\/wp-content\/uploads\/2022\/08\/elba-esther-sep-efe.jpg 1280w\" sizes=\"(max-width: 1024px) 100vw, 1024px\" \/><figcaption>Elba Esther Gordillo. Foto: EFE<\/figcaption><\/figure>\n\n\n\n<p><\/p>\n\n\n\n<p class=\"has-vivid-cyan-blue-color has-text-color has-medium-font-size\">LA-LISTA<\/p>\n\n\n\n<p>Elba Esther Gordillo, exlideresa del Sindicato Nacional de Trabajadores de la Educaci\u00f3n (SNTE), afirm\u00f3 que los di\u00e1logos son necesarios en la Secretar\u00eda de Educaci\u00f3n P\u00fablica (SEP) ante la llegada de Leticia Ram\u00edrez Amaya.<\/p>\n\n\n\n<p>La exfuncionaria Elba Esther Gordillo comparti\u00f3 su punto de vista luego de que se confirm\u00f3 que Ram\u00edrez Amaya ser\u00e1 la nueva titular de la SEP, en sustituci\u00f3n de Delfina G\u00f3mez, quien se perfila como la candidata de Morena para gobernadora en el Estado de M\u00e9xico.<\/p>\n\n\n\n<p>No te pierdas:<a href=\"https:\/\/la-lista.com\/politica\/2022\/08\/15\/leticia-ramirez-sera-la-nueva-titular-de-la-secretaria-de-educacion-publica\">Ya hay relevo de Delfina G\u00f3mez: Leticia Ram\u00edrez ser\u00e1 la nueva titular de la SEP<\/a><\/p>\n\n\n\n<p>\u201cCon nuevos liderazgos, nuevos di\u00e1logos son necesarios en la SEP. S\u00edx3: s\u00ed a las escuelas de tiempo completo; s\u00ed a la alimentaci\u00f3n de las ni\u00f1as y ni\u00f1os y; s\u00ed al horario ampliado que brinda prosperidad familiar y seguridad\u201d, se\u00f1al\u00f3 Gordillo en sus\u00a0<a href=\"https:\/\/twitter.com\/ElbaEsther_G\/status\/1559303734785478656\" target=\"_blank\" rel=\"noreferrer noopener\">redes sociales<\/a>.<\/p>\n\n\n\n<figure class=\"wp-block-embed is-type-rich is-provider-twitter wp-block-embed-twitter\"><div class=\"wp-block-embed__wrapper\">\n<blockquote class=\"twitter-tweet\" data-width=\"500\" data-dnt=\"true\"><p lang=\"es\" dir=\"ltr\">Con nuevos liderazgos, nuevos di\u00e1logos son necesarios en la <a href=\"https:\/\/twitter.com\/SEP_mx?ref_src=twsrc%5Etfw\">@SEP_mx<\/a>. <a href=\"https:\/\/twitter.com\/hashtag\/S%C3%ADx3?src=hash&amp;ref_src=twsrc%5Etfw\">#S\u00edx3<\/a>: S\u00cd a las escuelas de tiempo completo; S\u00cd a la alimentaci\u00f3n de lxs ni\u00f1xs y; S\u00cd al horario ampliado que brinda prosperidad familiar y seguridad.<\/p>&mdash; Elba Esther Gordillo (@ElbaEsther_G) <a href=\"https:\/\/twitter.com\/ElbaEsther_G\/status\/1559303734785478656?ref_src=twsrc%5Etfw\">August 15, 2022<\/a><\/blockquote><script async src=\"https:\/\/platform.twitter.com\/widgets.js\" charset=\"utf-8\"><\/script>\n<\/div><\/figure>\n\n\n\n<p>Gordillo dirigi\u00f3 el SNTE, \u201cposici\u00f3n que implic\u00f3 una relevancia y trascendencia social significativa en las personas sobre las cuales ejerce autoridad moral\u201d, advirti\u00f3 la PGR cuando la llev\u00f3 a juicio.<\/p>\n\n\n\n<p>Entonces era conocida su oposici\u00f3n a la reforma educativa propuesta por el presidente Enrique Pe\u00f1a Nieto.<\/p>\n\n\n\n<p>Gordillo estuvo presa en el Centro Femenino de Readaptaci\u00f3n Social \u201cTepepan\u201d de febrero del 2013 a noviembre del 2015, despu\u00e9s fue ingresada en varios hospitales por cuestiones de salud hasta el 15 de diciembre del 2017, cuando fue enviada a prisi\u00f3n domiciliaria.<\/p>\n\n\n\n<h2 class=\"wp-block-heading\" id=\"h-quien-es-leticia-ramirez-anaya\">\u00bfQui\u00e9n es Leticia Ram\u00edrez Anaya?<\/h2>\n\n\n\n<p>Ram\u00edrez Amaya se desempe\u00f1a actualmente como titular de Atenci\u00f3n Ciudadana de la Presidencia y ha acompa\u00f1ado a L\u00f3pez Obrador desde hace 28 a\u00f1os.<\/p>\n\n\n\n<p>\u201cEs una mujer preparada, honesta y con convicciones\u201d, dijo L\u00f3pez Obrador, quien resalt\u00f3 que su colaboradora tambi\u00e9n se desempe\u00f1\u00f3 como maestra de aula.<\/p>\n\n\n\n<p>No te pierdas:<a href=\"https:\/\/la-lista.com\/politica\/2022\/08\/12\/delfina-gomez-dejara-la-sep-con-24-9-mil-mdp-sin-erogar\">Delfina G\u00f3mez dejar\u00e1 la SEP con 24.9 mil mdp sin erogar<\/a><\/p>\n\n\n\n<p>La funcionaria se desempe\u00f1a actualmente como titular de Atenci\u00f3n Ciudadana de la Presidencia y ha acompa\u00f1ado a L\u00f3pez Obrador desde hace 28 a\u00f1os.<\/p>\n\n\n\n<p>\u201cEs una mujer preparada, honesta y con convicciones\u201d, coment\u00f3 L\u00f3pez Obrador, quien resalt\u00f3 que su colaboradora tambi\u00e9n se desempe\u00f1\u00f3 como maestra de aula.<\/p>\n\n\n\n<p>Ram\u00edrez Amaya tambi\u00e9n fue&nbsp;coordinadora de Atenci\u00f3n Ciudadana&nbsp;durante el gobierno de AMLO en la capital del pa\u00eds (2000-2006); adem\u00e1s de que repiti\u00f3 en ese mismo puesto en la administraci\u00f3n del canciller Marcelo Ebrard (2006-2012) en la Ciudad de M\u00e9xico.<\/p>\n\n\n\n<figure class=\"wp-block-image is-style-default\"><img decoding=\"async\" src=\"https:\/\/i0.wp.com\/la-lista.com\/wp-content\/uploads\/2022\/08\/leticia-ramirez-secretaria-educacion-publica.jpeg?resize=800%2C533&amp;ssl=1\" alt=\"'Nuevos di\u00e1logos son necesarios': Elba Esther Gordillo tras cambios en la SEP - leticia-ramirez-secretaria-educacion-publica\" class=\"wp-image-234462\"\/><figcaption>Leticia Ram\u00edrez y Delfina G\u00f3mez, el relevo en la SEP. Foto: Especial<\/figcaption><\/figure>\n\n\n\n<p>En la administraci\u00f3n de Miguel \u00c1ngel Mancera (2012-2018) fue asesora de la Secretar\u00eda de Medio Ambiente de la Ciudad de M\u00e9xico, cuando la titular era Tania M\u00fcller, familiar de la escritora Beatriz Guti\u00e9rrez M\u00fcller, esposa del presidente L\u00f3pez Obrador.<\/p>\n\n\n\n<p>Su trabajo con AMLO lo retom\u00f3 en 2018, cuando ya como presidente electo, Leticia Ram\u00edrez comenz\u00f3 a atender las peticiones ciudadanas, desde la casa de transici\u00f3n del pol\u00edtico.<\/p>\n\n\n\n<p>No te pierdas:<a href=\"https:\/\/la-lista.com\/mexico\/2022\/06\/29\/adios-a-los-5-la-sep-prohibe-reprobar-a-estudiantes-de-nivel-basico\">Adi\u00f3s a los 5: La SEP proh\u00edbe reprobar a estudiantes de nivel b\u00e1sico<\/a><\/p>\n\n\n\n<p>Leticia Ram\u00edrez se convertir\u00e1 en la tercera persona en estar al frente de esa cartera, Delfina G\u00f3mez ocup\u00f3 el puesto desde 2021, en sustituci\u00f3n de Esteban Moctezuma Barrag\u00e1n, quien dej\u00f3 la dependencia federal para convertirse en embajador de M\u00e9xico en Estados Unidos y que estuvo en el cargo desde diciembre de 2018, el inicio del gobierno de Andr\u00e9s Manuel L\u00f3pez Obrador.<\/p>\n\n\n\n<p>La funcionaria federal tendr\u00e1 que enfrentar el nuevo ciclo escolar que iniciar\u00e1 a finales de este mes, y en el que la mayor\u00eda de los centros educativos ya mantienen labores presenciales, luego de m\u00e1s de dos a\u00f1os de pandemia por Covid-19.<\/p>\n\n\n\n<p>Fuente: https:\/\/la-lista.com\/mexico\/2022\/08\/15\/nuevos-dialogos-son-necesarios-elba-esther-gordillo-tras-cambios-en-la-sep<\/p>\n","protected":false},"excerpt":{"rendered":"<p>Leticia Ram\u00edrez se convertir\u00e1 en la tercera persona en estar al frente de la SEP. Delfina G\u00f3mez ocup\u00f3 el puesto [&hellip;]<\/p>\n","protected":false},"author":1,"featured_media":34618,"comment_status":"open","ping_status":"open","sticky":false,"template":"","format":"standard","meta":{"site-sidebar-layout":"default","site-content-layout":"","ast-site-content-layout":"default","site-content-style":"default","site-sidebar-style":"default","ast-global-header-display":"","ast-banner-title-visibility":"","ast-main-header-display":"","ast-hfb-above-header-display":"","ast-hfb-below-header-display":"","ast-hfb-mobile-header-display":"","site-post-title":"","ast-breadcrumbs-content":"","ast-featured-img":"","footer-sml-layout":"","theme-transparent-header-meta":"","adv-header-id-meta":"","stick-header-meta":"","header-above-stick-meta":"","header-main-stick-meta":"","header-below-stick-meta":"","astra-migrate-meta-layouts":"default","ast-page-background-enabled":"default","ast-page-background-meta":{"desktop":{"background-color":"var(--ast-global-color-4)","background-image":"","background-repeat":"repeat","background-position":"center center","background-size":"auto","background-attachment":"scroll","background-type":"","background-media":"","overlay-type":"","overlay-color":"","overlay-opacity":"","overlay-gradient":""},"tablet":{"background-color":"","background-image":"","background-repeat":"repeat","background-position":"center center","background-size":"auto","background-attachment":"scroll","background-type":"","background-media":"","overlay-type":"","overlay-color":"","overlay-opacity":"","overlay-gradient":""},"mobile":{"background-color":"","background-image":"","background-repeat":"repeat","background-position":"center center","background-size":"auto","background-attachment":"scroll","background-type":"","background-media":"","overlay-type":"","overlay-color":"","overlay-opacity":"","overlay-gradient":""}},"ast-content-background-meta":{"desktop":{"background-color":"var(--ast-global-color-5)","background-image":"","background-repeat":"repeat","background-position":"center center","background-size":"auto","background-attachment":"scroll","background-type":"","background-media":"","overlay-type":"","overlay-color":"","overlay-opacity":"","overlay-gradient":""},"tablet":{"background-color":"var(--ast-global-color-5)","background-image":"","background-repeat":"repeat","background-position":"center center","background-size":"auto","background-attachment":"scroll","background-type":"","background-media":"","overlay-type":"","overlay-color":"","overlay-opacity":"","overlay-gradient":""},"mobile":{"background-color":"var(--ast-global-color-5)","background-image":"","background-repeat":"repeat","background-position":"center center","background-size":"auto","background-attachment":"scroll","background-type":"","background-media":"","overlay-type":"","overlay-color":"","overlay-opacity":"","overlay-gradient":""}},"footnotes":""},"categories":[8],"tags":[12015,12012,3422,12014],"class_list":["post-34617","post","type-post","status-publish","format-standard","has-post-thumbnail","hentry","category-noticias","tag-elba-esther-gordillo","tag-leticia-ramirez-amaya","tag-sep","tag-snte"],"_links":{"self":[{"href":"https:\/\/losperiodistas.com.mx\/portal\/wp-json\/wp\/v2\/posts\/34617","targetHints":{"allow":["GET"]}}],"collection":[{"href":"https:\/\/losperiodistas.com.mx\/portal\/wp-json\/wp\/v2\/posts"}],"about":[{"href":"https:\/\/losperiodistas.com.mx\/portal\/wp-json\/wp\/v2\/types\/post"}],"author":[{"embeddable":true,"href":"https:\/\/losperiodistas.com.mx\/portal\/wp-json\/wp\/v2\/users\/1"}],"replies":[{"embeddable":true,"href":"https:\/\/losperiodistas.com.mx\/portal\/wp-json\/wp\/v2\/comments?post=34617"}],"version-history":[{"count":1,"href":"https:\/\/losperiodistas.com.mx\/portal\/wp-json\/wp\/v2\/posts\/34617\/revisions"}],"predecessor-version":[{"id":34619,"href":"https:\/\/losperiodistas.com.mx\/portal\/wp-json\/wp\/v2\/posts\/34617\/revisions\/34619"}],"wp:featuredmedia":[{"embeddable":true,"href":"https:\/\/losperiodistas.com.mx\/portal\/wp-json\/wp\/v2\/media\/34618"}],"wp:attachment":[{"href":"https:\/\/losperiodistas.com.mx\/portal\/wp-json\/wp\/v2\/media?parent=34617"}],"wp:term":[{"taxonomy":"category","embeddable":true,"href":"https:\/\/losperiodistas.com.mx\/portal\/wp-json\/wp\/v2\/categories?post=34617"},{"taxonomy":"post_tag","embeddable":true,"href":"https:\/\/losperiodistas.com.mx\/portal\/wp-json\/wp\/v2\/tags?post=34617"}],"curies":[{"name":"wp","href":"https:\/\/api.w.org\/{rel}","templated":true}]}}