{"id":34614,"date":"2022-08-16T04:04:24","date_gmt":"2022-08-16T09:04:24","guid":{"rendered":"http:\/\/losperiodistas.com.mx\/portal\/?p=34614"},"modified":"2022-08-16T04:04:26","modified_gmt":"2022-08-16T09:04:26","slug":"como-pasamos-de-vasconcelos-a-leticia-ramirez-kenia-lopez-cuestiona-nombramiento-en-la-sep-proceso","status":"publish","type":"post","link":"https:\/\/losperiodistas.com.mx\/portal\/como-pasamos-de-vasconcelos-a-leticia-ramirez-kenia-lopez-cuestiona-nombramiento-en-la-sep-proceso\/","title":{"rendered":"\u201c\u00bfC\u00f3mo pasamos de Vasconcelos a Leticia Ram\u00edrez?\u201d Kenia L\u00f3pez cuestiona nombramiento en la SEP | Proceso"},"content":{"rendered":"\n<p><strong>En su mensaje denominado \u201cla contra ma\u00f1anera\u201d, L\u00f3pez Rabad\u00e1n asegur\u00f3 que la nueva titular de la SEP, Leticia Ram\u00edrez Amaya no tiene experiencia en planeaci\u00f3n y programaci\u00f3n docente.<\/strong><\/p>\n\n\n\n<p><\/p>\n\n\n\n<figure class=\"wp-block-image size-full\"><img fetchpriority=\"high\" decoding=\"async\" width=\"800\" height=\"450\" src=\"https:\/\/losperiodistas.com.mx\/portal\/wp-content\/uploads\/2022\/08\/f800x450-159726_211172_5050.jpeg\" alt=\"\" class=\"wp-image-34615\" srcset=\"https:\/\/losperiodistas.com.mx\/portal\/wp-content\/uploads\/2022\/08\/f800x450-159726_211172_5050.jpeg 800w, https:\/\/losperiodistas.com.mx\/portal\/wp-content\/uploads\/2022\/08\/f800x450-159726_211172_5050-300x169.jpeg 300w, https:\/\/losperiodistas.com.mx\/portal\/wp-content\/uploads\/2022\/08\/f800x450-159726_211172_5050-768x432.jpeg 768w\" sizes=\"(max-width: 800px) 100vw, 800px\" \/><figcaption>La nueva secretaria de Educaci\u00f3n P\u00fablica, Leticia Ram\u00edrez . Foto: Miguel Dimayuga<\/figcaption><\/figure>\n\n\n\n<p class=\"has-vivid-cyan-blue-color has-text-color has-medium-font-size\">EZEQUIEL FLORES CONTRERAS \/ PROCESO<\/p>\n\n\n\n<p>CIUDAD DE M\u00c9XICO (apro).- La senadora panista Kenia L\u00f3pez Rabad\u00e1n critic\u00f3 la decisi\u00f3n del presidente Andr\u00e9s Manuel L\u00f3pez Obrador para designar a la coordinadora de Atenci\u00f3n Ciudadana, Leticia Ram\u00edrez Amaya como nueva titular de la Secretar\u00eda de Educaci\u00f3n P\u00fablica (SEP), en sustituci\u00f3n de Delfina G\u00f3mez.<\/p>\n\n\n\n<p>\u201cUna vez m\u00e1s, el presidente sigue destruyendo el futuro de los mexicanos con sus err\u00f3neas decisiones. Leticia Ram\u00edrez entra con el pie izquierdo. La acompa\u00f1an las quejas que ha recibido en su anterior trabajo, siendo la coordinadora de Atenci\u00f3n Ciudadana del Gobierno federal, ya que el presidente no atendi\u00f3 a las madres buscadoras, a las v\u00edctimas, a los familiares de los desaparecidos, a los ambientalistas y a las familias de los mineros atrapados en Coahuila\u201d. expres\u00f3.<\/p>\n\n\n\n<h5 class=\"wp-block-heading\">NOTICIAS RELACIONADAS<\/h5>\n\n\n\n<ul class=\"wp-block-list\"><li><a href=\"https:\/\/www.proceso.com.mx\/nacional\/2022\/8\/15\/leticia-ramirez-nueva-titular-de-la-sep-es-inteligente-honesta-conoce-de-educacion-sheinbaum-291531.html\">Leticia Ram\u00edrez, nueva titular de la SEP es \u201cinteligente, honesta y conoce de educaci\u00f3n\u201d: Sheinbaum<\/a><\/li><li><a href=\"https:\/\/www.proceso.com.mx\/nacional\/2022\/8\/15\/ella-es-leticia-ramirez-anaya-la-nueva-titular-de-la-sep-291516.html\">Ella es Leticia Ram\u00edrez Anaya, la nueva titular de la SEP<\/a><\/li><li><a href=\"https:\/\/www.proceso.com.mx\/nacional\/2022\/8\/15\/leticia-ramirez-sustituira-delfina-gomez-como-titular-de-la-sep-amlo-291515.html\">Leticia Ram\u00edrez sustituir\u00e1 a Delfina G\u00f3mez como titular de la SEP: AMLO<\/a><\/li><\/ul>\n\n\n\n<p>Enseguida, la vicecoordinadora de la fracci\u00f3n parlamentaria del blanquiazul en el Senado, cuestion\u00f3 en tono de mofa:<\/p>\n\n\n\n<blockquote class=\"wp-block-quote is-layout-flow wp-block-quote-is-layout-flow\"><p>\u201c\u00bfC\u00f3mo pasamos de Vasconcelos a Delfina G\u00f3mez?, una delincuente confesa, \u00bfo c\u00f3mo pasamos de Vasconcelos a Leticia Ram\u00edrez, que no tiene las credenciales para dirigir la dependencia? Muy lamentable\u201d, refiri\u00f3 la panista.<\/p><\/blockquote>\n\n\n\n<p>En su mensaje denominado \u201cla contra ma\u00f1anera\u201d, L\u00f3pez Rabad\u00e1n asegur\u00f3 que la nueva titular de la SEP, Leticia Ram\u00edrez Amaya no tiene experiencia en planeaci\u00f3n y programaci\u00f3n docente.<\/p>\n\n\n\n<blockquote class=\"wp-block-quote is-layout-flow wp-block-quote-is-layout-flow\"><p>\u201cTampoco tiene experiencia para abatir el rezago educativo que tanto est\u00e1 da\u00f1ando a nuestro pa\u00eds\u201d, sostuvo la senadora.<\/p><\/blockquote>\n\n\n\n<p>Incluso, reproch\u00f3 el hecho de que el presidente L\u00f3pez Obrador destac\u00f3 la honestidad, como \u201c\u00fanica virtud\u201d de Ram\u00edrez Amaya.<\/p>\n\n\n\n<p>Fuente: https:\/\/www.proceso.com.mx\/nacional\/2022\/8\/15\/como-pasamos-de-vasconcelos-leticia-ramirez-kenia-lopez-cuestiona-nombramiento-en-la-sep-291569.html<\/p>\n","protected":false},"excerpt":{"rendered":"<p>En su mensaje denominado \u201cla contra ma\u00f1anera\u201d, L\u00f3pez Rabad\u00e1n asegur\u00f3 que la nueva titular de la SEP, Leticia Ram\u00edrez Amaya [&hellip;]<\/p>\n","protected":false},"author":1,"featured_media":34615,"comment_status":"open","ping_status":"open","sticky":false,"template":"","format":"standard","meta":{"site-sidebar-layout":"default","site-content-layout":"","ast-site-content-layout":"default","site-content-style":"default","site-sidebar-style":"default","ast-global-header-display":"","ast-banner-title-visibility":"","ast-main-header-display":"","ast-hfb-above-header-display":"","ast-hfb-below-header-display":"","ast-hfb-mobile-header-display":"","site-post-title":"","ast-breadcrumbs-content":"","ast-featured-img":"","footer-sml-layout":"","theme-transparent-header-meta":"","adv-header-id-meta":"","stick-header-meta":"","header-above-stick-meta":"","header-main-stick-meta":"","header-below-stick-meta":"","astra-migrate-meta-layouts":"default","ast-page-background-enabled":"default","ast-page-background-meta":{"desktop":{"background-color":"var(--ast-global-color-4)","background-image":"","background-repeat":"repeat","background-position":"center center","background-size":"auto","background-attachment":"scroll","background-type":"","background-media":"","overlay-type":"","overlay-color":"","overlay-opacity":"","overlay-gradient":""},"tablet":{"background-color":"","background-image":"","background-repeat":"repeat","background-position":"center center","background-size":"auto","background-attachment":"scroll","background-type":"","background-media":"","overlay-type":"","overlay-color":"","overlay-opacity":"","overlay-gradient":""},"mobile":{"background-color":"","background-image":"","background-repeat":"repeat","background-position":"center center","background-size":"auto","background-attachment":"scroll","background-type":"","background-media":"","overlay-type":"","overlay-color":"","overlay-opacity":"","overlay-gradient":""}},"ast-content-background-meta":{"desktop":{"background-color":"var(--ast-global-color-5)","background-image":"","background-repeat":"repeat","background-position":"center center","background-size":"auto","background-attachment":"scroll","background-type":"","background-media":"","overlay-type":"","overlay-color":"","overlay-opacity":"","overlay-gradient":""},"tablet":{"background-color":"var(--ast-global-color-5)","background-image":"","background-repeat":"repeat","background-position":"center center","background-size":"auto","background-attachment":"scroll","background-type":"","background-media":"","overlay-type":"","overlay-color":"","overlay-opacity":"","overlay-gradient":""},"mobile":{"background-color":"var(--ast-global-color-5)","background-image":"","background-repeat":"repeat","background-position":"center center","background-size":"auto","background-attachment":"scroll","background-type":"","background-media":"","overlay-type":"","overlay-color":"","overlay-opacity":"","overlay-gradient":""}},"footnotes":""},"categories":[8],"tags":[12013,12012,3422],"class_list":["post-34614","post","type-post","status-publish","format-standard","has-post-thumbnail","hentry","category-noticias","tag-kenia-lopez-ramadan","tag-leticia-ramirez-amaya","tag-sep"],"_links":{"self":[{"href":"https:\/\/losperiodistas.com.mx\/portal\/wp-json\/wp\/v2\/posts\/34614","targetHints":{"allow":["GET"]}}],"collection":[{"href":"https:\/\/losperiodistas.com.mx\/portal\/wp-json\/wp\/v2\/posts"}],"about":[{"href":"https:\/\/losperiodistas.com.mx\/portal\/wp-json\/wp\/v2\/types\/post"}],"author":[{"embeddable":true,"href":"https:\/\/losperiodistas.com.mx\/portal\/wp-json\/wp\/v2\/users\/1"}],"replies":[{"embeddable":true,"href":"https:\/\/losperiodistas.com.mx\/portal\/wp-json\/wp\/v2\/comments?post=34614"}],"version-history":[{"count":1,"href":"https:\/\/losperiodistas.com.mx\/portal\/wp-json\/wp\/v2\/posts\/34614\/revisions"}],"predecessor-version":[{"id":34616,"href":"https:\/\/losperiodistas.com.mx\/portal\/wp-json\/wp\/v2\/posts\/34614\/revisions\/34616"}],"wp:featuredmedia":[{"embeddable":true,"href":"https:\/\/losperiodistas.com.mx\/portal\/wp-json\/wp\/v2\/media\/34615"}],"wp:attachment":[{"href":"https:\/\/losperiodistas.com.mx\/portal\/wp-json\/wp\/v2\/media?parent=34614"}],"wp:term":[{"taxonomy":"category","embeddable":true,"href":"https:\/\/losperiodistas.com.mx\/portal\/wp-json\/wp\/v2\/categories?post=34614"},{"taxonomy":"post_tag","embeddable":true,"href":"https:\/\/losperiodistas.com.mx\/portal\/wp-json\/wp\/v2\/tags?post=34614"}],"curies":[{"name":"wp","href":"https:\/\/api.w.org\/{rel}","templated":true}]}}