{"id":3461,"date":"2021-01-18T05:29:37","date_gmt":"2021-01-18T11:29:37","guid":{"rendered":"http:\/\/losperiodistas.com.mx\/portal\/?p=3461"},"modified":"2021-01-18T05:29:37","modified_gmt":"2021-01-18T11:29:37","slug":"mexico-es-un-caso-grave-en-el-mundo-frente-a-la-pandemia-el-financiero","status":"publish","type":"post","link":"https:\/\/losperiodistas.com.mx\/portal\/mexico-es-un-caso-grave-en-el-mundo-frente-a-la-pandemia-el-financiero\/","title":{"rendered":"M\u00e9xico es un \u2018caso grave\u2019 en el mundo frente a la pandemia | El Financiero"},"content":{"rendered":"\n<p style=\"font-size:18px\"><em>Al sistema de salud le urge pol\u00edtica p\u00fablica, recursos y personal capacitado: experta.<\/em><\/p>\n\n\n\n<p class=\"has-vivid-cyan-blue-color has-text-color has-medium-font-size\">V\u00cdCTOR CH\u00c1VEZ \/ EL FINANCIERO<\/p>\n\n\n\n<p>El sistema de salud \u201cest\u00e1 enfermo\u201d y le urge pasar ya a una \u201cterapia intensiva\u201d con m\u00e1s recursos presupuestales, con m\u00e1s personal, con pol\u00edticas p\u00fablicas en alimentaci\u00f3n y otros diversos apoyos, estim\u00f3 Mar\u00eda Carrillo Farga, profesora del Departamento de Salud P\u00fablica de la Facultad de Medicina de la UNAM.<\/p>\n\n\n\n<p>En entrevista con EL FINANCIERO, alert\u00f3 que, en el combate al COVID-19, M\u00e9xico es \u201cun caso que pasa por una situaci\u00f3n grave\u201d, por los altos contagios \u2013hasta 21 mil 366 en un d\u00eda\u2013, las muertes y la saturaci\u00f3n hospitalaria.<\/p>\n\n\n\n<p>\u201cEl pa\u00eds ha tenido que enfrentarse al debilitamiento de la seguridad social que ocurri\u00f3 durante las \u00faltimas d\u00e9cadas, cuando lo que se necesita es un sistema universal de salud\u201d, dijo.<\/p>\n\n\n\n<p>En el marco del arranque, este lunes, del XXX coloquio internacional \u201cEl sistema de salud, la salud del sistema\u201d \u2013organizado por 17 Instituto de Estudios Cr\u00edticos, con sede en M\u00e9xico\u2013, la acad\u00e9mica revel\u00f3 que \u201clas insuficiencias en el sistema de salud son la falta de recursos humanos, personal con formaci\u00f3n, porque de cada 43 mil solicitudes de especialidades que se hacen cada a\u00f1o, s\u00f3lo ingresa el 20 por ciento, aunque, este a\u00f1o, por primera vez en much\u00edsimo tiempo, el n\u00famero de aceptados se increment\u00f3 en 100 por ciento, aunque estos especialistas tardar\u00e1n varios a\u00f1os en terminar su formaci\u00f3n\u201d.<\/p>\n\n\n\n<p>Tambi\u00e9n destac\u00f3 que \u201cdurante los \u00faltimos 20 a\u00f1os, 80 por ciento de los aspirantes a realizar una residencia m\u00e9dica eran rechazados\u201d.<\/p>\n\n\n\n<p>Adem\u00e1s, \u201clas universidades retiraron a sus estudiantes de medicina e internos de los hospitales para no ponerlos en riesgo, lo que signific\u00f3 tambi\u00e9n otro golpe para los servicios de salud; lo mismo sucedi\u00f3 con estudiantes de enfermer\u00eda. Hoy los estudiantes reciben educaci\u00f3n cl\u00ednica sin asistir a los servicios hospitalarios, por lo que tienen una formaci\u00f3n incompleta\u201d.<\/p>\n\n\n\n<p>Tambi\u00e9n \u201cse acept\u00f3 que profesionales de la salud que, por su edad o por sus enfermedades estuvieran en mayor riesgo si contra\u00edan la enfermedad del coronavirus, dejaran de asistir a los servicios de salud; con ello, el problema de recursos humanos insuficientes que ya exist\u00eda de falta de personal, se vio agravado\u201d.<\/p>\n\n\n\n<p>Recalc\u00f3 que \u201ces todav\u00eda una utop\u00eda en M\u00e9xico el derecho a un servicio universal de salud; estamos a\u00fan muy lejos en M\u00e9xico, y en el mundo, de poder lograr la atenci\u00f3n universal, pero eso no quiere decir que no podamos llegar a tenerla\u201d.<\/p>\n\n\n\n<p>Fuente: https:\/\/www.elfinanciero.com.mx\/nacional\/mexico-caso-grave-en-el-mundo-frente-a-la-pandemia<\/p>\n","protected":false},"excerpt":{"rendered":"<p>Al sistema de salud le urge pol\u00edtica p\u00fablica, recursos y personal capacitado: experta. V\u00cdCTOR CH\u00c1VEZ \/ EL FINANCIERO El sistema [&hellip;]<\/p>\n","protected":false},"author":1,"featured_media":3464,"comment_status":"open","ping_status":"open","sticky":false,"template":"","format":"standard","meta":{"site-sidebar-layout":"default","site-content-layout":"","ast-site-content-layout":"default","site-content-style":"default","site-sidebar-style":"default","ast-global-header-display":"","ast-banner-title-visibility":"","ast-main-header-display":"","ast-hfb-above-header-display":"","ast-hfb-below-header-display":"","ast-hfb-mobile-header-display":"","site-post-title":"","ast-breadcrumbs-content":"","ast-featured-img":"","footer-sml-layout":"","theme-transparent-header-meta":"","adv-header-id-meta":"","stick-header-meta":"","header-above-stick-meta":"","header-main-stick-meta":"","header-below-stick-meta":"","astra-migrate-meta-layouts":"default","ast-page-background-enabled":"default","ast-page-background-meta":{"desktop":{"background-color":"var(--ast-global-color-4)","background-image":"","background-repeat":"repeat","background-position":"center center","background-size":"auto","background-attachment":"scroll","background-type":"","background-media":"","overlay-type":"","overlay-color":"","overlay-opacity":"","overlay-gradient":""},"tablet":{"background-color":"","background-image":"","background-repeat":"repeat","background-position":"center center","background-size":"auto","background-attachment":"scroll","background-type":"","background-media":"","overlay-type":"","overlay-color":"","overlay-opacity":"","overlay-gradient":""},"mobile":{"background-color":"","background-image":"","background-repeat":"repeat","background-position":"center center","background-size":"auto","background-attachment":"scroll","background-type":"","background-media":"","overlay-type":"","overlay-color":"","overlay-opacity":"","overlay-gradient":""}},"ast-content-background-meta":{"desktop":{"background-color":"var(--ast-global-color-5)","background-image":"","background-repeat":"repeat","background-position":"center center","background-size":"auto","background-attachment":"scroll","background-type":"","background-media":"","overlay-type":"","overlay-color":"","overlay-opacity":"","overlay-gradient":""},"tablet":{"background-color":"var(--ast-global-color-5)","background-image":"","background-repeat":"repeat","background-position":"center center","background-size":"auto","background-attachment":"scroll","background-type":"","background-media":"","overlay-type":"","overlay-color":"","overlay-opacity":"","overlay-gradient":""},"mobile":{"background-color":"var(--ast-global-color-5)","background-image":"","background-repeat":"repeat","background-position":"center center","background-size":"auto","background-attachment":"scroll","background-type":"","background-media":"","overlay-type":"","overlay-color":"","overlay-opacity":"","overlay-gradient":""}},"footnotes":""},"categories":[8],"tags":[],"class_list":["post-3461","post","type-post","status-publish","format-standard","has-post-thumbnail","hentry","category-noticias"],"_links":{"self":[{"href":"https:\/\/losperiodistas.com.mx\/portal\/wp-json\/wp\/v2\/posts\/3461","targetHints":{"allow":["GET"]}}],"collection":[{"href":"https:\/\/losperiodistas.com.mx\/portal\/wp-json\/wp\/v2\/posts"}],"about":[{"href":"https:\/\/losperiodistas.com.mx\/portal\/wp-json\/wp\/v2\/types\/post"}],"author":[{"embeddable":true,"href":"https:\/\/losperiodistas.com.mx\/portal\/wp-json\/wp\/v2\/users\/1"}],"replies":[{"embeddable":true,"href":"https:\/\/losperiodistas.com.mx\/portal\/wp-json\/wp\/v2\/comments?post=3461"}],"version-history":[{"count":1,"href":"https:\/\/losperiodistas.com.mx\/portal\/wp-json\/wp\/v2\/posts\/3461\/revisions"}],"predecessor-version":[{"id":3465,"href":"https:\/\/losperiodistas.com.mx\/portal\/wp-json\/wp\/v2\/posts\/3461\/revisions\/3465"}],"wp:featuredmedia":[{"embeddable":true,"href":"https:\/\/losperiodistas.com.mx\/portal\/wp-json\/wp\/v2\/media\/3464"}],"wp:attachment":[{"href":"https:\/\/losperiodistas.com.mx\/portal\/wp-json\/wp\/v2\/media?parent=3461"}],"wp:term":[{"taxonomy":"category","embeddable":true,"href":"https:\/\/losperiodistas.com.mx\/portal\/wp-json\/wp\/v2\/categories?post=3461"},{"taxonomy":"post_tag","embeddable":true,"href":"https:\/\/losperiodistas.com.mx\/portal\/wp-json\/wp\/v2\/tags?post=3461"}],"curies":[{"name":"wp","href":"https:\/\/api.w.org\/{rel}","templated":true}]}}