{"id":34592,"date":"2022-08-15T18:00:32","date_gmt":"2022-08-15T23:00:32","guid":{"rendered":"http:\/\/losperiodistas.com.mx\/portal\/?p=34592"},"modified":"2022-08-15T18:32:51","modified_gmt":"2022-08-15T23:32:51","slug":"ayuntamiento-de-puebla-iniciara-operativos-con-cinemometros-el-proximo-lunes-22-de-agosto","status":"publish","type":"post","link":"https:\/\/losperiodistas.com.mx\/portal\/ayuntamiento-de-puebla-iniciara-operativos-con-cinemometros-el-proximo-lunes-22-de-agosto\/","title":{"rendered":"Ayuntamiento de Puebla iniciara operativos con cinem\u00f3metros el pr\u00f3ximo lunes 22 de agosto"},"content":{"rendered":"\n<ul class=\"has-medium-font-size wp-block-list\"><li>Los operativos de control y detenci\u00f3n se llevar\u00e1n a cabo seis d\u00edas a la semana en dos zonas simult\u00e1neas de monitoreo con radares de velocidad.<\/li><\/ul>\n\n\n\n<figure class=\"wp-block-image size-large is-style-default\"><img fetchpriority=\"high\" decoding=\"async\" width=\"1024\" height=\"682\" src=\"https:\/\/losperiodistas.com.mx\/portal\/wp-content\/uploads\/2022\/08\/WhatsApp-Image-2022-08-15-at-3.05.10-PM-1024x682.jpeg\" alt=\"\" class=\"wp-image-34593\" srcset=\"https:\/\/losperiodistas.com.mx\/portal\/wp-content\/uploads\/2022\/08\/WhatsApp-Image-2022-08-15-at-3.05.10-PM-1024x682.jpeg 1024w, https:\/\/losperiodistas.com.mx\/portal\/wp-content\/uploads\/2022\/08\/WhatsApp-Image-2022-08-15-at-3.05.10-PM-300x200.jpeg 300w, https:\/\/losperiodistas.com.mx\/portal\/wp-content\/uploads\/2022\/08\/WhatsApp-Image-2022-08-15-at-3.05.10-PM-768x512.jpeg 768w, https:\/\/losperiodistas.com.mx\/portal\/wp-content\/uploads\/2022\/08\/WhatsApp-Image-2022-08-15-at-3.05.10-PM.jpeg 1280w\" sizes=\"(max-width: 1024px) 100vw, 1024px\" \/><figcaption>Ayuntamiento Puebla<\/figcaption><\/figure>\n\n\n\n<p><\/p>\n\n\n\n<p class=\"has-vivid-cyan-blue-color has-text-color has-medium-font-size\">REDACCI\u00d3N<\/p>\n\n\n\n<p>Por una ciudad con \u201cVisi\u00f3n Cero\u201d, donde se prevengan las lesiones y muertes por hechos de tr\u00e1nsito; ese es el principal objetivo de la estrategia de cinem\u00f3metros que arrancar\u00e1 el pr\u00f3ximo lunes 22 de agosto, ya que, seg\u00fan datos presentados en rueda de prensa por Ad\u00e1n Dom\u00ednguez S\u00e1nchez, Gerente de Gobierno Municipal, hasta el 65 por ciento de la ciudadan\u00eda circula a exceso de velocidad por las calles de Puebla capital.<\/p>\n\n\n\n<p>Y es que tan s\u00f3lo en lo que va de este a\u00f1o 2022, se han registrado en la Angel\u00f3polis tres mil 358 accidentes viales, revel\u00f3 Consuelo Cruz Galindo, Secretaria de Seguridad Ciudadana, por ello el Ayuntamiento de Puebla ha decidido tomar acciones preventivas mediante operativos de control de velocidades y puntos de detenci\u00f3n de infractores.<\/p>\n\n\n\n<p>Estos se desplegar\u00e1n seis d\u00edas a la semana, en dos zonas simult\u00e1neas de monitoreo con cinem\u00f3metros, explic\u00f3 Mar\u00eda del Rayo Ram\u00edrez Polo, Directora de Control de Tr\u00e1nsito Municipal, para hacer un exhorto activo \u2013y en su caso multa, conforme al Art\u00edculo 302 del Reglamento de Tr\u00e1nsito\u2014 a respetar los l\u00edmites de velocidad en vialidades primarias (50 kil\u00f3metros por hora), calles secundarias (30 kil\u00f3metros por hora), as\u00ed como en Zonas 30.<\/p>\n\n\n\n<p>La presentaci\u00f3n de esta estrategia tambi\u00e9n cont\u00f3 con la participaci\u00f3n de Fernanda Huerta L\u00f3pez, Regidora Presidenta de la Comisi\u00f3n de Infraestructura, Movilidad y Servicios P\u00fablicos.<\/p>\n","protected":false},"excerpt":{"rendered":"<p>Los operativos de control y detenci\u00f3n se llevar\u00e1n a cabo seis d\u00edas a la semana en dos zonas simult\u00e1neas de [&hellip;]<\/p>\n","protected":false},"author":1,"featured_media":34593,"comment_status":"open","ping_status":"open","sticky":false,"template":"","format":"standard","meta":{"site-sidebar-layout":"default","site-content-layout":"","ast-site-content-layout":"default","site-content-style":"default","site-sidebar-style":"default","ast-global-header-display":"","ast-banner-title-visibility":"","ast-main-header-display":"","ast-hfb-above-header-display":"","ast-hfb-below-header-display":"","ast-hfb-mobile-header-display":"","site-post-title":"","ast-breadcrumbs-content":"","ast-featured-img":"","footer-sml-layout":"","theme-transparent-header-meta":"","adv-header-id-meta":"","stick-header-meta":"","header-above-stick-meta":"","header-main-stick-meta":"","header-below-stick-meta":"","astra-migrate-meta-layouts":"default","ast-page-background-enabled":"default","ast-page-background-meta":{"desktop":{"background-color":"var(--ast-global-color-4)","background-image":"","background-repeat":"repeat","background-position":"center center","background-size":"auto","background-attachment":"scroll","background-type":"","background-media":"","overlay-type":"","overlay-color":"","overlay-opacity":"","overlay-gradient":""},"tablet":{"background-color":"","background-image":"","background-repeat":"repeat","background-position":"center center","background-size":"auto","background-attachment":"scroll","background-type":"","background-media":"","overlay-type":"","overlay-color":"","overlay-opacity":"","overlay-gradient":""},"mobile":{"background-color":"","background-image":"","background-repeat":"repeat","background-position":"center center","background-size":"auto","background-attachment":"scroll","background-type":"","background-media":"","overlay-type":"","overlay-color":"","overlay-opacity":"","overlay-gradient":""}},"ast-content-background-meta":{"desktop":{"background-color":"var(--ast-global-color-5)","background-image":"","background-repeat":"repeat","background-position":"center center","background-size":"auto","background-attachment":"scroll","background-type":"","background-media":"","overlay-type":"","overlay-color":"","overlay-opacity":"","overlay-gradient":""},"tablet":{"background-color":"var(--ast-global-color-5)","background-image":"","background-repeat":"repeat","background-position":"center center","background-size":"auto","background-attachment":"scroll","background-type":"","background-media":"","overlay-type":"","overlay-color":"","overlay-opacity":"","overlay-gradient":""},"mobile":{"background-color":"var(--ast-global-color-5)","background-image":"","background-repeat":"repeat","background-position":"center center","background-size":"auto","background-attachment":"scroll","background-type":"","background-media":"","overlay-type":"","overlay-color":"","overlay-opacity":"","overlay-gradient":""}},"footnotes":""},"categories":[8],"tags":[7279,3578,12010],"class_list":["post-34592","post","type-post","status-publish","format-standard","has-post-thumbnail","hentry","category-noticias","tag-contigoyconrumbo","tag-adan-dominguez-sanchez","tag-vision-cero"],"_links":{"self":[{"href":"https:\/\/losperiodistas.com.mx\/portal\/wp-json\/wp\/v2\/posts\/34592","targetHints":{"allow":["GET"]}}],"collection":[{"href":"https:\/\/losperiodistas.com.mx\/portal\/wp-json\/wp\/v2\/posts"}],"about":[{"href":"https:\/\/losperiodistas.com.mx\/portal\/wp-json\/wp\/v2\/types\/post"}],"author":[{"embeddable":true,"href":"https:\/\/losperiodistas.com.mx\/portal\/wp-json\/wp\/v2\/users\/1"}],"replies":[{"embeddable":true,"href":"https:\/\/losperiodistas.com.mx\/portal\/wp-json\/wp\/v2\/comments?post=34592"}],"version-history":[{"count":1,"href":"https:\/\/losperiodistas.com.mx\/portal\/wp-json\/wp\/v2\/posts\/34592\/revisions"}],"predecessor-version":[{"id":34594,"href":"https:\/\/losperiodistas.com.mx\/portal\/wp-json\/wp\/v2\/posts\/34592\/revisions\/34594"}],"wp:featuredmedia":[{"embeddable":true,"href":"https:\/\/losperiodistas.com.mx\/portal\/wp-json\/wp\/v2\/media\/34593"}],"wp:attachment":[{"href":"https:\/\/losperiodistas.com.mx\/portal\/wp-json\/wp\/v2\/media?parent=34592"}],"wp:term":[{"taxonomy":"category","embeddable":true,"href":"https:\/\/losperiodistas.com.mx\/portal\/wp-json\/wp\/v2\/categories?post=34592"},{"taxonomy":"post_tag","embeddable":true,"href":"https:\/\/losperiodistas.com.mx\/portal\/wp-json\/wp\/v2\/tags?post=34592"}],"curies":[{"name":"wp","href":"https:\/\/api.w.org\/{rel}","templated":true}]}}