{"id":34588,"date":"2022-08-15T18:28:03","date_gmt":"2022-08-15T23:28:03","guid":{"rendered":"http:\/\/losperiodistas.com.mx\/portal\/?p=34588"},"modified":"2022-08-15T18:28:05","modified_gmt":"2022-08-15T23:28:05","slug":"cisma-en-el-cjng-el-mencho-esta-moribundo-y-hay-pleito-por-la-sucesion-radio-formula","status":"publish","type":"post","link":"https:\/\/losperiodistas.com.mx\/portal\/cisma-en-el-cjng-el-mencho-esta-moribundo-y-hay-pleito-por-la-sucesion-radio-formula\/","title":{"rendered":"Cisma en el CJNG: \u00bf&#8217;El Mencho&#8217; est\u00e1 moribundo y hay &#8216;pleito&#8217; por la sucesi\u00f3n? | Radio F\u00f3rmula"},"content":{"rendered":"\n<h2 class=\"wp-block-heading\">El l\u00edder del C\u00e1rtel Jalisco Nueva Generaci\u00f3n Nemesio Oseguera, alias &#8216;El Mencho&#8217;, est\u00e1 moribundo&#8230;\u00a0y la sucesi\u00f3n por dirigir a la agrupaci\u00f3n delictiva\u00a0est\u00e1 en disputa. Te contamos.<\/h2>\n\n\n\n<p><\/p>\n\n\n\n<figure class=\"wp-block-image size-full is-style-default\"><img fetchpriority=\"high\" decoding=\"async\" width=\"960\" height=\"540\" src=\"https:\/\/losperiodistas.com.mx\/portal\/wp-content\/uploads\/2022\/08\/f960x540-598401_672476_0.jpeg\" alt=\"\" class=\"wp-image-34589\" srcset=\"https:\/\/losperiodistas.com.mx\/portal\/wp-content\/uploads\/2022\/08\/f960x540-598401_672476_0.jpeg 960w, https:\/\/losperiodistas.com.mx\/portal\/wp-content\/uploads\/2022\/08\/f960x540-598401_672476_0-300x169.jpeg 300w, https:\/\/losperiodistas.com.mx\/portal\/wp-content\/uploads\/2022\/08\/f960x540-598401_672476_0-768x432.jpeg 768w\" sizes=\"(max-width: 960px) 100vw, 960px\" \/><figcaption>\u00bfEl Mencho est\u00e1 moribundo y el CJNG tiene &#8216;pleito&#8217; en su interior? Cr\u00e9ditos: Sandra R\u00edos<\/figcaption><\/figure>\n\n\n\n<p class=\"has-vivid-cyan-blue-color has-text-color has-medium-font-size\">REDACCI\u00d3N RADIO F\u00d3RMULA<\/p>\n\n\n\n<p>El&nbsp;<a href=\"https:\/\/www.radioformula.com.mx\/nacional\/2022\/8\/11\/cjng-datos-clave-de-el-mencho-el-cartel-que-fundo-en-jalisco-727373.html\">l\u00edder del&nbsp;<strong>C\u00e1rtel Jalisco Nueva Generaci\u00f3n<\/strong>&nbsp;(CJNG)&nbsp;<strong>Nemesio Oseguera<\/strong>, alias &#8216;El Mencho&#8217;, est\u00e1 moribundo<\/a>&#8230;&nbsp;y la sucesi\u00f3n por dirigir a la agrupaci\u00f3n delictiva&nbsp;est\u00e1 en disputa, de acuerdo con el periodista<strong>&nbsp;Ricardo Raphael<\/strong>.<\/p>\n\n\n\n<p>En su columna publicada en\u00a0<em>Milenio<\/em>, Raphael refiere que la designaci\u00f3n de qui\u00e9n sustituir\u00eda a &#8216;El Mencho&#8217; no est\u00e1 siendo \u00abtersa\u00bb. El capo, uno de los m\u00e1s buscados en M\u00e9xico y Estados Unidos, hab\u00eda previsto que fuera su yerno\u00a0<strong>Julio Alberto Castillo Rodr\u00edguez<\/strong>\u00a0quien tomara su lugar.<\/p>\n\n\n\n<h2 class=\"wp-block-heading\">\u00bfQui\u00e9nes negociaban la sucesi\u00f3n de &#8216;El Mencho&#8217;?<\/h2>\n\n\n\n<p>Seg\u00fan informaci\u00f3n de la Secretar\u00eda de la Defensa Nacional (Sedena), y retomada por el periodista Ricardo Raphael, sus elementos estuvieron cerca de aprehender a dos de l\u00edderes del c\u00e1rtel mencionado: Ricardo Ruiz Velasco, alias &#8216;El Doble R&#8217;; y Gerardo Gonz\u00e1lez Ram\u00edrez, &#8216;El Ap\u00e1&#8217;.<\/p>\n\n\n\n<p>Tambi\u00e9n conocido como el\u00a0<em>youtuber\u00a0<\/em>del CJNG. Ricardo Ruiz Velazco\u00a0es apodado &#8216;El Doble R&#8217;, salt\u00f3 a la fama luego de que se viralizaron unos videos en donde\u00a0se exhiben veh\u00edculos con blindaje artesanal pintados color verde y con logotipos de un supuesto Grupo \u00c9lite del C\u00e1rtel Jalisco Nueva Generaci\u00f3n, c\u00e9lula de la que es jefe.\u00a0<\/p>\n\n\n\n<figure class=\"wp-block-image size-large is-style-default\"><img decoding=\"async\" width=\"1024\" height=\"684\" src=\"https:\/\/losperiodistas.com.mx\/portal\/wp-content\/uploads\/2022\/08\/Captura-de-Pantalla-2022-08-15-a-las-18.22.50-1024x684.jpg\" alt=\"\" class=\"wp-image-34590\" srcset=\"https:\/\/losperiodistas.com.mx\/portal\/wp-content\/uploads\/2022\/08\/Captura-de-Pantalla-2022-08-15-a-las-18.22.50-1024x684.jpg 1024w, https:\/\/losperiodistas.com.mx\/portal\/wp-content\/uploads\/2022\/08\/Captura-de-Pantalla-2022-08-15-a-las-18.22.50-300x200.jpg 300w, https:\/\/losperiodistas.com.mx\/portal\/wp-content\/uploads\/2022\/08\/Captura-de-Pantalla-2022-08-15-a-las-18.22.50-768x513.jpg 768w, https:\/\/losperiodistas.com.mx\/portal\/wp-content\/uploads\/2022\/08\/Captura-de-Pantalla-2022-08-15-a-las-18.22.50-1536x1025.jpg 1536w, https:\/\/losperiodistas.com.mx\/portal\/wp-content\/uploads\/2022\/08\/Captura-de-Pantalla-2022-08-15-a-las-18.22.50.jpg 1546w\" sizes=\"(max-width: 1024px) 100vw, 1024px\" \/><\/figure>\n\n\n\n<p>A&nbsp;<strong>Ricardo Ruiz Velazco<\/strong>, seg\u00fan Luis Cresencio Sandoval, titular de la Sedena, se le adjudic\u00f3 la&nbsp;grabaci\u00f3n de uno de&nbsp;esos audiovisuales.<\/p>\n\n\n\n<p>\u00abEstamos considerando que fue grabado entre los l\u00edmites de Jalisco y Michoac\u00e1n por la c\u00e9lula que dirige \u2018el Doble R\u2019\u00bb, detall\u00f3 el titular de la Sedena.<\/p>\n\n\n\n<p>Adem\u00e1s de ser conocido como &#8216;El Ap\u00e1&#8217;, tambi\u00e9n se le identifica como &#8216;El G\u00fcero&#8217;, &#8216;El Gera&#8217; y\u00a0como\u00a0el jefe de plaza de la zona comprendida entre los l\u00edmites de Jalisco y Zacatecas, de acuerdo con la revista\u00a0<em>Proceso<\/em>.<\/p>\n\n\n\n<figure class=\"wp-block-embed is-type-rich is-provider-twitter wp-block-embed-twitter\"><div class=\"wp-block-embed__wrapper\">\n<blockquote class=\"twitter-tweet\" data-width=\"500\" data-dnt=\"true\"><p lang=\"es\" dir=\"ltr\">Hombres armados incendian autos y  establecimientos de Irapuato y Celaya, Guanajuato, como resultado de\u00a0un enfrentamiento con un grupo criminal ocurrido en Jalisco.<a href=\"https:\/\/twitter.com\/hashtag\/Video?src=hash&amp;ref_src=twsrc%5Etfw\">#Video<\/a>: Especial <a href=\"https:\/\/t.co\/AAjeQqvTU9\">pic.twitter.com\/AAjeQqvTU9<\/a><\/p>&mdash; Grupo F\u00f3rmula (@Radio_Formula) <a href=\"https:\/\/twitter.com\/Radio_Formula\/status\/1557228957166178304?ref_src=twsrc%5Etfw\">August 10, 2022<\/a><\/blockquote><script async src=\"https:\/\/platform.twitter.com\/widgets.js\" charset=\"utf-8\"><\/script>\n<\/div><\/figure>\n\n\n\n<p>Adem\u00e1s de que se le vincula con el CJNG, se sabe que &#8216;El Ap\u00e1&#8217;\u00a0est\u00e1 relacionado con asesinatos y secuestros. En tanto, la Fiscal\u00eda General de la Rep\u00fablica (FGR) lo tiene identificado y ofrece una\u00a0recompensa de hasta 500 mil pesos por informaci\u00f3n que lleve a su captura.<\/p>\n\n\n\n<figure class=\"wp-block-embed is-type-video is-provider-youtube wp-block-embed-youtube wp-embed-aspect-16-9 wp-has-aspect-ratio\"><div class=\"wp-block-embed__wrapper\">\n<iframe title=\"Jalisco y Guanajuato pasan noche de terror | PROGRAMA COMPLETO\" width=\"500\" height=\"281\" src=\"https:\/\/www.youtube.com\/embed\/PHLmcCKMuF8?feature=oembed\" frameborder=\"0\" allow=\"accelerometer; autoplay; clipboard-write; encrypted-media; gyroscope; picture-in-picture; web-share\" referrerpolicy=\"strict-origin-when-cross-origin\" allowfullscreen><\/iframe>\n<\/div><\/figure>\n\n\n\n<p><\/p>\n\n\n\n<h2 class=\"wp-block-heading\">Sedena arruina&nbsp;c\u00f3nclave del C\u00e1rtel Jalisco Nueva Generci\u00f3n<\/h2>\n\n\n\n<p>La tarde de este lunes, la Secretar\u00eda de la Defensa Nacional &nbsp;dio a conocer que los hechos violentos registrados en&nbsp;Jalisco, y otros estados, fueron una respuesta de operadores de la banda delictiva que&nbsp;creyeron que sus l\u00edderes hab\u00edan sido arrestados, lo cual no ocurri\u00f3.<\/p>\n\n\n\n<p>\u00abS\u00ed tuvimos el conocimiento de que esa reuni\u00f3n era entre&nbsp;dos l\u00edderes de ese grupo delictivo&nbsp;que iban a realizar alguna actividad, y llegamos en el momento&nbsp;en que estaba en proceso esa reuni\u00f3n (&#8230;) se realizaron una serie de operaciones para tratar de localizarlos en el \u00e1rea y ya no fue posible\u00bb, relat\u00f3 Luis Cresencio Sandoval.<\/p>\n\n\n\n<figure class=\"wp-block-image is-style-default\"><img decoding=\"async\" src=\"https:\/\/www.radioformula.com.mx\/u\/fotografias\/m\/2022\/8\/15\/f768x1-598402_598529_15.jpg\" alt=\"\"\/><figcaption>&#8216;El Doble R&#8217;, l\u00edder del CJNG, fue ligado a narcobloqueos en Jalisco y Guanajuato. Fuente: EFE.<\/figcaption><\/figure>\n\n\n\n<p>El funcionario agreg\u00f3 en\u00a0conferencia desde Palacio Nacional que es probable que los operadores del grupo delictivo facilitaron la huida de los l\u00edderes criminales.<\/p>\n\n\n\n<figure class=\"wp-block-embed is-type-video is-provider-youtube wp-block-embed-youtube wp-embed-aspect-16-9 wp-has-aspect-ratio\"><div class=\"wp-block-embed__wrapper\">\n<iframe title=\"Violencia en Jalisco y Guanajuato fue por captura de l\u00edderes del crimen organizado\" width=\"500\" height=\"281\" src=\"https:\/\/www.youtube.com\/embed\/sM_5I3vNiBY?feature=oembed\" frameborder=\"0\" allow=\"accelerometer; autoplay; clipboard-write; encrypted-media; gyroscope; picture-in-picture; web-share\" referrerpolicy=\"strict-origin-when-cross-origin\" allowfullscreen><\/iframe>\n<\/div><\/figure>\n\n\n\n<p><\/p>\n\n\n\n<h2 class=\"wp-block-heading\">CJNG:&nbsp;\u00bfQui\u00e9n es Julio Alberto Castillo Rodr\u00edguez?<\/h2>\n\n\n\n<p><strong>Julio Alberto Castillo Rodr\u00edguez<\/strong>&nbsp;es yerno de &#8216;El Mencho&#8217; y a quien, seg\u00fan Ricardo Raphael, hab\u00eda elegido para su sucesi\u00f3n. Su esposa es&nbsp;Johanna Oseguera Gonz\u00e1lez. Informaci\u00f3n de medios se\u00f1alan que es apodado el &#8216;Ojo de vidrio&#8217;.<\/p>\n\n\n\n<p>La Oficina de Control de Activos Extranjeros (OFAC)&nbsp;del&nbsp;Departamento del Tesoro sancion\u00f3 a Castillo Rodr\u00edguez y fue se\u00f1alado por ser jefe de la red de&nbsp;operadores del c\u00e1rtel en Manzanillo.<\/p>\n\n\n\n<p>En 2016, tras su arresto, autoridades de Seguridad de M\u00e9xico lo identificaron\u00a0\u00aboperador financiero de un grupo delictivo que opera en esta entidad (Jalisco)\u00bb.<\/p>\n\n\n\n<p>Fuente: https:\/\/www.radioformula.com.mx\/nacional\/2022\/8\/15\/cisma-en-el-cjng-el-mencho-esta-moribundo-hay-pleito-por-la-sucesion-727780.html<\/p>\n","protected":false},"excerpt":{"rendered":"<p>El l\u00edder del C\u00e1rtel Jalisco Nueva Generaci\u00f3n Nemesio Oseguera, alias &#8216;El Mencho&#8217;, est\u00e1 moribundo&#8230;\u00a0y la sucesi\u00f3n por dirigir a la [&hellip;]<\/p>\n","protected":false},"author":1,"featured_media":34589,"comment_status":"open","ping_status":"open","sticky":false,"template":"","format":"standard","meta":{"site-sidebar-layout":"default","site-content-layout":"","ast-site-content-layout":"default","site-content-style":"default","site-sidebar-style":"default","ast-global-header-display":"","ast-banner-title-visibility":"","ast-main-header-display":"","ast-hfb-above-header-display":"","ast-hfb-below-header-display":"","ast-hfb-mobile-header-display":"","site-post-title":"","ast-breadcrumbs-content":"","ast-featured-img":"","footer-sml-layout":"","theme-transparent-header-meta":"","adv-header-id-meta":"","stick-header-meta":"","header-above-stick-meta":"","header-main-stick-meta":"","header-below-stick-meta":"","astra-migrate-meta-layouts":"default","ast-page-background-enabled":"default","ast-page-background-meta":{"desktop":{"background-color":"var(--ast-global-color-4)","background-image":"","background-repeat":"repeat","background-position":"center center","background-size":"auto","background-attachment":"scroll","background-type":"","background-media":"","overlay-type":"","overlay-color":"","overlay-opacity":"","overlay-gradient":""},"tablet":{"background-color":"","background-image":"","background-repeat":"repeat","background-position":"center center","background-size":"auto","background-attachment":"scroll","background-type":"","background-media":"","overlay-type":"","overlay-color":"","overlay-opacity":"","overlay-gradient":""},"mobile":{"background-color":"","background-image":"","background-repeat":"repeat","background-position":"center center","background-size":"auto","background-attachment":"scroll","background-type":"","background-media":"","overlay-type":"","overlay-color":"","overlay-opacity":"","overlay-gradient":""}},"ast-content-background-meta":{"desktop":{"background-color":"var(--ast-global-color-5)","background-image":"","background-repeat":"repeat","background-position":"center center","background-size":"auto","background-attachment":"scroll","background-type":"","background-media":"","overlay-type":"","overlay-color":"","overlay-opacity":"","overlay-gradient":""},"tablet":{"background-color":"var(--ast-global-color-5)","background-image":"","background-repeat":"repeat","background-position":"center center","background-size":"auto","background-attachment":"scroll","background-type":"","background-media":"","overlay-type":"","overlay-color":"","overlay-opacity":"","overlay-gradient":""},"mobile":{"background-color":"var(--ast-global-color-5)","background-image":"","background-repeat":"repeat","background-position":"center center","background-size":"auto","background-attachment":"scroll","background-type":"","background-media":"","overlay-type":"","overlay-color":"","overlay-opacity":"","overlay-gradient":""}},"footnotes":""},"categories":[8],"tags":[372,892,12009],"class_list":["post-34588","post","type-post","status-publish","format-standard","has-post-thumbnail","hentry","category-noticias","tag-cjng","tag-el-mencho","tag-nemesio-oseguera"],"_links":{"self":[{"href":"https:\/\/losperiodistas.com.mx\/portal\/wp-json\/wp\/v2\/posts\/34588","targetHints":{"allow":["GET"]}}],"collection":[{"href":"https:\/\/losperiodistas.com.mx\/portal\/wp-json\/wp\/v2\/posts"}],"about":[{"href":"https:\/\/losperiodistas.com.mx\/portal\/wp-json\/wp\/v2\/types\/post"}],"author":[{"embeddable":true,"href":"https:\/\/losperiodistas.com.mx\/portal\/wp-json\/wp\/v2\/users\/1"}],"replies":[{"embeddable":true,"href":"https:\/\/losperiodistas.com.mx\/portal\/wp-json\/wp\/v2\/comments?post=34588"}],"version-history":[{"count":1,"href":"https:\/\/losperiodistas.com.mx\/portal\/wp-json\/wp\/v2\/posts\/34588\/revisions"}],"predecessor-version":[{"id":34591,"href":"https:\/\/losperiodistas.com.mx\/portal\/wp-json\/wp\/v2\/posts\/34588\/revisions\/34591"}],"wp:featuredmedia":[{"embeddable":true,"href":"https:\/\/losperiodistas.com.mx\/portal\/wp-json\/wp\/v2\/media\/34589"}],"wp:attachment":[{"href":"https:\/\/losperiodistas.com.mx\/portal\/wp-json\/wp\/v2\/media?parent=34588"}],"wp:term":[{"taxonomy":"category","embeddable":true,"href":"https:\/\/losperiodistas.com.mx\/portal\/wp-json\/wp\/v2\/categories?post=34588"},{"taxonomy":"post_tag","embeddable":true,"href":"https:\/\/losperiodistas.com.mx\/portal\/wp-json\/wp\/v2\/tags?post=34588"}],"curies":[{"name":"wp","href":"https:\/\/api.w.org\/{rel}","templated":true}]}}