{"id":34570,"date":"2022-08-15T08:26:16","date_gmt":"2022-08-15T13:26:16","guid":{"rendered":"http:\/\/losperiodistas.com.mx\/portal\/?p=34570"},"modified":"2022-08-15T08:26:18","modified_gmt":"2022-08-15T13:26:18","slug":"en-el-pais-hay-gobernabilidad-y-estabilidad-afirma-amlo-la-jornada","status":"publish","type":"post","link":"https:\/\/losperiodistas.com.mx\/portal\/en-el-pais-hay-gobernabilidad-y-estabilidad-afirma-amlo-la-jornada\/","title":{"rendered":"En el pa\u00eds hay gobernabilidad y estabilidad, afirma AMLO | La Jornada"},"content":{"rendered":"\n<figure class=\"wp-block-image size-large is-style-default\"><img fetchpriority=\"high\" decoding=\"async\" width=\"1024\" height=\"682\" src=\"https:\/\/losperiodistas.com.mx\/portal\/wp-content\/uploads\/2022\/08\/image_large-3-1024x682.jpeg\" alt=\"\" class=\"wp-image-34571\" srcset=\"https:\/\/losperiodistas.com.mx\/portal\/wp-content\/uploads\/2022\/08\/image_large-3-1024x682.jpeg 1024w, https:\/\/losperiodistas.com.mx\/portal\/wp-content\/uploads\/2022\/08\/image_large-3-300x200.jpeg 300w, https:\/\/losperiodistas.com.mx\/portal\/wp-content\/uploads\/2022\/08\/image_large-3-768x512.jpeg 768w, https:\/\/losperiodistas.com.mx\/portal\/wp-content\/uploads\/2022\/08\/image_large-3.jpeg 1117w\" sizes=\"(max-width: 1024px) 100vw, 1024px\" \/><figcaption>Un veh\u00edculo fue incendiado de manera intencional en el estacionamiento de una tienda de conveniencia del poniente de Mexicali durante la noche de este s\u00e1bado.\u00a0Foto\u00a0<strong>Cuartoscuro \/ Archivo<\/strong><\/figcaption><\/figure>\n\n\n\n<p><\/p>\n\n\n\n<p class=\"has-vivid-cyan-blue-color has-text-color has-medium-font-size\">ALONSO URRUTIA \/ EMIR OLIVARES \/ LA JORNADA<\/p>\n\n\n\n<p><em>Ciudad de M\u00e9xico.<\/em>\u00a0El presidente Andr\u00e9s Manuel L\u00f3pez Obrador afirm\u00f3 que en el pa\u00eds \u00abhay gobernabilidad, hay estabilidad, pero tambi\u00e9n un inter\u00e9s de nuestros adversarios para magnificar las cosas\u00bb (los sucesos violentos registrados en varias ciudades la semana pasada). Tras descartar las cifras \u00abamarillistas\u00bb que han difundido los conservadores, afirm\u00f3 que el pasado fin de semana se registr\u00f3 uno de los niveles m\u00e1s bajos de homicidios.<\/p>\n\n\n\n<p>Durante su conferencia de prensa, se\u00f1al\u00f3 que \u00abhasta estoy pensando\u00bb en incorporar las reuniones de gabinete y conferencias de prensas ma\u00f1aneras los fines de semana para enfrentar la manipulaci\u00f3n informativa que hace el sector conservador en estos d\u00edas.<\/p>\n\n\n\n<p>Anticip\u00f3 que este mediod\u00eda, en Palacio Nacional, todos los secretarios de las dependencias que conforman el gabinete de seguridad dar\u00e1n a conocer el reporte oficial de los hechos registrados la semana pasada. Participar\u00e1n los secretarios de Gobernaci\u00f3n, Seguridad P\u00fablica, Defensa Nacional y Marina, as\u00ed como el responsable de la Guardia Nacional para detallar lo sucedido.<\/p>\n\n\n\n<p>Explic\u00f3 que este fin de semana se registraron 196 homicidios (62 el viernes; 72 el s\u00e1bado y 62 el domingo), lejos de las cifras difundidas de forma amarillista, seg\u00fan dijo.<\/p>\n\n\n\n<p>\u00abFue de los fines de semana con menos homicidios. Sin embargo, por la propaganda, la percepci\u00f3n es otra. Tiene que ver con el inter\u00e9s de quienes llevaron a cabo estas acciones. Quema de veh\u00edculos, quema de Oxxos.\u00bb<\/p>\n\n\n\n<p>Fuente: https:\/\/www.jornada.com.mx\/notas\/2022\/08\/15\/politica\/descarta-amlo-cifras-amarillistas-sobre-violencia-de-los-conservadores\/<\/p>\n","protected":false},"excerpt":{"rendered":"<p>ALONSO URRUTIA \/ EMIR OLIVARES \/ LA JORNADA Ciudad de M\u00e9xico.\u00a0El presidente Andr\u00e9s Manuel L\u00f3pez Obrador afirm\u00f3 que en el [&hellip;]<\/p>\n","protected":false},"author":1,"featured_media":34571,"comment_status":"open","ping_status":"open","sticky":false,"template":"","format":"standard","meta":{"site-sidebar-layout":"default","site-content-layout":"","ast-site-content-layout":"default","site-content-style":"default","site-sidebar-style":"default","ast-global-header-display":"","ast-banner-title-visibility":"","ast-main-header-display":"","ast-hfb-above-header-display":"","ast-hfb-below-header-display":"","ast-hfb-mobile-header-display":"","site-post-title":"","ast-breadcrumbs-content":"","ast-featured-img":"","footer-sml-layout":"","theme-transparent-header-meta":"","adv-header-id-meta":"","stick-header-meta":"","header-above-stick-meta":"","header-main-stick-meta":"","header-below-stick-meta":"","astra-migrate-meta-layouts":"default","ast-page-background-enabled":"default","ast-page-background-meta":{"desktop":{"background-color":"var(--ast-global-color-4)","background-image":"","background-repeat":"repeat","background-position":"center center","background-size":"auto","background-attachment":"scroll","background-type":"","background-media":"","overlay-type":"","overlay-color":"","overlay-opacity":"","overlay-gradient":""},"tablet":{"background-color":"","background-image":"","background-repeat":"repeat","background-position":"center center","background-size":"auto","background-attachment":"scroll","background-type":"","background-media":"","overlay-type":"","overlay-color":"","overlay-opacity":"","overlay-gradient":""},"mobile":{"background-color":"","background-image":"","background-repeat":"repeat","background-position":"center center","background-size":"auto","background-attachment":"scroll","background-type":"","background-media":"","overlay-type":"","overlay-color":"","overlay-opacity":"","overlay-gradient":""}},"ast-content-background-meta":{"desktop":{"background-color":"var(--ast-global-color-5)","background-image":"","background-repeat":"repeat","background-position":"center center","background-size":"auto","background-attachment":"scroll","background-type":"","background-media":"","overlay-type":"","overlay-color":"","overlay-opacity":"","overlay-gradient":""},"tablet":{"background-color":"var(--ast-global-color-5)","background-image":"","background-repeat":"repeat","background-position":"center center","background-size":"auto","background-attachment":"scroll","background-type":"","background-media":"","overlay-type":"","overlay-color":"","overlay-opacity":"","overlay-gradient":""},"mobile":{"background-color":"var(--ast-global-color-5)","background-image":"","background-repeat":"repeat","background-position":"center center","background-size":"auto","background-attachment":"scroll","background-type":"","background-media":"","overlay-type":"","overlay-color":"","overlay-opacity":"","overlay-gradient":""}},"footnotes":""},"categories":[8],"tags":[199,7138,936],"class_list":["post-34570","post","type-post","status-publish","format-standard","has-post-thumbnail","hentry","category-noticias","tag-amlo","tag-gobernabilidad-mexico","tag-violencia-mexico"],"_links":{"self":[{"href":"https:\/\/losperiodistas.com.mx\/portal\/wp-json\/wp\/v2\/posts\/34570","targetHints":{"allow":["GET"]}}],"collection":[{"href":"https:\/\/losperiodistas.com.mx\/portal\/wp-json\/wp\/v2\/posts"}],"about":[{"href":"https:\/\/losperiodistas.com.mx\/portal\/wp-json\/wp\/v2\/types\/post"}],"author":[{"embeddable":true,"href":"https:\/\/losperiodistas.com.mx\/portal\/wp-json\/wp\/v2\/users\/1"}],"replies":[{"embeddable":true,"href":"https:\/\/losperiodistas.com.mx\/portal\/wp-json\/wp\/v2\/comments?post=34570"}],"version-history":[{"count":1,"href":"https:\/\/losperiodistas.com.mx\/portal\/wp-json\/wp\/v2\/posts\/34570\/revisions"}],"predecessor-version":[{"id":34572,"href":"https:\/\/losperiodistas.com.mx\/portal\/wp-json\/wp\/v2\/posts\/34570\/revisions\/34572"}],"wp:featuredmedia":[{"embeddable":true,"href":"https:\/\/losperiodistas.com.mx\/portal\/wp-json\/wp\/v2\/media\/34571"}],"wp:attachment":[{"href":"https:\/\/losperiodistas.com.mx\/portal\/wp-json\/wp\/v2\/media?parent=34570"}],"wp:term":[{"taxonomy":"category","embeddable":true,"href":"https:\/\/losperiodistas.com.mx\/portal\/wp-json\/wp\/v2\/categories?post=34570"},{"taxonomy":"post_tag","embeddable":true,"href":"https:\/\/losperiodistas.com.mx\/portal\/wp-json\/wp\/v2\/tags?post=34570"}],"curies":[{"name":"wp","href":"https:\/\/api.w.org\/{rel}","templated":true}]}}