{"id":34564,"date":"2022-08-15T07:53:33","date_gmt":"2022-08-15T12:53:33","guid":{"rendered":"http:\/\/losperiodistas.com.mx\/portal\/?p=34564"},"modified":"2022-08-15T07:53:36","modified_gmt":"2022-08-15T12:53:36","slug":"entrevista-sere-gobernador-hasta-el-ultimo-dia-barbosa-oem","status":"publish","type":"post","link":"https:\/\/losperiodistas.com.mx\/portal\/entrevista-sere-gobernador-hasta-el-ultimo-dia-barbosa-oem\/","title":{"rendered":"[Entrevista] Ser\u00e9 gobernador hasta el \u00faltimo d\u00eda: Barbosa | OEM"},"content":{"rendered":"\n<h3 class=\"wp-block-heading\">El gobernador de Puebla, Miguel Barbosa, afirma que no tiene odios ni reconcores y se dice satisfecho<\/h3>\n\n\n\n<p><img decoding=\"async\" src=\"https:\/\/www.elsoldepuebla.com.mx\/local\/2m20jx-miguel-barbosa-sere-gobernador-hasta-el-ultimo-dia\/alternates\/LANDSCAPE_768\/Miguel%20Barbosa:%20ser%C3%A9%20gobernador%20hasta%20el%20%C3%BAltimo%20d%C3%ADa\" alt=\"\"><\/p>\n\n\n\n<h4 class=\"wp-block-heading\">Ser\u00e9 gobernador hasta el \u00faltimo d\u00eda: Barbosa. Foto: Iv\u00e1n Venegas | El Sol de Puebla<a href=\"https:\/\/www.elsoldepuebla.com.mx\/local\/miguel-barbosa-sere-gobernador-hasta-el-ultimo-dia-8740688.html\" target=\"_blank\" rel=\"noreferrer noopener\"><\/a><\/h4>\n\n\n\n<h2 class=\"wp-block-heading\"><a href=\"https:\/\/www.elsoldepuebla.com.mx\/local\/miguel-barbosa-sere-gobernador-hasta-el-ultimo-dia-8740688.html\"><\/a><\/h2>\n\n\n\n<p class=\"has-vivid-cyan-blue-color has-text-color has-medium-font-size\">Jorge Rodr\u00edguez y Daniel Cruz | El Sol de Puebla<\/p>\n\n\n\n<p><strong>Miguel Barbosa afirma que no alberga odios ni rencores<\/strong>&nbsp;y se asume satisfecho con el equilibrio que ha logrado en su vida, donde<strong>&nbsp;su familia ocupa un sitio de prioridad<\/strong>. A Rafael Moreno Valle lo recuerda con ambivalencia, como el personaje que pudo ser bueno, pero se perdi\u00f3 en la codicia. Y a&nbsp;<strong>los aspirantes que buscan sucederlo les recuerda dos cosas:&nbsp;<\/strong>que&nbsp;<strong>ser\u00e1 un mandatario en plenitud&nbsp;<\/strong>de funciones hasta diciembre de 2024 y que&nbsp;<strong>los mejores pol\u00edticos son aquellos que buscan estar m\u00e1s cerca del gobernador.<\/strong><\/p>\n\n\n\n<p><em>\u201cMe siento muy bien. No aspiro a m\u00e1s cosas que a estar bien con mi familia, con el ambiente que me rodea. No soy de otra forma. Nunca voy a cambiar, no necesito cambiar. Siempre he estado muy satisfecho de la forma como yo he vivido\u201d,\u00a0<\/em>subraya desde la Sala Ju\u00e1rez, un\u00a0<strong>sal\u00f3n rectangular acondicionado para las ma\u00f1aneras\u00a0<\/strong>en Casa Aguayo,<strong>\u00a0donde recibe a El Sol de Puebla.<\/strong><\/p>\n\n\n\n<p><strong>Pregunta (P): Gobernador, a cuatro a\u00f1os de distancia, \u00bfc\u00f3mo ha quedado registrada en su memoria y en sus sentimientos la elecci\u00f3n de gobernador de 2018?<\/strong><\/p>\n\n\n\n<p>El&nbsp;<strong>2018 va a recordarse en la historia pol\u00edtica de Puebl<\/strong>a como aquel a\u00f1o en que se celebr\u00f3 una elecci\u00f3n de renovaci\u00f3n de poderes p\u00fablicos en donde el abuso del poder ten\u00eda una sola orientaci\u00f3n:&nbsp;<strong>mantener la gubernatura para intereses absolutamente privados.&nbsp;<\/strong>As\u00ed yo lo veo.<\/p>\n\n\n\n<p>Soy profesional de la pol\u00edtica,&nbsp;<strong>se olvidar, porque si no vivir\u00eda yo con una profunda amargura,<\/strong>&nbsp;pero tengo presente que todo lo que ocurri\u00f3 me debe de mantener con un enorme compromiso frente a la gente.&nbsp;<strong>Fui objeto de un atropello&nbsp;<\/strong>y a cualquiera que hubiera estado en mi lugar lo hubieran atropellado.&nbsp;<strong>La diferencia es que pensaron que iba yo a agacharme, a rajarme, a echarme para atr\u00e1s, y nunca lo consiguieron.&nbsp;<\/strong>Por eso fui candidato, porque vieron en m\u00ed a la persona que nunca se iba a echar para atr\u00e1s. Entonces cuando empiezan a desarrollarse esas cosas muy, muy lamentables, las personas que pensaron que me iba a cansar, que iba a rendirme, se sorprend\u00edan. Todos los d\u00edas yo empezaba con mayor dignidad, y yo sab\u00eda que era un asunto que ya hab\u00eda llegado a sus l\u00edmites, de no poder decir \u201cni un paso atr\u00e1s\u201d.<\/p>\n\n\n\n<ul class=\"wp-block-list\"><li><strong>Te puede interesar:&nbsp;<a href=\"https:\/\/www.elsoldepuebla.com.mx\/local\/pide-barbosa-destaparse-a-los-que-quieran-la-gubernatura-en-2024-8542914.html\" target=\"_blank\" rel=\"noreferrer noopener\">Pide Barbosa &#8216;destaparse&#8217; a los que quieran la gubernatura en 2024<\/a><\/strong><\/li><\/ul>\n\n\n\n<p>As\u00ed lo recuerdo. No estoy pensando en cada hecho, no podr\u00eda yo vivir. No estoy pensando en los momentos de angustia que vivimos, de presi\u00f3n de todo tipo, la agresi\u00f3n a mi persona, a mi familia, a mis hijos, a mi esposa. No pienso en eso. Eso ser\u00eda algo muy cruel para m\u00ed y para los m\u00edos, pero me mantiene con ese compromiso.<strong>&nbsp;No odio, por cierto. Yo no odio, cr\u00e9anme, que es un asunto de formaci\u00f3n personal.<\/strong><img decoding=\"async\" src=\"https:\/\/www.elsoldepuebla.com.mx\/local\/x3siuo-el-gobernador-de-puebla-miguel-barbosa-afirma-que-no-tiene-odios-ni-reconcores-y-se-dice-satisfecho\/alternates\/FREE_720\/El%20gobernador%20de%20Puebla,%20Miguel%20Barbosa,%20afirma%20que%20no%20tiene%20odios%20ni%20reconcores%20y%20se%20dice%20satisfecho\" alt=\"\"><\/p>\n\n\n\n<h4 class=\"wp-block-heading\">El gobernador de Puebla, Miguel Barbosa, afirma que no tiene odios ni reconcores y se dice satisfecho. Foto: Iv\u00e1n Venegas | El Sol de Puebla<\/h4>\n\n\n\n<p><strong><\/strong><\/p>\n\n\n\n<p><strong>P: En el terreno personal, \u00bfc\u00f3mo recuerda a Rafael Moreno Valle, despu\u00e9s de haber sido su aliado pol\u00edtico en la elecci\u00f3n de gobernador de 2010, luego su rival, a trav\u00e9s de Martha Erika Alonso, en la elecci\u00f3n de 2018, y despu\u00e9s de conocer su muerte en un percance a\u00e9reo?<\/strong><\/p>\n\n\n\n<p>Como una persona que siempre tuvo elementos para ser mejor. Creo que<strong>\u00a0la codicia lo llev\u00f3 a ser un fen\u00f3meno que provoc\u00f3 mucho mal.\u00a0<\/strong>As\u00ed, lo digo y lo lamento, porque \u00e9l pudo ser factor de muchas cosas positivas y no lo hizo, porque su accionar p\u00fablico y privado lo encamin\u00f3 a beneficios y cre\u00f3 un escenario muy complejo para todos los poblanos.<\/p>\n\n\n\n<p>Ganarle al priismo fue el momento de la alternancia. \u00bfPor qu\u00e9 el PRD se uni\u00f3 a esa ruta? Porque era el momento de la alternancia. Hubo perredistas que se negaron a que el PRD jugara ese papel, porque estaban ligados al control de Mar\u00edn, de Zavala, de todo el priismo. Yo jugu\u00e9 el papel de la alternancia. Yo s\u00ed esperaba que Moreno Valle fuera factor de muchas cosas positivas.<\/p>\n\n\n\n<p><strong>P: En la campa\u00f1a de 2019 prometi\u00f3 que, una vez que ganara, ser\u00eda el gobernador de la reconciliaci\u00f3n. D\u00edganos a qu\u00e9 se refer\u00eda espec\u00edficamente y si ha podido lograr ese compromiso en estos tres a\u00f1os.<\/strong><\/p>\n\n\n\n<p>Yo entiendo la reconciliaci\u00f3n con el acercamiento con la gente y me he acercado a la gente y soy un gobernador muy cercano con la gente.&nbsp;<strong>Si la reconciliaci\u00f3n la entendieron algunos como no investigar las conductas de personas que han violado la ley, se equivocan.<\/strong>&nbsp;No, eso se llama mantener la impunidad y los privilegios. Esa es la reconciliaci\u00f3n en la que yo creo.&nbsp;<strong>\u00bfC\u00f3mo voy a reconciliar a la sociedad y a la ley con Eukid Casta\u00f1\u00f3n?<\/strong>&nbsp;\u00a1Por favor! Ah\u00ed est\u00e1 el ejemplo. \u00bfC\u00f3mo? Y ah\u00ed te puedo mencionar a varios angelitos de lo peor. \u00bfQu\u00e9 pensaban?<\/p>\n\n\n\n<p>Que \u201cel gober rencoroso\u201d, me vale madre que me digan eso. Yo no le tengo rencor a nadie, cr\u00e9anme.<strong>&nbsp;Estoy muy satisfecho en la vida.<\/strong>&nbsp;Tengo una familia que respalda mi vida. Me siento muy bien. No aspiro a m\u00e1s cosas que a estar bien con mi familia, con el ambiente que me rodea. No soy de otra forma. Nunca voy a cambiar, no necesito cambiar. Siempre he estado muy satisfecho de la forma como yo he vivido. He mantenido un equilibrio en mi vida que me ha permitido andar bien.<\/p>\n\n\n\n<p><strong>P: Un sector con el que no ha habido reconciliaci\u00f3n es con el de los empresarios que dirigen las c\u00e1maras empresariales\u2026<\/strong><\/p>\n\n\n\n<p>Son los gerentes, los mayordomos (interviene el gobernador antes de que termine la pregunta).<\/p>\n\n\n\n<p><strong>P:&nbsp;<\/strong><strong>\u00bfPor qu\u00e9 no hay una buena relaci\u00f3n con ellos?<\/strong><\/p>\n\n\n\n<p>Porque ellos son de esas personas que quieren influir en decisiones de la vida p\u00fablica sin comprometerse en nada.<\/p>\n\n\n\n<p><strong>P:&nbsp;<\/strong><strong>\u00bfQu\u00e9 es \u201csin comprometerse en nada\u201d?<\/strong><\/p>\n\n\n\n<p>Nunca contribuyen en nada.<\/p>\n\n\n\n<p><strong>P:&nbsp;<\/strong><strong>Ellos dicen que con sus impuestos s\u00ed contribuyen.<\/strong><\/p>\n\n\n\n<p>No, ni pagan impuestos. Los que hemos revisado, a los que se les ha revisado, se les han encontrado faltantes fiscales.<\/p>\n\n\n\n<ul class=\"wp-block-list\"><li><strong>Seguir leyendo:&nbsp;<a href=\"https:\/\/www.elsoldepuebla.com.mx\/local\/rechaza-barbosa-tener-conflictos-personales-con-ignacio-mier-8580788.html\" target=\"_blank\" rel=\"noreferrer noopener\">Rechaza Barbosa tener &#8216;conflictos personales&#8217; con Ignacio Mier<\/a><\/strong><\/li><\/ul>\n\n\n\n<p><strong>P:&nbsp;<\/strong><strong>\u00bfPor qu\u00e9 no los exhibe?<\/strong><\/p>\n\n\n\n<p>S\u00ed, est\u00e1n exhibidos, no puedo yo hacer publicaci\u00f3n de eso, pero hay investigaciones. Mira,&nbsp;<strong>Puebla es un lugar en donde hay que diferenciar a los empresarios&nbsp;<\/strong>y para eso creamos nosotros los llamados clusters. Olivia Salom\u00f3n (secretaria de Econom\u00eda) lleva una estrategia de agrupamiento de empresarios muy eficiente. Los clusters son agrupados por sectores econ\u00f3micos y por origen del capital. Hay m\u00e1s de mil 250 empresas de capital extranjero en Puebla. Son empleadores de verdad.<\/p>\n\n\n\n<p>Yo nunca me niego a hablar con los empresarios y siempre estar\u00e9 dispuesto a escucharlos y resolver cosas que est\u00e9n a mi alcance en t\u00e9rminos de ley. Pero a ver,<strong>&nbsp;si te refieres t\u00fa a la Coparmex y al Consejo Coordinador Empresarial, son empresarios que tienen una actividad econ\u00f3mica circular.<\/strong>&nbsp;Siempre es alrededor de ellos y<strong>&nbsp;nunca hacen una derrama econ\u00f3mica para beneficio social.&nbsp;<\/strong>Se los he demostrado.<\/p>\n\n\n\n<p>Un d\u00eda yo cenaba, cuando era gobernador electo (junio-julio 2019), con el entonces l\u00edder de los empresarios del Consejo Coordinador Empresarial (el gobernador omite el nombre a prop\u00f3sito, pero el presidente del organismo en esa fecha era Carlos Montiel Solana) y me preguntaba que cu\u00e1ndo le iba yo a juntar a todos los integrantes de mi gobierno para una reuni\u00f3n con los miembros del CCE, y le dije<em>&nbsp;\u201cnunca como gobierno, como un gobierno que va a tomar posesi\u00f3n, y cuando estemos en funciones, cada vez que haya necesidad de que ustedes hablen con \u00e1reas de gobierno, espec\u00edficas, con mucho gusto\u201d<\/em>. \u201cMira\u201d, le dije, \u201custedes no mandan y ni van a mandar\u201d. \u201c<em>En pol\u00edtica se dice que a los empresarios siempre hay que darles atenciones muy especiales porque no te hacen ganar (una elecci\u00f3n), pero s\u00ed te pueden hacer perder, y a ustedes no les dio para hacerlo\u201d.&nbsp;<\/em>As\u00ed se lo dije.<\/p>\n\n\n\n<p>Yo creo que s\u00ed esperaban que yo fuera alguien en el que pudieran influir, pero lo que nos provoc\u00f3 un distanciamiento fue la lucha contra el covid. Recuerda su posici\u00f3n de ellos cuando vino el cierre y sus protestas (&#8230;) Eso hizo que tuvi\u00e9ramos posiciones diferentes. Y a ver, fui a la Coparmex y me recomendaron no ir. Dije, \u201cs\u00ed, s\u00ed voy\u201d. \u201cLe van a gritar\u201d, me dijeron. Y fui. Y que me gritan. \u00bfQu\u00e9 ganaron?, \u00bfqu\u00e9 consiguieron? No pasa nada. No influyen, pues.<img decoding=\"async\" src=\"https:\/\/www.elsoldepuebla.com.mx\/local\/5akzj1-miguel-barbosa-recibe-a-el-sol-de-puebla-en-casa-aguayo\/alternates\/FREE_720\/Miguel%20Barbosa%20recibe%20a%20El%20Sol%20de%20Puebla%20en%20Casa%20Aguayo\" alt=\"\"><\/p>\n\n\n\n<h4 class=\"wp-block-heading\">Miguel Barbosa recibe a El Sol de Puebla en Casa Aguayo. Foto: Iv\u00e1n Venegas | El Sol de Puebla<\/h4>\n\n\n\n<p><strong>P:&nbsp;<\/strong><strong>En un mes van a renovar presidencia en el CCE, entonces, \u00bfusted ah\u00ed no se mete? \u00bfTiene candidato ah\u00ed?<\/strong><\/p>\n\n\n\n<p>En lo absoluto, soy muy mal padrino para ese cargo.&nbsp;<strong>Que ni me vengan a pedir, a besar el anillo del padrino (porque) puede ser el anillo del diablo.<\/strong>&nbsp;Yo no voy a opinar. \u00bfC\u00f3mo se dice?: \u201cme resulta sin embargo\u201d.<\/p>\n\n\n\n<p><strong>P:&nbsp;<\/strong><strong>Gobernador, las condiciones de su arribo a la gubernatura, un a\u00f1o despu\u00e9s de lo que marcaba originalmente el calendario electoral, han acelerado los tiempos de la sucesi\u00f3n. \u00bfLe ha incomodado que algunos aspirantes comenzaran a moverse antes de tiempo?<\/strong><\/p>\n\n\n\n<p>Mira, primero te describo el papel pol\u00edtico que yo tengo:<strong>&nbsp;soy el gobernador en plenitud de funciones, en plenitud \u00a1eh! por el tiempo que lo sea, es decir, hasta el 13 de diciembre de 2024.&nbsp;<\/strong>Despu\u00e9s de ese d\u00eda yo no har\u00e9 pol\u00edtica, yo no declarar\u00e9 en Puebla. Yo mantendr\u00e9 una posici\u00f3n de alejamiento institucional del poder p\u00fablico y por tanto mi plazo tiene vencimiento. El plazo de los pol\u00edticos tiene vencimiento. Es por el tiempo que fueron electos. Solo eso. En esa medida, el que venga a sustituirme, que se la gane.<\/p>\n\n\n\n<p>Hab\u00eda solo dos hombres caminando por el territorio poblano por parte de Morena, dos legisladores, y entonces estim\u00e9 que muchos estaban contenidos sin mencionar sus aspiraciones porque yo no hablaba de eso. Por eso dije&nbsp;<em>\u201cya es el momento para que quien quiera aspirar lo exprese y se conduzca en t\u00e9rminos de ley\u201d.&nbsp;<\/em>\u00bfQu\u00e9 cambi\u00f3? Apenas se va a ver. Bueno, ya ves, hasta el PAN, PRI y PRD ya tienen a su mejor candidato: Javier Lozano. Todos tienen que empezar a tener su rejuego pol\u00edtico.<\/p>\n\n\n\n<p><strong>P:&nbsp;<\/strong><strong>\u00bfCree que los personajes a quienes invit\u00f3 usted el 4 de julio a hacer p\u00fablicas sus aspiraciones tengan tiempo para construir una candidatura o precandidatura exitosa?<\/strong><\/p>\n\n\n\n<p>No lo s\u00e9, realmente no lo s\u00e9, pero yo no veo que la pol\u00edtica se resuelva solamente con posiciones de aceptaci\u00f3n social. Hay muchos factores. Los negativos tambi\u00e9n determinan el \u00e9xito de una posible candidatura o no.<strong>&nbsp;Y la capital del estado no le gana al resto del estado.&nbsp;<\/strong>Y que se vea tambi\u00e9n que en la capital del estado las fuerzas pol\u00edticas est\u00e1n muy equilibradas.<strong>&nbsp;Porque quien diga que porque la capital la gan\u00f3 el PAN (en 2021) otra vez va a ganar la capital y el estado, se equivoca.&nbsp;<\/strong>Acu\u00e9rdate que en Puebla hay siete distritos locales, Morena gan\u00f3 cuatro y perdi\u00f3 un quinto por cincuenta y tantos votos. \u00bfPor qu\u00e9 no gan\u00f3 Morena la capital?, pues por la candidata. Y en el tema del interior del estado es un aplast\u00f3n el que puede poner Morena.<\/p>\n\n\n\n<p><strong>P:&nbsp;<\/strong><strong>Perm\u00edtame la expresi\u00f3n, \u00bfa cu\u00e1l de sus corcholatas le ve madera de candidato?<\/strong><\/p>\n\n\n\n<p>No tengo corcholatas ni puedo ponerme a favor de nadie.&nbsp;<strong>Al \u00fanico pol\u00edtico que le da para poder tener corcholatas es al Presidente.<\/strong>&nbsp;\u00bfQui\u00e9n puede jactarse de que puede abrir un escenario acotado, con nombres? Nadie. No nos equivoquemos.<\/p>\n\n\n\n<p><strong>P:&nbsp;<\/strong><strong>\u00bfQu\u00e9 opini\u00f3n le merecen las aspiraciones de Alejandro Armenta e Ignacio Mier?<\/strong><\/p>\n\n\n\n<p>Pues&nbsp;<strong>ellos est\u00e1n jugando con sus cargos de legisladores destacados en la c\u00e1mara de diputados y c\u00e1mara de senadores,&nbsp;<\/strong>para conseguir la candidatura. Son sus fortalezas. Tienen que resolver muchas cosas para ser candidatos y se va a ver. Nada m\u00e1s te quiero decir una cosa: nadie gana solo, todos ganan con un acompa\u00f1amiento general. Aunque seas senador, seas diputado federal o diputado local, o seas presidente del Congreso, o miembro de un gobierno, nadie gana solo.<\/p>\n\n\n\n<p><strong>P:&nbsp;<\/strong><strong>Bueno, el senador cree que puede porque lleva muchos a\u00f1os recorriendo el estado y el diputado federal porque es amigo del Presidente.<\/strong><\/p>\n\n\n\n<p>Eso no se resuelve as\u00ed. O sea, t\u00fa tienes un apoyo social y pol\u00edtico no solamente porque te conocen, porque eso puede ser muy riesgoso.&nbsp;<strong>Todos tenemos una historia, de la cual dif\u00edcilmente nos despegamos.<\/strong>&nbsp;El diputado Mier est\u00e1 haciendo su esfuerzo muy leg\u00edtimo, con poca claridad, pero ah\u00ed est\u00e1 caminando.<\/p>\n\n\n\n<p><strong>P:&nbsp;<\/strong><strong>\u00bfEs amigo del presidente?<\/strong><\/p>\n\n\n\n<p>No lo s\u00e9, nunca los he visto juntos\u2026 jugar canicas (bromea el gobernador).<\/p>\n\n\n\n<ul class=\"wp-block-list\"><li><strong>Te recomendamos:&nbsp;<a href=\"https:\/\/www.elsoldepuebla.com.mx\/local\/alfonso-esparza-exrector-buap-es-investigado-por-la-fiscalia-de-puebla-barbosa-8695915.html\" target=\"_blank\" rel=\"noreferrer noopener\">Alfonso Esparza, exrector BUAP, es investigado por la Fiscal\u00eda de Puebla: Barbosa<\/a><\/strong><\/li><\/ul>\n\n\n\n<p><strong>P:&nbsp;<\/strong><strong>En 2019 tuvo diferencias con el senador, cuando ambos compitieron por la candidatura, \u00bfese episodio ha quedado superado?<\/strong><\/p>\n\n\n\n<p><strong>No entendi\u00f3 el senador el momento que se viv\u00eda, nom\u00e1s as\u00ed te lo digo.&nbsp;<\/strong>Y yo ya no estoy compitiendo con nadie, menos con quienes compitieron conmigo por la candidatura. Hoy soy el gobernador. \u00bfC\u00f3mo me voy a quedar as\u00ed, compitiendo pol\u00edticamente? Si los pol\u00edticos fueran m\u00e1s pol\u00edticos, estar\u00edan m\u00e1s cerca del gobernador, para que cuidara a todos. \u00bfPara qu\u00e9 no est\u00e1n tan cerca? As\u00ed le dejan al gobernador la libertad de no cuidar a todos.<\/p>\n\n\n\n<p><strong>P:&nbsp;<\/strong><strong>Con Ignacio Mier ha tenido desencuentros, \u00bfqu\u00e9 har\u00e1 como gobernador emanado de Morena si \u00e9l resulta candidato?<\/strong><\/p>\n\n\n\n<p>Apoyar al candidato de Morena, claro que s\u00ed, no tengo dudas. Si me dijeran entre Ignacio Mier y Javier Lozano, pues me quedo con Ignacio Mier. Ya lo dije, Ignacio Mier s\u00ed le gana a Javier Lozano.<\/p>\n\n\n\n<p><strong>P:&nbsp;<\/strong><strong>\u00bfY Eduardo Rivera le gana a Ignacio Mier?<\/strong><\/p>\n\n\n\n<p>No lo s\u00e9.<\/p>\n\n\n\n<p><strong>P:&nbsp;<\/strong><strong>\u00bfCualquiera de Morena le gana a Javier Lozano?<\/strong><\/p>\n\n\n\n<p>S\u00ed, claro, hasta Ignacio Mier.<\/p>\n\n\n\n<p><strong>P:&nbsp;<\/strong><strong>Gobernador, \u00bfpondr\u00e1 usted dirigente en Morena, ahora que se ha hecho de dos terceras partes del consejo estatal en ese partido?<\/strong><\/p>\n\n\n\n<p>No, no, no. No hay necesidad de que yo me meta. A ver, cr\u00e9anme en algo, yo vengo de estar en la vida interna de partidos pol\u00edticos por m\u00e1s de una d\u00e9cada. Yo no tengo inter\u00e9s en volver a vivir eso.&nbsp;<strong>No tengo inter\u00e9s en ser factor de decisi\u00f3n en la vida interna de Morena. No me vean tan peque\u00f1o en mi proyecci\u00f3n pol\u00edtica<\/strong>. Seguramente habr\u00e1 un acuerdo de estas expresiones regionales que se dieron el d\u00eda de la elecci\u00f3n de consejeros de Morena. Si me vienen a consultar, voy a decir \u201cno tengo opini\u00f3n\u201d.<\/p>\n\n\n\n<p><strong>P:&nbsp;<\/strong><strong>Si le vienen a preguntar qu\u00e9 opina de Agust\u00edn Guerrero Castillo, \u00bfqu\u00e9 dir\u00e1 usted?<\/strong><\/p>\n\n\n\n<p>Yo dir\u00e9 que tiene que ser un poblano y \u00e9l no es de Puebla.<\/p>\n\n\n\n<p><strong>P:&nbsp;<\/strong><strong>\u00bfYa lo descarta usted entonces?<\/strong><\/p>\n\n\n\n<p>Bueno, yo no, esa solo ser\u00e1 mi opini\u00f3n, pero \u00e9l s\u00ed tiene toda la experiencia para jugar un papel importante en los \u00f3rganos de direcci\u00f3n.<\/p>\n\n\n\n<p><strong>P:&nbsp;<\/strong><strong>En ocasiones se ha rumorado que Eduardo Rivera P\u00e9rez podr\u00eda ser el verdadero candidato a gobernador de Miguel Barbosa, \u00bfes as\u00ed?<\/strong><\/p>\n\n\n\n<p>Nooo.&nbsp;<strong>Mi candidato ser\u00e1 el que elija Morena y yo no creo que a Eduardo lo elija Morena<\/strong>, el Yunque no est\u00e1 con Morena. No se confundan.<\/p>\n\n\n\n<p>Miguel Barbosa ofrece una entrevista a El Sol de Puebla con motivo de sus primeros tres a\u00f1os de administraci\u00f3n, l\u00ednea de tiempo que lo ubica tambi\u00e9n a dos a\u00f1os y cuatro meses del final.<\/p>\n\n\n\n<p>En temas de gobierno, el mandatario abunda, entre otros asuntos, sobre dos hechos recientes en materia de seguridad p\u00fablica que consternaron a la opini\u00f3n p\u00fablica. Uno de ellos es el sangriento tiroteo a manos de varios uniformados de la Polic\u00eda Estatal, que tuvo lugar en Zoquitl\u00e1n hace dos meses y que acab\u00f3 con la vida de tres integrantes de la agrupaci\u00f3n Unidos Por Coyomeapan.<\/p>\n\n\n\n<p>Otro es el desmantelamiento de la estancia privada que fue destinada para cumplir los gustos y deseos de los presos m\u00e1s exclusivos del Cereso de San Miguel, y en la cual se obtuvieron lucrativas ganancias para autoridades, el hoy conocido \u201cPueblito\u201d.<\/p>\n\n\n\n<p><strong>P:&nbsp;<\/strong><strong>Gobernador, con lo que sabemos hasta ahora sobre Coyomeapan, \u00bfpuede decir que el actuar policial fue vergonzoso?<\/strong><\/p>\n\n\n\n<p>Nosotros hacemos lo que la ley nos obliga. S\u00ed, es un asunto de evidente abuso de autoridad de servidores p\u00fablicos, (pero) s un tema pol\u00edtico,&nbsp;<strong>no es un tema como se ha planteado de exterminio a pueblos ind\u00edgenas<\/strong>. No, no lo es (&#8230;) De 20 \u00f3rdenes de aprehensi\u00f3n en contra de todos los polic\u00edas que estuvieron all\u00e1, hay 10 \u00f3rdenes ejecutadas.<\/p>\n\n\n\n<p>Una vez acreditado el uso excesivo de la fuerza, esta casa editorial le cuestiona si el Estado poblano se disculpar\u00e1 con las v\u00edctimas y sus familias \u2013tal como ha hecho el Gobierno de M\u00e9xico en eventos id\u00e9nticos\u2013 a lo que responde que, por ahora, la demanda social es la reparaci\u00f3n de los da\u00f1os y el esclarecimiento de los hechos.<\/p>\n\n\n\n<p>Sin despegar la mirada de este equipo period\u00edstico, apunta qu<strong>e su administraci\u00f3n le apuesta por ahora al enjuiciamiento de los responsables y la liberaci\u00f3n de activistas presos,&nbsp;<\/strong>tal fue el caso de Basilisa Monta\u00f1o Guti\u00e9rrez, quien asegura, estuvo encarcelada a ra\u00edz de la crisis pol\u00edtica que ata\u00f1e a la regi\u00f3n.<\/p>\n\n\n\n<p><em>\u201cUno: la liberaci\u00f3n de personas que por hechos diferentes, pero por el mismo conflicto, estaban detenidas (&#8230;) dos: hay un proceso ya en curso de reparaci\u00f3n del da\u00f1o a lesionados y personas que perdieron la vida; tres: la investigaci\u00f3n profunda. Vamos a estar del lado de la verdad. Caiga quien caiga, as\u00ed te lo digo\u201d,<\/em>&nbsp;menciona.<\/p>\n\n\n\n<p>Aunado a ello, subraya que la b\u00fasqueda de paz en la zona es un cometido que todav\u00eda no se logra debido al contexto adverso, pues evoca que el gobierno local no es bien recibido por todos:&nbsp;<em>\u201cEsa pacificaci\u00f3n tiene tintes pol\u00edticos y \u00bfcu\u00e1les son los tintes pol\u00edticos? Es la autoridad municipal que gobierna, eso es todo. Estamos en buena ruta, yo me estoy encargando personalmente de seguir el caso\u201d.<\/em><\/p>\n\n\n\n<p>Una de esas disputas es el ruego de pobladores, quienes acusan que&nbsp;<strong>el \u2018monopolio pol\u00edtico\u2019 de Zoquitl\u00e1n es cobijado por la familia de los Celestino.&nbsp;<\/strong>Particularmente, el presidente municipal, Rodolfo Garc\u00eda L\u00f3pez, es se\u00f1alado por nepotismo y corrupci\u00f3n, pues est\u00e1 casado con Araceli Celestino, exalcaldesa y hermana del exedil David Celestino, quienes han estado en el poder por m\u00e1s de tres trienios consecutivos.<img decoding=\"async\" src=\"https:\/\/www.elsoldepuebla.com.mx\/local\/2m20jx-miguel-barbosa-sere-gobernador-hasta-el-ultimo-dia\/alternates\/FREE_720\/Miguel%20Barbosa:%20ser%C3%A9%20gobernador%20hasta%20el%20%C3%BAltimo%20d%C3%ADa\" alt=\"\"><\/p>\n\n\n\n<h4 class=\"wp-block-heading\">Ser\u00e9 gobernador hasta el \u00faltimo d\u00eda: Barbosa. Foto: Iv\u00e1n Venegas | El Sol de Puebla<\/h4>\n\n\n\n<p><strong>P:&nbsp;<\/strong><strong>Tomando en cuenta este suceso, \u00bfcu\u00e1les son los retos que existen para asegurar la gobernabilidad y seguridad en cada rinc\u00f3n del estado?<\/strong><\/p>\n\n\n\n<p>No estamos en situaci\u00f3n f\u00e1cil en cuanto a ejercicio de gobierno se refiere, en ninguna parte del pa\u00eds, no lo estamos, pero Puebla tiene mejores condiciones que las que hay en otras partes del pa\u00eds. Aqu\u00ed no hay ninguna zona del estado que tenga condiciones de ingobernabilidad o que est\u00e9 controlada por grupos delincuenciales.<\/p>\n\n\n\n<p><strong>P:&nbsp;<\/strong><strong>\u00bfQu\u00e9 representa para el Estado el surgimiento de grupos que buscan responsabilizarse del cuidado de la gente, tal como sucedi\u00f3 en la Mixteca?<\/strong><\/p>\n\n\n\n<p>Un gobierno siempre tiene que ser tolerante y tiene que escuchar, tiene que dialogar y de ah\u00ed tiene que haber muchas cosas. En la Mixteca los llamados autodefensas, que&nbsp;<strong>son grupos armados, son eso, grupos armados y tenemos datos de muchas cosas que no deben ocurrir.&nbsp;<\/strong>No hay que ponernos siempre del lado del reclamo social. No. Hay que investigar, y a ver, hay mucha raz\u00f3n de que la gente requiera mayor justicia, mayor atenci\u00f3n, mejor gobierno, siempre, pero hay situaciones que deben de ser vistas desde el inter\u00e9s com\u00fan.<\/p>\n\n\n\n<p>Tambi\u00e9n en temas de protecci\u00f3n ciudadana, llega el momento de preguntar al titular del Ejecutivo sobre si hay demandas contra los extitulares de la Secretar\u00eda de Seguridad P\u00fablica (SSP), esto despu\u00e9s de que recientemente denunci\u00f3 que todos los que ocuparon ese cargo, antes de Daniel Iv\u00e1n Cruz Luna, lo enga\u00f1aron y permitieron el funcionamiento del Pueblito del Cereso de San Miguel.<\/p>\n\n\n\n<p>Sin dudarlo un solo segundo, refiere que no s\u00f3lo sus tres primeros secretarios \u2013Miguel Idelfonso Am\u00e9zaga Ram\u00edrez, Raciel L\u00f3pez Salazar y Rogelio L\u00f3pez Maya\u2013, sino que todos los que estuvieron desde el gobierno de Mario Mar\u00edn Torres ya fueron denunciados.<\/p>\n\n\n\n<p><strong>P:&nbsp;<\/strong><strong>\u00bfC\u00f3mo se enter\u00f3 del enga\u00f1o de sus exsecretarios?<\/strong><\/p>\n\n\n\n<p>\u00a1No bueno, sab\u00edan todos! No es c\u00f3mo me enter\u00e9, la existencia de edificaciones para crear \u00e1reas de privilegio all\u00e1 en San Miguel. Cuando llegu\u00e9,<strong>&nbsp;di instrucciones de que se destruyera ese lugar y cuando me dijeron que ya lo hab\u00edan hecho, no era cierto. Volv\u00ed a dar la instrucci\u00f3n y lo mismo ocurri\u00f3, con tres secretarios.<\/strong>&nbsp;Este cuarto secretario, de un gran perfil y honestidad, cumpli\u00f3 la instrucci\u00f3n (&#8230;) destruy\u00f3 todas esas \u00e1reas de privilegio.<\/p>\n\n\n\n<p>El Sol de Puebla propone hablar sobre las demandas ciudadanas y de especialistas para ampliar el alcance de la Red Urbana de Transporte Articulado (RUTA).<\/p>\n\n\n\n<p>Respecto al primer asunto, el mandatario asegura con cierta molestia que las empresas contratadas por sus antecesores para operar las rutas:&nbsp;<strong>Sistema de Transporte Metropolitano de Puebla S.A. de C.V. (l\u00ednea 1) y Tatpa Transportes, S.A. de C.V, filial de Mobility ADO (l\u00edneas 2 y 3), exigieron condiciones desfavorables para el erario;&nbsp;<\/strong>sin embargo, denuncia que \u00e9stas fueron aceptadas al amparo de los exgobernadores panistas, Rafael Moreno Valle y Antonio Gali Fayad.<\/p>\n\n\n\n<p><strong>P:&nbsp;<\/strong><strong>\u00bfA cu\u00e1nto ascienden las p\u00e9rdidas econ\u00f3micas del RUTA? \u00bfCu\u00e1les son las caracter\u00edsticas m\u00e1s dr\u00e1sticas y desfavorables de los contratos?<\/strong><\/p>\n\n\n\n<p>Las concesiones de RUTA, que son tres (&#8230;) fueron otorgadas con muchos beneficios para los concesionarios y con una elaboraci\u00f3n tan t\u00e9cnicamente compleja, que hacen casi imposible un pleito legal con ellos: tribunales internacionales, arbitrajes, formas de garant\u00eda de su pago, y por lo cual hemos estado pasando litigios abiertos (&#8230;) Esa es la forma en c\u00f3mo se organiz\u00f3 el transporte p\u00fablico articulado.<\/p>\n\n\n\n<p>Muchos casos no debieron haberse suscrito, as\u00ed se lo he dicho, por lo menos, a un concesionario que tiene dos rutas. Le dije que si yo hubiera sido el gobernador que estuvo cuando se otorg\u00f3 la concesi\u00f3n, no hubiera yo suscrito la misma, as\u00ed se los dije. Se crearon condiciones leoninas para el Estado (&#8230;) El que recauda se apropiaba de la mayor parte del dinero (&#8230;) Y bueno, el tema de la publicidad fue terrible para nosotros. Todo estaba controlado para comprometer la publicidad para fines pol\u00edticos a favor del PAN en concreto. No pod\u00edamos ni siquiera anunciar nuestros eventos.<\/p>\n\n\n\n<p><strong>P:&nbsp;<\/strong><strong>\u00bfQu\u00e9 posibilidades hay de que Puebla tenga una nueva l\u00ednea del sistema troncal de RUTA?<\/strong><\/p>\n\n\n\n<p>El asunto es la deuda que se queda para los gobiernos siguientes. Toda forma de camiones articulados deja deudas porque son obligaciones de pago. Hay gente pidi\u00e9ndome que entregue yo una concesi\u00f3n de transporte articulado en el Perif\u00e9rico y \u00bfqu\u00e9 significa eso? Deuda para el cliente, miles de millones de pesos. Al empresario que un gobierno le entrega esta concesi\u00f3n, lo hace m\u00e1s rico de lo que ya puede ser.<\/p>\n\n\n\n<p>En el&nbsp;<strong>Perif\u00e9rico&nbsp;<\/strong>yo lo he dicho muchas veces, (tenemos) que recuperarlo como una v\u00eda r\u00e1pida de la ciudad de Puebla, de la mancha urbana; entonces,<strong>&nbsp;tiene que circular el transporte p\u00fablico por abajo y de ida y vuelta<\/strong>, como es en la Ciudad de M\u00e9xico. Estamos terminando el proyecto ejecutivo, va a ser muy costoso. Es lo que tiene que hacerse y no pensar en un transporte articulado, porque es deuda para los gobiernos y yo no voy a dejar ninguna deuda.<\/p>\n\n\n\n<p>As\u00ed, tras descartar una nueva ruta de metrob\u00fas, mejor conocida como BRT (Bus Rapid Transit, por sus siglas en ingl\u00e9s),&nbsp;<strong>el mandatario revela que, por otro lado, alista un novedoso sistema de troleb\u00fas, similar al de la capital del pa\u00eds<\/strong>. Esta idea surge puesto que el gobierno federal no ha dise\u00f1ado ning\u00fan otro medio de transporte para Puebla. Inclusive, remarca que a la entidad le vendr\u00eda bien un tren subterr\u00e1neo.<\/p>\n\n\n\n<p><em>\u201cYo tengo un equipo de la Secretar\u00eda de Movilidad y Transporte (SMT) estudiando el tema del troleb\u00fas. Nadie puede pensar en metro, no hay fondos p\u00fablicos para pensar en metro, no los hay, pero eso deber\u00eda de ser, deber\u00eda de ser una inversi\u00f3n p\u00fablica federal con capital privado por cierto. Estamos nosotros estudiando el tema del troleb\u00fas para Puebla (&#8230;) Es un dise\u00f1o de rutas que se est\u00e1 construyendo para poderlo ofertar en una concesi\u00f3n de inversi\u00f3n p\u00fablica y de capital privado\u201d,&nbsp;<\/em>expone.<\/p>\n\n\n\n<p>Otro de los designios m\u00e1s anhelados del gobernador es la intervenci\u00f3n del Aeropuerto Internacional de Puebla, sin embargo, tal como reitera a menudo, la Federaci\u00f3n impulsa escasamente los proyectos locales. Por ello, reconoce que la reducci\u00f3n fiscal ha sido desfavorable para la entidad, pues los ahorros poco se materializan en infraestructura para el estado.<\/p>\n\n\n\n<p><strong>P:&nbsp;<\/strong><strong>\u00bfVale la pena quitarle dinero a los municipios para financiar proyectos federales como es el caso de la Refiner\u00eda Dos Bocas o el Tren Maya?<\/strong><\/p>\n\n\n\n<p>Primero te dir\u00e9 que el estado recibe los recursos p\u00fablicos que, de acuerdo a las f\u00f3rmulas del sistema de coordinaci\u00f3n fiscal, le corresponden al estado, s\u00f3lo eso, no ha recibido otra cantidad \u00bfde acuerdo? (&#8230;) Pero en Puebla estamos bien. Tenemos una econom\u00eda sana, tenemos inversi\u00f3n p\u00fablica con recursos del estado (&#8230;) No he recibido apoyos distintos a los que le corresponden al estado, claro que lo digo (&#8230;) Ah\u00ed falta que la Federaci\u00f3n me apruebe los polos de desarrollo (transexenal): el Aeropuerto, Ciudad Modelo, Barrios Originarios y Cola de Lagarto.<\/p>\n\n\n\n<p><strong>P:&nbsp;<\/strong><strong>A prop\u00f3sito del aeropuerto, \u00bfva a esperarse a que llegue la inversi\u00f3n federal?<\/strong><\/p>\n\n\n\n<p>Mira, si no llega, va a llegar cuando yo ya no est\u00e9.<\/p>\n\n\n\n<p><strong>P:&nbsp;<\/strong><strong>\u00bfPero va a dejar un plan?<\/strong><\/p>\n\n\n\n<p>Nosotros ya entregamos todo. Est\u00e1 anclado el proyecto y es muy probable que lo resolvamos con inversi\u00f3n privada.<\/p>\n\n\n\n<p><strong>P:&nbsp;<\/strong><strong>\u00bfVe a la Federaci\u00f3n interesada?<\/strong><\/p>\n\n\n\n<p>S\u00ed. Ellos me han dicho que s\u00ed.<\/p>\n\n\n\n<p><strong>P:&nbsp;<\/strong><strong>\u00bfQu\u00e9 falta entonces?<\/strong><\/p>\n\n\n\n<p>El palomeo, la puesta en marcha.<\/p>\n\n\n\n<p><strong>P:&nbsp;<\/strong><strong>\u00bfY qui\u00e9n lo tiene que dar?<\/strong><\/p>\n\n\n\n<p>Pues yo creo que el propio presidente de la Rep\u00fablica. Yo les ofrec\u00ed mil millones de inversi\u00f3n para hacer la pista de rodamiento, por ejemplo. Mi gobierno nunca se achica, siempre le pone. Siempre que me dicen de la Federaci\u00f3n que requieren que el gobierno estatal le ponga esto (sic), \u201cS\u00ed presidente\u201d. Yo le tengo mucha admiraci\u00f3n y respeto al presidente. \u201cOye Miguel, hazte cargo de este puentecito que me est\u00e1n pidiendo ac\u00e1\u201d, \u201cS\u00ed, presidente\u201d.<\/p>\n\n\n\n<p>Una herm\u00e9tica reuni\u00f3n tuvo lugar el pasado 11 de abril en Palacio Nacional. Con acceso restringido \u00fanicamente a las y los gobernadores del pa\u00eds. El anfitri\u00f3n invit\u00f3 a los asistentes a \u201centregar\u201d sus respectivos sistemas de salud estatales a IMSS-Bienestar, con el objetivo de unificar los servicios a nivel nacional.<\/p>\n\n\n\n<p><strong>P:&nbsp;<\/strong><strong>Un d\u00eda fue a la Ciudad de M\u00e9xico, lleg\u00f3 y nos dijo que le hab\u00edan propuesto unificar los servicios de salubridad estatales con IMSS-Bienestar, pero, \u00bfqui\u00e9n le dijo esto, fue el propio presidente o fue idea de Zo\u00e9 Robledo?<\/strong><\/p>\n\n\n\n<p>A ver, el presidente de la Rep\u00fablica le plante\u00f3 a los 31 mandatarios y jefa de Gobierno (de la Ciudad de M\u00e9xico) un plan para poder salvar a los sistemas de salud desde IMSS-Bienestar, pero nos dijo que era voluntario.<\/p>\n\n\n\n<p>Yo ya he hecho todas mis proyecciones y no le conviene a Puebla. Voy a defender al sistema de salud del estado diciendo que no, y estoy seguro que me van a entender. Es enorme nuestro sistema de salud. Nosotros funcionamos mejor que el IMSS, pero por mucho. En Puebla somos 6 millones y medio de habitantes y el 70 por ciento de la poblaci\u00f3n la atiende el estado, y el 30 por ciento la atiende el IMSS (&#8230;) Yo ya les dije que no.<\/p>\n\n\n\n<p><strong>P:&nbsp;<\/strong><strong>\u00bfEs definitivo, no lo va a entregar?<\/strong><\/p>\n\n\n\n<p>No. No lo voy a entregar y tienen que asumir lo que se dijo, que era voluntario. A ver, yo dejo de ser gobernador en dos a\u00f1os cuatro meses y cuando salga no quiero explicar que Puebla ya no tiene sistema de salud propio (&#8230;) Bueno, al rato entrego la seguridad p\u00fablica, despu\u00e9s del sistema de salud, y voy a expedir actas de defunci\u00f3n, \u00bfno es as\u00ed? \u00d3dienme, pero cr\u00e9anme que yo defiendo la dignidad de mi estado.<\/p>\n\n\n\n<p>Fuente: https:\/\/www.elsoldepuebla.com.mx\/local\/miguel-barbosa-sere-gobernador-hasta-el-ultimo-dia-8740688.html<\/p>\n\n\n\n<p><\/p>\n","protected":false},"excerpt":{"rendered":"<p>El gobernador de Puebla, Miguel Barbosa, afirma que no tiene odios ni reconcores y se dice satisfecho Ser\u00e9 gobernador hasta [&hellip;]<\/p>\n","protected":false},"author":1,"featured_media":34565,"comment_status":"open","ping_status":"open","sticky":false,"template":"","format":"standard","meta":{"site-sidebar-layout":"default","site-content-layout":"","ast-site-content-layout":"default","site-content-style":"default","site-sidebar-style":"default","ast-global-header-display":"","ast-banner-title-visibility":"","ast-main-header-display":"","ast-hfb-above-header-display":"","ast-hfb-below-header-display":"","ast-hfb-mobile-header-display":"","site-post-title":"","ast-breadcrumbs-content":"","ast-featured-img":"","footer-sml-layout":"","theme-transparent-header-meta":"","adv-header-id-meta":"","stick-header-meta":"","header-above-stick-meta":"","header-main-stick-meta":"","header-below-stick-meta":"","astra-migrate-meta-layouts":"default","ast-page-background-enabled":"default","ast-page-background-meta":{"desktop":{"background-color":"var(--ast-global-color-4)","background-image":"","background-repeat":"repeat","background-position":"center center","background-size":"auto","background-attachment":"scroll","background-type":"","background-media":"","overlay-type":"","overlay-color":"","overlay-opacity":"","overlay-gradient":""},"tablet":{"background-color":"","background-image":"","background-repeat":"repeat","background-position":"center center","background-size":"auto","background-attachment":"scroll","background-type":"","background-media":"","overlay-type":"","overlay-color":"","overlay-opacity":"","overlay-gradient":""},"mobile":{"background-color":"","background-image":"","background-repeat":"repeat","background-position":"center center","background-size":"auto","background-attachment":"scroll","background-type":"","background-media":"","overlay-type":"","overlay-color":"","overlay-opacity":"","overlay-gradient":""}},"ast-content-background-meta":{"desktop":{"background-color":"var(--ast-global-color-5)","background-image":"","background-repeat":"repeat","background-position":"center center","background-size":"auto","background-attachment":"scroll","background-type":"","background-media":"","overlay-type":"","overlay-color":"","overlay-opacity":"","overlay-gradient":""},"tablet":{"background-color":"var(--ast-global-color-5)","background-image":"","background-repeat":"repeat","background-position":"center center","background-size":"auto","background-attachment":"scroll","background-type":"","background-media":"","overlay-type":"","overlay-color":"","overlay-opacity":"","overlay-gradient":""},"mobile":{"background-color":"var(--ast-global-color-5)","background-image":"","background-repeat":"repeat","background-position":"center center","background-size":"auto","background-attachment":"scroll","background-type":"","background-media":"","overlay-type":"","overlay-color":"","overlay-opacity":"","overlay-gradient":""}},"footnotes":""},"categories":[8],"tags":[12007,3873,73],"class_list":["post-34564","post","type-post","status-publish","format-standard","has-post-thumbnail","hentry","category-noticias","tag-elecciones-puebla-20224","tag-ignacio-mier","tag-miguel-barbosa"],"_links":{"self":[{"href":"https:\/\/losperiodistas.com.mx\/portal\/wp-json\/wp\/v2\/posts\/34564","targetHints":{"allow":["GET"]}}],"collection":[{"href":"https:\/\/losperiodistas.com.mx\/portal\/wp-json\/wp\/v2\/posts"}],"about":[{"href":"https:\/\/losperiodistas.com.mx\/portal\/wp-json\/wp\/v2\/types\/post"}],"author":[{"embeddable":true,"href":"https:\/\/losperiodistas.com.mx\/portal\/wp-json\/wp\/v2\/users\/1"}],"replies":[{"embeddable":true,"href":"https:\/\/losperiodistas.com.mx\/portal\/wp-json\/wp\/v2\/comments?post=34564"}],"version-history":[{"count":1,"href":"https:\/\/losperiodistas.com.mx\/portal\/wp-json\/wp\/v2\/posts\/34564\/revisions"}],"predecessor-version":[{"id":34566,"href":"https:\/\/losperiodistas.com.mx\/portal\/wp-json\/wp\/v2\/posts\/34564\/revisions\/34566"}],"wp:featuredmedia":[{"embeddable":true,"href":"https:\/\/losperiodistas.com.mx\/portal\/wp-json\/wp\/v2\/media\/34565"}],"wp:attachment":[{"href":"https:\/\/losperiodistas.com.mx\/portal\/wp-json\/wp\/v2\/media?parent=34564"}],"wp:term":[{"taxonomy":"category","embeddable":true,"href":"https:\/\/losperiodistas.com.mx\/portal\/wp-json\/wp\/v2\/categories?post=34564"},{"taxonomy":"post_tag","embeddable":true,"href":"https:\/\/losperiodistas.com.mx\/portal\/wp-json\/wp\/v2\/tags?post=34564"}],"curies":[{"name":"wp","href":"https:\/\/api.w.org\/{rel}","templated":true}]}}