{"id":34561,"date":"2022-08-15T07:38:17","date_gmt":"2022-08-15T12:38:17","guid":{"rendered":"http:\/\/losperiodistas.com.mx\/portal\/?p=34561"},"modified":"2022-08-15T07:38:19","modified_gmt":"2022-08-15T12:38:19","slug":"francisco-en-el-angelus-maria-canta-la-esperanza-y-reaviva-en-nosotros-la-esperanza-vatican-news","status":"publish","type":"post","link":"https:\/\/losperiodistas.com.mx\/portal\/francisco-en-el-angelus-maria-canta-la-esperanza-y-reaviva-en-nosotros-la-esperanza-vatican-news\/","title":{"rendered":"Francisco en el \u00c1ngelus: \u201cMar\u00eda canta la esperanza y reaviva en nosotros la esperanza\u00bb | Vatican News"},"content":{"rendered":"\n<p>En la Solemnidad de la Asunci\u00f3n de la Bienaventurada Virgen Mar\u00eda, este lunes 15 de agosto, el Santo Padre presidi\u00f3 la oraci\u00f3n del \u00c1ngelus desde la ventana de su estudio en el Palacio Apost\u00f3lico Vaticano.<\/p>\n\n\n\n<p><\/p>\n\n\n\n<figure class=\"wp-block-embed is-type-video is-provider-youtube wp-block-embed-youtube wp-embed-aspect-16-9 wp-has-aspect-ratio\"><div class=\"wp-block-embed__wrapper\">\n<iframe title=\"\u00c1ngelus 15 de agosto de 2022 Papa Francisco\" width=\"500\" height=\"281\" src=\"https:\/\/www.youtube.com\/embed\/senUNiikd-M?feature=oembed\" frameborder=\"0\" allow=\"accelerometer; autoplay; clipboard-write; encrypted-media; gyroscope; picture-in-picture; web-share\" referrerpolicy=\"strict-origin-when-cross-origin\" allowfullscreen><\/iframe>\n<\/div><\/figure>\n\n\n\n<p><\/p>\n\n\n\n<p class=\"has-vivid-cyan-blue-color has-text-color has-medium-font-size\"><strong>Sebasti\u00e1n Sans\u00f3n Ferrari \u2013 Ciudad del Vaticano<\/strong> \/ Vatican News<\/p>\n\n\n\n<p>\u201cBendita eres entre las mujeres y bendito es el fruto de tu vientre\u201d: este vers\u00edculo del Evangelio de San Lucas, que narra el di\u00e1logo entre Mar\u00eda y su prima Isabel, articula la reflexi\u00f3n del Papa antes de orar el \u00c1ngelus este lunes 15 de agosto. En la Solemnidad de la Asunci\u00f3n y ante una Plaza de San Pedro repleta de fieles y peregrinos de todo el mundo, el Pont\u00edfice recuerda que estas palabras, \u201cllenas de fe, alegr\u00eda y asombro, se han convertido en parte del avemar\u00eda\u201d.<\/p>\n\n\n\n<p>\u201cCada vez que rezamos esta oraci\u00f3n, tan hermosa y conocida, hacemos como Isabel: saludamos a Mar\u00eda y la bendecimos, porque ella nos trae a Jes\u00fas\u201d, a\u00f1ade Francisco.<\/p>\n\n\n\n<h2 class=\"wp-block-heading\"><strong>\u201cEl canto de la esperanza\u201d<\/strong><\/h2>\n\n\n\n<p>Mar\u00eda acoge la bendici\u00f3n de Isabel y responde regal\u00e1ndonos el&nbsp;<em><a href=\"https:\/\/www.vaticannews.va\/es\/oraciones\/magnificat.html\">Magnificat<\/a><\/em>, explica el Obispo de Roma, para quien este se puede considerar \u00abel canto de la esperanza\u00bb.<\/p>\n\n\n\n<blockquote class=\"wp-block-quote is-layout-flow wp-block-quote-is-layout-flow\"><p>\u201cEs un himno de alabanza y exultaci\u00f3n por las grandes cosas que el Se\u00f1or ha realizado en ella, pero Mar\u00eda va m\u00e1s all\u00e1: contempla la obra de Dios a lo largo de la historia de su pueblo\u201d<\/p><\/blockquote>\n\n\n\n<p>\u00abDice, por ejemplo, contin\u00faa el Sucesor de Pedro, que el Se\u00f1or &#8216;derrib\u00f3 del trono a los poderosos, enalteci\u00f3 a los humildes, colm\u00f3 de bienes a los hambrientos y despidi\u00f3 a los ricos con las manos vac\u00edas'\u00bb (vv. 52-53).<\/p>\n\n\n\n<blockquote class=\"wp-block-quote is-layout-flow wp-block-quote-is-layout-flow\"><p>\u201cAl escuchar estas palabras, podr\u00edamos preguntarnos: \u00bfno estar\u00e1 exagerando la Virgen, describiendo un mundo que no existe? De hecho, aquello que dice no parece corresponder a la realidad; mientras ella habla, los poderosos no han sido derrocados: el temible Herodes, por ejemplo, se mantiene firme en su trono. Y los pobres y hambrientos tambi\u00e9n lo siguen siendo, mientras los ricos siguen prosperando.\u201d<\/p><\/blockquote>\n\n\n\n<h2 class=\"wp-block-heading\">La Virgen anuncia un cambio radical y profetiza<\/h2>\n\n\n\n<p>En su reflexi\u00f3n, el Papa se detiene en el sentido del c\u00e1ntico de Mar\u00eda y considera: \u00abNo busca hacer una cr\u00f3nica del tiempo, sino decirnos algo mucho m\u00e1s importante: que Dios, a trav\u00e9s de ella, ha inaugurado un punto de inflexi\u00f3n en la historia, ha establecido definitivamente un nuevo orden de las cosas. Ella, peque\u00f1a y humilde, ha sido elevada y -lo celebramos hoy- llevada a la gloria del Cielo, mientras que los poderosos del mundo est\u00e1n destinados a quedarse con las manos vac\u00edas\u00bb.<\/p>\n\n\n\n<blockquote class=\"wp-block-quote is-layout-flow wp-block-quote-is-layout-flow\"><p>\u201cLa Virgen, en otras palabras, anuncia un cambio radical, una inversi\u00f3n de valores. Al hablar con Isabel, mientras lleva a Jes\u00fas en su vientre, anticipa lo que dir\u00e1 su Hijo, cuando proclame bienaventurados a los pobres y a los humildes y haga una advertencia a los ricos y a los que conf\u00edan en su propia autosuficiencia. La Virgen, por tanto, profetiza: profetiza que no son el poder, el \u00e9xito y el dinero, los que prevalecen, sino el servicio, la humildad y el amor. Mir\u00e1ndola en la gloria, comprendemos que el verdadero poder es el servicio y que reinar significa amar. Y que este es el camino al Cielo.\u201d<\/p><\/blockquote>\n\n\n\n<h2 class=\"wp-block-heading\"><strong>\u00bfEsta inversi\u00f3n prof\u00e9tica anunciada por Mar\u00eda toca mi vida?<\/strong><\/h2>\n\n\n\n<p>Francisco propone algunas preguntas: \u00ab\u00bfCreo que amar es reinar y que servir es poder? \u00bfQue la meta de mi vida es el cielo, el para\u00edso? \u00bfO solo me preocupan las cosas terrenales y materiales?\u00bb. \u00abEs m\u00e1s, al observar los acontecimientos del mundo, \u00bfme dejo atrapar por el pesimismo o, como la Virgen, soy capaz de distinguir la obra de Dios que, a trav\u00e9s de la mansedumbre y la peque\u00f1ez, realiza grandes cosas?\u00bb, a\u00f1ade.&nbsp;<\/p>\n\n\n\n<p>El Santo Padre enfatiza que \u00abElla es la primera creatura que, con todos su ser, en cuerpo y alma, atraviesa victoriosa la meta del Cielo\u00bb. \u00abElla nos muestra que el Cielo est\u00e1 al alcance de la mano, si tambi\u00e9n nosotros no cedemos al pecado, alabamos a Dios con humildad y servimos a los dem\u00e1s con generosidad. Ella, nuestra Madre, nos lleva de la mano, nos acompa\u00f1a a la gloria, nos invita a alegrarnos pensando en el para\u00edso. Bendigamos a Mar\u00eda con nuestra oraci\u00f3n y pid\u00e1mosle una mirada prof\u00e9tica, capaz de vislumbrar el Cielo en la tierra\u00bb, concluye el Pont\u00edfice.<\/p>\n\n\n\n<figure class=\"wp-block-image is-style-default\"><img decoding=\"async\" src=\"https:\/\/www.vaticannews.va\/content\/dam\/vaticannews\/agenzie\/images\/srv\/2022\/08\/15\/2022-08-15-angelus\/1660557757074.JPG\/_jcr_content\/renditions\/cq5dam.thumbnail.cropped.750.422.jpeg\" alt=\"Miles de fieles y peregrinos escucharon las palabras del Papa en la solemnidad de la Asunci\u00f3n. (Vatican Media)\"\/><\/figure>\n\n\n\n<p>Miles de fieles y peregrinos escucharon las palabras del Papa en la solemnidad de la Asunci\u00f3n. (Vatican Media)<\/p>\n\n\n\n<h2 class=\"wp-block-heading\">Sobre la solemnidad<\/h2>\n\n\n\n<p><a href=\"https:\/\/www.vaticannews.va\/es\/fiestas-liturgicas\/asuncion-de-la-santisima-virgen-maria-.html\">La solemnidad de la Asunci\u00f3n de la Sant\u00edsima Virgen Mar\u00eda<\/a>&nbsp;fue fijada en el 15 de agosto ya en el siglo V, con el sentido de \u00abNacimiento al Cielo\u00bb o, en la tradici\u00f3n bizantina, \u00abDormici\u00f3n\u00bb de Nuestra Se\u00f1ora.&nbsp;En Roma, la fiesta se celebra desde mediados del siglo VII, pero hubo que esperar hasta el 1\u00ba de noviembre de 1950, con P\u00edo XII, para que se proclamara el dogma dedicado a Mar\u00eda asunta al cielo en cuerpo y alma.<\/p>\n\n\n\n<h2 class=\"wp-block-heading\">El dogma definido por P\u00edo XII<\/h2>\n\n\n\n<p>\u00abDespu\u00e9s de elevar a Dios repetidas s\u00faplicas y de haber invocado la luz del Esp\u00edritu de Verdad, para la gloria de Dios Todopoderoso que otorg\u00f3 a la Virgen Mar\u00eda Su especial benevolencia en honor de Su Hijo, Rey Inmortal de los siglos y vencedor del pecado y de la muerte, para mayor gloria de su augusta madre y para alegr\u00eda y regocijo de toda la Iglesia, con la autoridad de nuestro Se\u00f1or Jesucristo, de los santos ap\u00f3stoles Pedro y Pablo y con la nuestra, pronunciamos, declaramos y definimos como dogma revelado por Dios que: la inmaculada Madre de Dios, la siempre virgen Mar\u00eda, habiendo completado el curso de la vida terrena, fue asumida en cuerpo y alma a la gloria celestial\u201d (P\u00edo XII,&nbsp;<em><a href=\"https:\/\/www.vatican.va\/content\/pius-xii\/it\/apost_constitutions\/documents\/hf_p-xii_apc_19501101_munificentissimus-deus.html\">Munificentissimus Deus<\/a>,<\/em>&nbsp;1 de noviembre de 1950).<\/p>\n","protected":false},"excerpt":{"rendered":"<p>En la Solemnidad de la Asunci\u00f3n de la Bienaventurada Virgen Mar\u00eda, este lunes 15 de agosto, el Santo Padre presidi\u00f3 [&hellip;]<\/p>\n","protected":false},"author":1,"featured_media":34562,"comment_status":"open","ping_status":"open","sticky":false,"template":"","format":"standard","meta":{"site-sidebar-layout":"default","site-content-layout":"","ast-site-content-layout":"default","site-content-style":"default","site-sidebar-style":"default","ast-global-header-display":"","ast-banner-title-visibility":"","ast-main-header-display":"","ast-hfb-above-header-display":"","ast-hfb-below-header-display":"","ast-hfb-mobile-header-display":"","site-post-title":"","ast-breadcrumbs-content":"","ast-featured-img":"","footer-sml-layout":"","theme-transparent-header-meta":"","adv-header-id-meta":"","stick-header-meta":"","header-above-stick-meta":"","header-main-stick-meta":"","header-below-stick-meta":"","astra-migrate-meta-layouts":"default","ast-page-background-enabled":"default","ast-page-background-meta":{"desktop":{"background-color":"var(--ast-global-color-4)","background-image":"","background-repeat":"repeat","background-position":"center center","background-size":"auto","background-attachment":"scroll","background-type":"","background-media":"","overlay-type":"","overlay-color":"","overlay-opacity":"","overlay-gradient":""},"tablet":{"background-color":"","background-image":"","background-repeat":"repeat","background-position":"center center","background-size":"auto","background-attachment":"scroll","background-type":"","background-media":"","overlay-type":"","overlay-color":"","overlay-opacity":"","overlay-gradient":""},"mobile":{"background-color":"","background-image":"","background-repeat":"repeat","background-position":"center center","background-size":"auto","background-attachment":"scroll","background-type":"","background-media":"","overlay-type":"","overlay-color":"","overlay-opacity":"","overlay-gradient":""}},"ast-content-background-meta":{"desktop":{"background-color":"var(--ast-global-color-5)","background-image":"","background-repeat":"repeat","background-position":"center center","background-size":"auto","background-attachment":"scroll","background-type":"","background-media":"","overlay-type":"","overlay-color":"","overlay-opacity":"","overlay-gradient":""},"tablet":{"background-color":"var(--ast-global-color-5)","background-image":"","background-repeat":"repeat","background-position":"center center","background-size":"auto","background-attachment":"scroll","background-type":"","background-media":"","overlay-type":"","overlay-color":"","overlay-opacity":"","overlay-gradient":""},"mobile":{"background-color":"var(--ast-global-color-5)","background-image":"","background-repeat":"repeat","background-position":"center center","background-size":"auto","background-attachment":"scroll","background-type":"","background-media":"","overlay-type":"","overlay-color":"","overlay-opacity":"","overlay-gradient":""}},"footnotes":""},"categories":[8],"tags":[3827,12006,196],"class_list":["post-34561","post","type-post","status-publish","format-standard","has-post-thumbnail","hentry","category-noticias","tag-angelus-2","tag-asuncion-de-la-virgen-maria","tag-papa-francisco"],"_links":{"self":[{"href":"https:\/\/losperiodistas.com.mx\/portal\/wp-json\/wp\/v2\/posts\/34561","targetHints":{"allow":["GET"]}}],"collection":[{"href":"https:\/\/losperiodistas.com.mx\/portal\/wp-json\/wp\/v2\/posts"}],"about":[{"href":"https:\/\/losperiodistas.com.mx\/portal\/wp-json\/wp\/v2\/types\/post"}],"author":[{"embeddable":true,"href":"https:\/\/losperiodistas.com.mx\/portal\/wp-json\/wp\/v2\/users\/1"}],"replies":[{"embeddable":true,"href":"https:\/\/losperiodistas.com.mx\/portal\/wp-json\/wp\/v2\/comments?post=34561"}],"version-history":[{"count":1,"href":"https:\/\/losperiodistas.com.mx\/portal\/wp-json\/wp\/v2\/posts\/34561\/revisions"}],"predecessor-version":[{"id":34563,"href":"https:\/\/losperiodistas.com.mx\/portal\/wp-json\/wp\/v2\/posts\/34561\/revisions\/34563"}],"wp:featuredmedia":[{"embeddable":true,"href":"https:\/\/losperiodistas.com.mx\/portal\/wp-json\/wp\/v2\/media\/34562"}],"wp:attachment":[{"href":"https:\/\/losperiodistas.com.mx\/portal\/wp-json\/wp\/v2\/media?parent=34561"}],"wp:term":[{"taxonomy":"category","embeddable":true,"href":"https:\/\/losperiodistas.com.mx\/portal\/wp-json\/wp\/v2\/categories?post=34561"},{"taxonomy":"post_tag","embeddable":true,"href":"https:\/\/losperiodistas.com.mx\/portal\/wp-json\/wp\/v2\/tags?post=34561"}],"curies":[{"name":"wp","href":"https:\/\/api.w.org\/{rel}","templated":true}]}}