{"id":34551,"date":"2022-08-15T06:39:42","date_gmt":"2022-08-15T11:39:42","guid":{"rendered":"http:\/\/losperiodistas.com.mx\/portal\/?p=34551"},"modified":"2022-08-15T06:39:44","modified_gmt":"2022-08-15T11:39:44","slug":"sabias-que-la-capilla-sixtina-fue-consagrada-a-nuestra-senora-de-la-asuncion-aci","status":"publish","type":"post","link":"https:\/\/losperiodistas.com.mx\/portal\/sabias-que-la-capilla-sixtina-fue-consagrada-a-nuestra-senora-de-la-asuncion-aci\/","title":{"rendered":"\u00bfSab\u00edas que la Capilla Sixtina fue consagrada a Nuestra Se\u00f1ora de la Asunci\u00f3n?\u00a0| ACI"},"content":{"rendered":"\n<p><\/p>\n\n\n\n<figure class=\"wp-block-image size-full is-style-default\"><img fetchpriority=\"high\" decoding=\"async\" width=\"900\" height=\"500\" src=\"https:\/\/losperiodistas.com.mx\/portal\/wp-content\/uploads\/2022\/08\/CapillaSixtina_PetrikBohumil_ACIPrensa.jpg\" alt=\"\" class=\"wp-image-34552\" srcset=\"https:\/\/losperiodistas.com.mx\/portal\/wp-content\/uploads\/2022\/08\/CapillaSixtina_PetrikBohumil_ACIPrensa.jpg 900w, https:\/\/losperiodistas.com.mx\/portal\/wp-content\/uploads\/2022\/08\/CapillaSixtina_PetrikBohumil_ACIPrensa-300x167.jpg 300w, https:\/\/losperiodistas.com.mx\/portal\/wp-content\/uploads\/2022\/08\/CapillaSixtina_PetrikBohumil_ACIPrensa-768x427.jpg 768w\" sizes=\"(max-width: 900px) 100vw, 900px\" \/><figcaption>La Capilla Sixtina (Foto Petrik Bohumil \/ ACI Prensa)<\/figcaption><\/figure>\n\n\n\n<p class=\"has-vivid-cyan-blue-color has-text-color has-medium-font-size\">REDACCI\u00d3N ACI PRENSA<\/p>\n\n\n\n<p>El 15 de agosto de 1483, el Papa Sixto IV consagr\u00f3 la Capilla Sixtina a Nuestra Se\u00f1ora de la Asunci\u00f3n. Hoy, Solemnidad de la Asunci\u00f3n de Mar\u00eda, recordamos algunos datos importantes de esta hist\u00f3rica capilla.<\/p>\n\n\n\n<p>Es una de las<strong>&nbsp;atracciones tur\u00edsticas m\u00e1s populares de la Ciudad del Vaticano<\/strong>, conocida por sus magn\u00edficos techos con frescos, pero tambi\u00e9n cumple una importante funci\u00f3n como lugar donde se re\u00fanen los cardenales para elegir al nuevo Papa.<\/p>\n\n\n\n<h2 class=\"wp-block-heading\">1. \u00bfDe d\u00f3nde procede el nombre de la capilla?<\/h2>\n\n\n\n<p>La capilla debe su nombre al hombre que la consagr\u00f3:<strong>&nbsp;El Papa Sixto IV, que fue Pont\u00edfice Romano de 1471 a 1484<\/strong>. \u00c9l encarg\u00f3 la restauraci\u00f3n de la&nbsp;<em>Cappella Magna<\/em>, la capilla que estaba donde hoy se encuentra la Capilla Sixtina.&nbsp;<\/p>\n\n\n\n<h2 class=\"wp-block-heading\">2. \u00bfQui\u00e9n pint\u00f3 los frescos?<\/h2>\n\n\n\n<p>El artista m\u00e1s famoso relacionado con la Capilla Sixtina e<strong>s Miguel \u00c1ngel de Lodovico Buonarroti Simoni.&nbsp;<\/strong>Sin embargo, no fue hasta varios a\u00f1os despu\u00e9s de que un equipo de artistas comenzara a trabajar en la capilla, cuando el Papa Julio II encarg\u00f3 trabajos a Miguel \u00c1ngel.&nbsp;<\/p>\n\n\n\n<p>Entre 1481 y 1482, cuatro artistas, Pietro Perugino, Sandro Botticelli, Domenico Ghirlandaio y Cosimo Rosselli, trabajaron en los frescos de la capilla. Estos artistas contaron con la ayuda de sus talleres para pintar las paredes con falsos pa\u00f1os, las Historias de Mois\u00e9s y de Cristo, as\u00ed como los retratos de los papas.&nbsp;<\/p>\n\n\n\n<p>Miguel \u00c1ngel pint\u00f3 el techo de la capilla y quiz\u00e1 el fresco m\u00e1s famoso de la capilla sea su \u00abCreaci\u00f3n de Ad\u00e1n\u00bb, que representa a Dios en forma de hombre, rodeado de \u00e1ngeles y envuelto en un manto, tendiendo la mano hacia Ad\u00e1n, mientras \u00e9ste la devuelve a Dios.&nbsp;<\/p>\n\n\n\n<h2 class=\"wp-block-heading\">3. Miguel \u00c1ngel contaba una historia<\/h2>\n\n\n\n<p>La \u00abCreaci\u00f3n de Ad\u00e1n\u00bb, aunque es el punto central del techo, forma parte de nueve frescos que representan diferentes historias del libro del G\u00e9nesis. Las historias est\u00e1n separadas en grupos de tres.<\/p>\n\n\n\n<h2 class=\"wp-block-heading\">4. El Papa Juan Pablo II, la Capilla Sixtina y la Teolog\u00eda del Cuerpo<\/h2>\n\n\n\n<p>Al entrar en la Capilla Sixtina, uno puede sorprenderse al ver las numerosas figuras desnudas en los frescos. Durante la misa celebrada en la Capilla Sixtina el 8 de abril de 1994, el Papa Juan Pablo II calific\u00f3 la capilla de \u00absantuario de la teolog\u00eda del cuerpo humano\u00bb.<\/p>\n\n\n\n<p>San Juan Pablo II dijo en su homil\u00eda: \u00abParece que Miguel \u00c1ngel, a su manera, se dej\u00f3 guiar por las sugestivas palabras del Libro del G\u00e9nesis que, en lo que respecta a la creaci\u00f3n del ser humano, hombre y mujer, revela<strong>: &#8216;El hombre y su mujer estaban desnudos, pero no sent\u00edan verg\u00fcenza'\u00bb.&nbsp;<\/strong><\/p>\n\n\n\n<p>\u00abLa Capilla Sixtina es precisamente -si se puede decir as\u00ed- el santuario de la teolog\u00eda del cuerpo humano\u00bb, a\u00f1adi\u00f3. \u00abAl testimoniar la belleza del hombre creado por Dios como var\u00f3n y mujer, expresa tambi\u00e9n, en cierto modo, la esperanza de un mundo transfigurado, el mundo inaugurado por Cristo resucitado, e incluso antes por Cristo en el Monte Tabor\u201d.<\/p>\n\n\n\n<h2 class=\"wp-block-heading\">5. Se puede hacer una visita virtual a la Capilla Sixtina.&nbsp;<\/h2>\n\n\n\n<p>Es posible visitar la Capilla Sixtina sin salir de casa. La p\u00e1gina web de los Museos Vaticanos permite pasearse virtualmente por la capilla y acercarse a los detalles de cada fresco.&nbsp;<\/p>\n\n\n\n<p><em>Traducido y adaptado por Almudena Mart\u00ednez-Bordi\u00fa. Publicado originalmente en\u00a0<a href=\"https:\/\/www.catholicnewsagency.com\/news\/252036\/the-sistine-chapel-was-consecrated-to-our-lady-of-the-assumption-5-things-to-know\">CNA<\/a><\/em><\/p>\n\n\n\n<p>Fuente: https:\/\/www.aciprensa.com\/noticias\/sabias-que-la-capilla-sixtina-fue-consagrada-a-nuestra-senora-de-la-asuncion-31968<\/p>\n","protected":false},"excerpt":{"rendered":"<p>REDACCI\u00d3N ACI PRENSA El 15 de agosto de 1483, el Papa Sixto IV consagr\u00f3 la Capilla Sixtina a Nuestra Se\u00f1ora [&hellip;]<\/p>\n","protected":false},"author":1,"featured_media":34552,"comment_status":"open","ping_status":"open","sticky":false,"template":"","format":"standard","meta":{"site-sidebar-layout":"default","site-content-layout":"","ast-site-content-layout":"default","site-content-style":"default","site-sidebar-style":"default","ast-global-header-display":"","ast-banner-title-visibility":"","ast-main-header-display":"","ast-hfb-above-header-display":"","ast-hfb-below-header-display":"","ast-hfb-mobile-header-display":"","site-post-title":"","ast-breadcrumbs-content":"","ast-featured-img":"","footer-sml-layout":"","theme-transparent-header-meta":"","adv-header-id-meta":"","stick-header-meta":"","header-above-stick-meta":"","header-main-stick-meta":"","header-below-stick-meta":"","astra-migrate-meta-layouts":"default","ast-page-background-enabled":"default","ast-page-background-meta":{"desktop":{"background-color":"var(--ast-global-color-4)","background-image":"","background-repeat":"repeat","background-position":"center center","background-size":"auto","background-attachment":"scroll","background-type":"","background-media":"","overlay-type":"","overlay-color":"","overlay-opacity":"","overlay-gradient":""},"tablet":{"background-color":"","background-image":"","background-repeat":"repeat","background-position":"center center","background-size":"auto","background-attachment":"scroll","background-type":"","background-media":"","overlay-type":"","overlay-color":"","overlay-opacity":"","overlay-gradient":""},"mobile":{"background-color":"","background-image":"","background-repeat":"repeat","background-position":"center center","background-size":"auto","background-attachment":"scroll","background-type":"","background-media":"","overlay-type":"","overlay-color":"","overlay-opacity":"","overlay-gradient":""}},"ast-content-background-meta":{"desktop":{"background-color":"var(--ast-global-color-5)","background-image":"","background-repeat":"repeat","background-position":"center center","background-size":"auto","background-attachment":"scroll","background-type":"","background-media":"","overlay-type":"","overlay-color":"","overlay-opacity":"","overlay-gradient":""},"tablet":{"background-color":"var(--ast-global-color-5)","background-image":"","background-repeat":"repeat","background-position":"center center","background-size":"auto","background-attachment":"scroll","background-type":"","background-media":"","overlay-type":"","overlay-color":"","overlay-opacity":"","overlay-gradient":""},"mobile":{"background-color":"var(--ast-global-color-5)","background-image":"","background-repeat":"repeat","background-position":"center center","background-size":"auto","background-attachment":"scroll","background-type":"","background-media":"","overlay-type":"","overlay-color":"","overlay-opacity":"","overlay-gradient":""}},"footnotes":""},"categories":[8],"tags":[5178,12002],"class_list":["post-34551","post","type-post","status-publish","format-standard","has-post-thumbnail","hentry","category-noticias","tag-capilla-sixtina","tag-nuestra-senora-de-la-asuncion"],"_links":{"self":[{"href":"https:\/\/losperiodistas.com.mx\/portal\/wp-json\/wp\/v2\/posts\/34551","targetHints":{"allow":["GET"]}}],"collection":[{"href":"https:\/\/losperiodistas.com.mx\/portal\/wp-json\/wp\/v2\/posts"}],"about":[{"href":"https:\/\/losperiodistas.com.mx\/portal\/wp-json\/wp\/v2\/types\/post"}],"author":[{"embeddable":true,"href":"https:\/\/losperiodistas.com.mx\/portal\/wp-json\/wp\/v2\/users\/1"}],"replies":[{"embeddable":true,"href":"https:\/\/losperiodistas.com.mx\/portal\/wp-json\/wp\/v2\/comments?post=34551"}],"version-history":[{"count":1,"href":"https:\/\/losperiodistas.com.mx\/portal\/wp-json\/wp\/v2\/posts\/34551\/revisions"}],"predecessor-version":[{"id":34553,"href":"https:\/\/losperiodistas.com.mx\/portal\/wp-json\/wp\/v2\/posts\/34551\/revisions\/34553"}],"wp:featuredmedia":[{"embeddable":true,"href":"https:\/\/losperiodistas.com.mx\/portal\/wp-json\/wp\/v2\/media\/34552"}],"wp:attachment":[{"href":"https:\/\/losperiodistas.com.mx\/portal\/wp-json\/wp\/v2\/media?parent=34551"}],"wp:term":[{"taxonomy":"category","embeddable":true,"href":"https:\/\/losperiodistas.com.mx\/portal\/wp-json\/wp\/v2\/categories?post=34551"},{"taxonomy":"post_tag","embeddable":true,"href":"https:\/\/losperiodistas.com.mx\/portal\/wp-json\/wp\/v2\/tags?post=34551"}],"curies":[{"name":"wp","href":"https:\/\/api.w.org\/{rel}","templated":true}]}}