{"id":34545,"date":"2022-08-15T06:34:04","date_gmt":"2022-08-15T11:34:04","guid":{"rendered":"http:\/\/losperiodistas.com.mx\/portal\/?p=34545"},"modified":"2022-08-15T06:34:06","modified_gmt":"2022-08-15T11:34:06","slug":"afganistan-un-ano-despues-la-muerte-en-vida-de-las-afganas-bajo-los-talibanes-ha-sido-un-ano-negro-todo-esta-prohibido-y-solo-puedo-dormir-rtve","status":"publish","type":"post","link":"https:\/\/losperiodistas.com.mx\/portal\/afganistan-un-ano-despues-la-muerte-en-vida-de-las-afganas-bajo-los-talibanes-ha-sido-un-ano-negro-todo-esta-prohibido-y-solo-puedo-dormir-rtve\/","title":{"rendered":"Afganist\u00e1n, un a\u00f1o despu\u00e9s | La muerte en vida de las afganas bajo los talibanes: \u00abHa sido un a\u00f1o negro. Todo est\u00e1 prohibido y solo puedo dormir\u00bb | RTVE"},"content":{"rendered":"\n<ul class=\"has-medium-font-size wp-block-list\"><li>Se cumple un a\u00f1o desde que los talibanes se hicieron con el control de Kabul y de todo Afganist\u00e1n&nbsp;<\/li><li>Las mujeres han sido excluidas de vida pol\u00edtica, luchan&nbsp;por su educaci\u00f3n, por&nbsp;trabajar y por la libertad de movimiento<\/li><\/ul>\n\n\n\n<p><\/p>\n\n\n\n<figure class=\"wp-block-image is-style-default\"><img decoding=\"async\" src=\"https:\/\/img2.rtve.es\/i\/?w=1600&amp;i=1660323503551.jpg\" alt=\" Arefeh, una mujer afgana de 40 a\u00f1os, sale de una escuela clandestina en Kabul\" title=\"Arefeh, una mujer afgana de 40 a\u00f1os, sale de una escuela clandestina en Kabul\"\/><figcaption>Arefeh, una mujer afgana de 40 a\u00f1os, sale de una escuela clandestina en Kabul&nbsp;<em><\/em><em>AP<\/em><\/figcaption><\/figure>\n\n\n\n<p class=\"has-vivid-cyan-blue-color has-text-color has-medium-font-size\"><em>EBBABA HAMEIDA<\/em> \/ RTVE<\/p>\n\n\n\n<p>Hadia pasa muchas horas del d\u00eda ojeando los libros de primaria y secundaria que ha ido acumulando. Los tiene colocados en un rinc\u00f3n de la habitaci\u00f3n, al lado de una ventana, cuyas cortinas la a\u00edslan, a\u00fan m\u00e1s, del exterior y le impiden ver la realidad de forma n\u00edtida.&nbsp;A&nbsp;veces&nbsp;se detiene a escuchar atentamente el bullicio de la calle para imaginarse la vida fuera de casa. Su madre le tiene prohibido asomarse ante el temor de que pase alg\u00fan&nbsp;<a href=\"https:\/\/www.rtve.es\/temas\/talibanes\/3890\/\">talib\u00e1n<\/a>. \u201cNunca pens\u00e9 que vivir\u00eda una vida as\u00ed,&nbsp;<strong>cada vez que me acuesto pienso en qu\u00e9 voy a hacer cuando me despierte<\/strong>\u201d, relata al otro lado de la pantalla a RTVE.es. Odia las noches.<\/p>\n\n\n\n<p>Vive en un barrio humilde de&nbsp;<a href=\"https:\/\/www.rtve.es\/noticias\/20210815\/talibanes-llegan-kabul-hay-panico-nadie-sabe-depara-afganistan\/2159020.shtml\">Kabul<\/a>&nbsp;y es la quinta de cinco hermanas. \u201cTodav\u00eda leo mis libros sentada en el rinc\u00f3n donde los guardo.&nbsp;<strong>Sigo<\/strong>&nbsp;<strong>esperando el d\u00eda en el que pueda volver al instituto<\/strong>\u201d, dice con nostalgia. Despu\u00e9s de las tareas del hogar, busca consuelo en las conversaciones con su madre maestra y su padre periodista, ambos&nbsp;<strong>sin trabajo&nbsp;<\/strong>actualmente. Advierte de que no tiene prisa, cuenta con mucho tiempo libre para hablar de lo que ha supuesto este a\u00f1o bajo el r\u00e9gimen talib\u00e1n. \u201c<strong>Ha sido un a\u00f1o negro.&nbsp;<\/strong>Todo est\u00e1 prohibido y siento que solo puedo dormir\u201d, a\u00f1ade. \u201cNo estoy bien mentalmente\u201d, intenta explicar su desesperaci\u00f3n. Se ha pasado todo este a\u00f1o esperando un aviso para volver a estudiar y mirando las fotos de una adolescencia que le ha sido arrebatada.<\/p>\n\n\n\n<p>Un a\u00f1o despu\u00e9s de la<a href=\"https:\/\/www.rtve.es\/noticias\/20210815\/talibanes-toman-poder-jalalabad-dejan-kabul-como-unica-ciudad-clave-manos-del-gobierno-afgano\/2158621.shtml\">&nbsp;toma de Kabul por los talibanes<\/a>, las mujeres en&nbsp;<a href=\"https:\/\/www.rtve.es\/temas\/afganistan\/1329\/\">Afganist\u00e1n&nbsp;<\/a>han sido las que m\u00e1s han sufrido la vuelta del r\u00e9gimen autocr\u00e1tico. Se confirma as\u00ed&nbsp;la promesa de su portavoz,&nbsp;<strong>Zabihullah Mujahid<\/strong>, qui\u00e9n afirm\u00f3 que el r\u00e9gimen \u201c<strong>defender\u00eda los derechos de las mujeres de acuerdo con la ley isl\u00e1mica<\/strong>\u201d. Y&nbsp;as\u00ed, durante estos 12 meses se ha impuesto&nbsp;<a href=\"https:\/\/www.rtve.es\/noticias\/20210819\/sharia-afganistan-ley-islamica-radical-taliban\/2161591.shtml\">un sistema r\u00edgido de la Shar\u00eda isl\u00e1mica<\/a>.<\/p>\n\n\n\n<h3 class=\"wp-block-heading\"><strong>Las mujeres no tienen cabida en el Emirato<\/strong><\/h3>\n\n\n\n<p><strong>Ellas est\u00e1n excluidas de la vida pol\u00edtica<\/strong>, de los\u00a0<a href=\"https:\/\/www.rtve.es\/noticias\/20220522\/afganas-se-cubren-rostro-television-tras-ultimatum-taliban\/2350695.shtml\">medios de comunicaci\u00f3n<\/a>\u00a0y solo se les permite trabajar con excepciones en \u00e1mbitos como la educaci\u00f3n y la sanidad. Les han privado la formaci\u00f3n y han convertido a<strong>\u00a0Afganist\u00e1n en el \u00fanico pa\u00eds en el mundo que proh\u00edbe la educaci\u00f3n secundaria a las ni\u00f1as<\/strong>.<\/p>\n\n\n\n<p><a href=\"https:\/\/www.rtve.es\/noticias\/20220510\/talibanes-quieren-borrar-mujeres-afganistan\/2347513.shtml\"><strong>Las afganas, contra la imposici\u00f3n del burka: \u00abLos talibanes quieren borrar a las mujeres, quieren que sean invisibles\u00bb<\/strong><em>GUILLAUME BONTOUX (RNE)<\/em><\/a><\/p>\n\n\n\n<p>\u201cHace un a\u00f1o estudiaba para los ex\u00e1menes, organizaba quedadas con mis amigas y planificaba cuando me tocara ir a la universidad\u201d, dice mientras exhibe una fotograf\u00eda en la posa luciendo un jersey naranja y una falda negra sobre unas mallas ajustadas, con una sonrisa perfilada por unos labios rojos carmes\u00ed y la melena al viento.&nbsp;<strong>Las fotos que se hace ahora son con el cabello cubierto, ropa siempre de colores oscuros y el rostro oculto.&nbsp;<\/strong>Los talibanes les recomiendan salir con Burka y ella bromea:&nbsp;<strong>\u201cNi la talla m\u00e1s peque\u00f1a vale para mi cuerpo\u201d<\/strong>.<\/p>\n\n\n\n<figure class=\"wp-block-image is-style-default\"><img decoding=\"async\" src=\"https:\/\/img2.rtve.es\/im\/6669894\/?w=900\" alt=\" Hadia, hace un a\u00f1o en Kabul \"\/><figcaption>Hadia, hace un a\u00f1o en Kabul&nbsp;<em>FOTO CEDIDA POR HADIA<\/em><\/figcaption><\/figure>\n\n\n\n<p>M\u00e1s de la mitad de la poblaci\u00f3n del pa\u00eds no tiene cabida en el Emirato que han constituido. Una de las primeras medidas que hicieron fue&nbsp;<strong>recomendarles no salir a las calles \u201cpor su seguridad\u201d&nbsp;<\/strong>y si lo hacen que vayan cubiertas de los pies a la cabeza.&nbsp;<strong>No pueden viajar solas a m\u00e1s de 75 kil\u00f3metros de distancia<\/strong>, solo pueden ir acompa\u00f1adas de un&nbsp;<strong><em>muhrim<\/em><\/strong>, es decir, el padre, un t\u00edo o un hermano. Adem\u00e1s, han reemplazado el&nbsp;<a href=\"https:\/\/www.rtve.es\/noticias\/20210917\/talibanes-eliminan-ministerio-mujer-sustituyen-prevencion-del-vicio\/2171724.shtml\">Ministerio de la Mujer<\/a>&nbsp;por el de Promoci\u00f3n de la Virtud y la Prevenci\u00f3n del Vicio.<\/p>\n\n\n\n<h3 class=\"wp-block-heading\"><strong>\u201cLas mujeres est\u00e1n sufriendo una muerte a c\u00e1mara lenta\u00bb<\/strong><\/h3>\n\n\n\n<p>\u201cLas mujeres est\u00e1n sufriendo una muerte a c\u00e1mara lenta en un periodo muy corto.&nbsp;<strong>Las medidas de los talibanes las asfixian en todos los aspectos de su vida<\/strong>\u201d, asegura&nbsp;<strong>Maribel Tellado Garc\u00eda<\/strong>, portavoz de&nbsp;<a href=\"https:\/\/www.es.amnesty.org\/\">Amnist\u00eda Internacional Espa\u00f1a<\/a>. La organizaci\u00f3n ha presentado este lunes el informe&nbsp;&#8216;<strong>Afganist\u00e1n: Un a\u00f1o de promesas rotas, restricciones draconianas y violencia de los talibanes&#8217;,&nbsp;<\/strong>en el que denuncia las violaciones flagrantes de los derechos humanos perpetradas durante este a\u00f1o y revela la&nbsp;<strong>impunidad&nbsp;<\/strong>generalizada por cr\u00edmenes como la&nbsp;<strong>tortura<\/strong>, los&nbsp;<strong><a href=\"https:\/\/www.rtve.es\/play\/videos\/noticias-24h\/video-talibanes-ejecucion\/1156213\/\">asesinatos<\/a><\/strong>, la&nbsp;<strong>represalia&nbsp;<\/strong>y los desalojos forzosos de quienes se oponen a los talibanes.<\/p>\n\n\n\n<p>\u201cTras diez meses de investigaci\u00f3n hemos visto un aspecto preocupante y es que las mujeres que se han manifestado y han protestado han sido&nbsp;<strong>arrestadas por violar el c\u00f3digo moral<\/strong>&nbsp;o secuestradas y obligadas a casarse con uno de los talibanes. Muchas ni\u00f1as y mujeres est\u00e1n desapareciendo\u201d, revela Tellado Garc\u00eda.&nbsp;<\/p>\n\n\n\n<p>\u201cAntes de los talibanes su situaci\u00f3n no era perfecta, ellas sufr\u00edan mucha violencia, pero<strong>&nbsp;antes se hab\u00edan generado instrumentos para atenderlas y protegerlas<\/strong>. Exist\u00edan centros de atenci\u00f3n a mujeres que ahora han sido desmantelados\u201d, a\u00f1ade la portavoz de Amnist\u00eda Internacional. El sufrimiento no es nuevo&nbsp;para un pueblo que lleva d\u00e9cadas asfixiado por las consecuencias de la guerra y en la actualidad, por segunda vez, sobrevive bajo el autoritarismo de los talibanes.&nbsp;<strong>Su intransigencia nunca hab\u00eda desaparecido del pa\u00eds<\/strong>, pero desde hace un a\u00f1o su voluntad se ha impuesto en todo el territorio al conseguir control de la capital sin apenas resistencia del gobierno auspiciado por la Comunidad Internacional encabezada por&nbsp;<a href=\"https:\/\/www.rtve.es\/noticias\/20210831\/estados-unidos-completa-retirada-tropas-afganistan-tras-veinte-anos-guerra\/2167004.shtml\">Estados Unidos<\/a>.<\/p>\n\n\n\n<p>Generaciones de afganos no han conocido la paz, conviven con\u00a0<strong>la inseguridad perpetuada y una econom\u00eda que siempre ha estado deprimida<\/strong>, pero a la que ahora se le suma la incapacidad de gesti\u00f3n con el aislamiento y los recortes ante el no reconocimiento de las autoridades gobiernan de facto. Un a\u00f1o despu\u00e9s se entienden<a href=\"https:\/\/www.rtve.es\/noticias\/20210820\/caos-aeropuerto-kabul-hija-familia-evacuada-espana-perdida-avalancha\/2162490.shtml\">\u00a0las im\u00e1genes en el aeropuerto de Kabul<\/a>\u00a0donde miles de personas desesperadas se agolpaban intentando huir del pa\u00eds.<\/p>\n\n\n\n<p><a href=\"https:\/\/www.rtve.es\/noticias\/20220811\/afganistan-colaboradores-afganos-espana-deja-atras\/2395585.shtml\"><strong>El drama de los afganos que Espa\u00f1a a\u00fan no ha evacuado: \u00abTenemos que ocultar nuestra identidad para siempre\u00bb<\/strong><em>LAURA G\u00d3MEZ D\u00cdAZ<\/em><\/a><\/p>\n\n\n\n<h3 class=\"wp-block-heading\"><strong>Ni libertad de expresi\u00f3n ni m\u00fasica<\/strong><\/h3>\n\n\n\n<p>Lo cierto es que los talibanes se han encontrado con<strong>&nbsp;<\/strong>la resistencia de mujeres conscientes de sus derechos.&nbsp;<strong>\u201c<a href=\"https:\/\/www.rtve.es\/noticias\/20220214\/mujeres-afganistan-rne\/2289976.shtml\">Las restricciones impuestas por los talibanes<\/a>&nbsp;a las mujeres no son aceptables para nadie\u201d<\/strong>, denuncia Hadia.<strong>&nbsp;Las manifestaciones m\u00e1s masivas han sido las de las mujeres.<\/strong>&nbsp;\u201cLas deten\u00edan, les ense\u00f1aban fotos de la familia y les dec\u00edan que iban a matarlas a todos. Ellas publicaban sus fotos torturadas en las redes, pero entonces los talibanes cambiaron de estrategia. Ahora las golpean en el pecho y en los muslos porque saben que no van a publicar esas fotos\u201d, asegura Tellado Garc\u00eda.<\/p>\n\n\n\n<blockquote class=\"wp-block-quote is-style-large is-layout-flow wp-block-quote-is-layout-flow\"><p><strong><em>\u201cAhora las golpean en el pecho y en los muslos porque saben que no van a publicar esas fotos\u201c<\/em><\/strong><\/p><\/blockquote>\n\n\n\n<p>\u201cIncluso pueden detenerte por una breve publicaci\u00f3n en Facebook, el l\u00edder talib\u00e1n dijo que cualquier cr\u00edtica negativa sobre ellos es criminal. Y nadie puede criticarles\u201d, explica<strong>&nbsp;Gulam Jilani<\/strong>, nombre ficticio que, por seguridad y evitar represalias, asignamos al coordinador de una organizaci\u00f3n local. \u201cCerca de&nbsp;<strong>200 medios locales cerraron<\/strong>&nbsp;y algunos de ellos tienen actividad, est\u00e1n bajo el control de los talibanes y no pueden transmitir la realidad de la vida del pueblo afgano\u201d, a\u00f1ade desde all\u00ed. Recuerda que las autoridades han cerrado&nbsp;la comisi\u00f3n de derechos humanos en Afganist\u00e1n. Adem\u00e1s, recuerda que no puede exponerse la situaci\u00f3n real ante la falta de registros.&nbsp;<a href=\"https:\/\/www.rsf-es.org\/un-ano-despues-de-la-caida-de-kabul-afganistan-ha-perdido-a-mas-de-la-mitad-de-sus-periodistas\/\">Reporteros Sin Fronteras calcula que el 40% de los medios de comunicaci\u00f3n de Afganist\u00e1n han desaparecido<\/a>&nbsp;desde el 15 de agosto de 2021. M\u00e1s del&nbsp;<strong>60% de los periodistas han perdido su empleo<\/strong>, un<strong>&nbsp;76% de las mujeres periodistas ha dejado de ejercer<\/strong>&nbsp;y al menos<strong>&nbsp;80 periodistas han sido detenidos&nbsp;<\/strong>este a\u00f1o, la mayor\u00eda de las veces de forma arbitraria y violenta.<\/p>\n\n\n\n<p><strong>\u201cTengo que olvidarme de la m\u00fasica. La m\u00fasica es mi dios\u201d<\/strong>, dice Sodaba Salahshoor. Esta joven estudiante&nbsp; so\u00f1aba con convertirse en directora de orquesta en la universidad de Kabul. \u201cCuando estoy desesperada escucho m\u00fasica, cuando estoy feliz tambi\u00e9n y siempre quise dedicarme a la m\u00fasica\u201d, dice. Ahora, lo que suena son las llamadas a la oraci\u00f3n y en todos los locales lo que se escucha es el&nbsp;<strong>Cor\u00e1n<\/strong>. As\u00ed que ella escucha&nbsp;m\u00fasica a escondidas. \u201cEstoy condenada a olvidarme de la m\u00fasica\u201d, dice con la voz quebrada. Jilani insiste en que<strong>&nbsp;la gente no puede decidir nada sobre su vida.<\/strong><\/p>\n\n\n\n<h3 class=\"wp-block-heading\"><strong>El colapso de la econom\u00eda se cronifica&nbsp;<\/strong><\/h3>\n\n\n\n<p><a href=\"https:\/\/www.rtve.es\/play\/videos\/telediario-fin-de-semana\/la-fragil-situacion-de-la-economia-afgana%C2%A0amenaza-a-su-ya-debilitado-sistema-sanitario\/6092703\/\">La crisis humanitaria<\/a>&nbsp;est\u00e1 afectando especialmente a las mujeres y a la infancia. \u201cLa falta de perspectiva de educaci\u00f3n y la imposibilidad de trabajar est\u00e1 fomentando el aumento de los matrimonios infantiles.<strong>&nbsp;Se casan para no pasar hambre<\/strong>\u201d, asegura Tellado Garc\u00eda. Adem\u00e1s, el desempleo femenino est\u00e1 afectando a todas las familias, nos explica Sodaba. Seg\u00fan el&nbsp;<a href=\"https:\/\/www.unicef.org\/es\">Fondo de las Naciones Unidas para la Infancia<\/a>,&nbsp;<strong>el 28% de las mujeres se casan antes de los 18 a\u00f1os.<\/strong><\/p>\n\n\n\n<p>\u201cMuchas mujeres trabajaban con organizaciones internacionales o en otros \u00e1mbitos.<strong>&nbsp;Mi hermana trabajaba en una empresa de tecnolog\u00eda y era nuestro sustento<\/strong>, ahora ya nada\u201d, pone como ejemplo. Las empresas propiedad de mujeres y operadas por ellas han sido clausuradas. El padre de Hadia, de hecho, era periodista y trabajaba en una televisi\u00f3n y ahora est\u00e1 desempleado. Sodaba tiene una hermana que trabaja en la universidad, pero no le est\u00e1n pagando su salario.&nbsp;\u00abCon el 90% del pa\u00eds al borde de la pobreza, los m\u00e1s j\u00f3venes luchan por sobrevivir\u00bb, lamenta&nbsp; Samantha Mort, jefa de Comunicaci\u00f3n de UNICEF en Afganist\u00e1n.&nbsp;<\/p>\n\n\n\n<p>Por otro lado, la mayor\u00eda de<strong>&nbsp;los empleados del gobierno anterior han perdido sus trabajos<\/strong>, se han paralizado las actividades de las peque\u00f1as empresas, gran parte de los comerciantes abandonaron el pa\u00eds, el sistema bancario est\u00e1 quebrado,&nbsp;<strong>muchas f\u00e1bricas han frenado su producci\u00f3n.&nbsp;<\/strong>Jilani asegura que no hay oportunidad de trabajo para la generaci\u00f3n de j\u00f3venes educados y la mayor\u00eda han abandonado el pa\u00eds. Muchos de los especialistas&nbsp;que trabajaban con organizaciones internacionales pudieron huir.&nbsp;A todas estas circunstancias se le&nbsp;<strong>suma la sequ\u00eda<\/strong>, que ha empobrecido m\u00e1s a\u00fan las zonas rurales. \u00abLa crisis de desnutrici\u00f3n es alimentada por la peor sequ\u00eda en 37 a\u00f1os. 8 de cada 10 afganos beben agua contaminada, lo que los hace susceptibles a episodios repetidos de diarrea acuosa aguda\u00bb, argumenta Mort.&nbsp;<\/p>\n\n\n\n<p><\/p>\n\n\n\n<p><a href=\"https:\/\/www.rtve.es\/noticias\/20210819\/afganistan-economia-borde-del-colapso-precios-disparados-moneda-devaluada-ayudas-bloqueadas\/2161840.shtml\">El colapso de la econom\u00eda&nbsp;<\/a>significa que pocas personas tienen trabajo y los pobres simplemente no pueden pagar lo que se exhibe en los mercados. Las tres cuartas partes de los ingresos afganos se gastan en alimentos y&nbsp;<strong>el 82% est\u00e1n endeudados<\/strong>, seg\u00fan datos de Naciones Unidas. \u201c<strong>Al comienzo del r\u00e9gimen talib\u00e1n, la gente vend\u00eda sus equipos dom\u00e9sticos para comprar comida<\/strong>. En&nbsp;este momento no hay ingresos ni alimentos para los afganos\u201d, insiste el coordinador de la oeneg\u00e9 local. Los precios de los productos b\u00e1sicos se han disparado en todo el pa\u00eds.&nbsp;\u00abM\u00e1s de 3 millones de ni\u00f1os est\u00e1n en riesgo de desnutrici\u00f3n aguda, lo que los hace vulnerables a enfermedades prevenibles. De ellos, m\u00e1s de 1 mill\u00f3n de ni\u00f1os corren el riesgo de sufrir desnutrici\u00f3n aguda grave\u00bb, asegura&nbsp;la jefa de comunicaic\u00f3n de UNICEF.&nbsp;<\/p>\n\n\n\n<h3 class=\"wp-block-heading\"><strong>Sin perspectiva de futuro&nbsp;<\/strong><\/h3>\n\n\n\n<p>Sin embargo, Jilani conf\u00eda en la incapacidad de los talibanes.&nbsp;<strong>\u201cNo conocen el sistema de gobierno y no pueden trabajar, no pueden comunicarse con el mundo.<\/strong>&nbsp;Todos los l\u00edderes talibanes hablan sobre educaci\u00f3n, econom\u00eda, relaci\u00f3n con otros pa\u00edses, etc., pero nadie sabe c\u00f3mo administrar un departamento\u201d, lamenta. Considera que es un sistema que no puede sostenerse. \u201cLa gente no apoya a los talibanes y no les agradan. Incluso en Kabul, la mayor\u00eda de la gente no habla con ellos en los puntos de control\u201d, asegura.<\/p>\n\n\n\n<blockquote class=\"wp-block-quote is-style-large is-layout-flow wp-block-quote-is-layout-flow\"><p><strong><em>\u201cLa gente no apoya a los talibanes y no les agradan. Incluso en Kabul, la mayor\u00eda de la gente no habla con ellos en los puntos de control\u201c<\/em><\/strong><\/p><\/blockquote>\n\n\n\n<p>Las organizaciones internacionales exigen una respuesta contundente de la comunidad internacional. \u201cNecesitamos medidas fuertes o\u00a0<strong>sanciones selectivas contra las autoridades que gobiernan de facto,\u00a0<\/strong>que haya un inter\u00e9s real en resolver esta situaci\u00f3n\u201d, exigen desde Amnist\u00eda Internacional. Adem\u00e1s, denuncian\u00a0<strong>la impunidad ante la violaci\u00f3n de derechos humanos.<\/strong><\/p>\n\n\n\n<figure class=\"wp-block-image size-large is-style-default\"><img fetchpriority=\"high\" decoding=\"async\" width=\"1024\" height=\"633\" src=\"https:\/\/losperiodistas.com.mx\/portal\/wp-content\/uploads\/2022\/08\/Captura-de-Pantalla-2022-08-15-a-las-6.28.24-1024x633.jpg\" alt=\"\" class=\"wp-image-34548\" srcset=\"https:\/\/losperiodistas.com.mx\/portal\/wp-content\/uploads\/2022\/08\/Captura-de-Pantalla-2022-08-15-a-las-6.28.24-1024x633.jpg 1024w, https:\/\/losperiodistas.com.mx\/portal\/wp-content\/uploads\/2022\/08\/Captura-de-Pantalla-2022-08-15-a-las-6.28.24-300x186.jpg 300w, https:\/\/losperiodistas.com.mx\/portal\/wp-content\/uploads\/2022\/08\/Captura-de-Pantalla-2022-08-15-a-las-6.28.24-768x475.jpg 768w, https:\/\/losperiodistas.com.mx\/portal\/wp-content\/uploads\/2022\/08\/Captura-de-Pantalla-2022-08-15-a-las-6.28.24.jpg 1510w\" sizes=\"(max-width: 1024px) 100vw, 1024px\" \/><\/figure>\n\n\n\n<p><a href=\"https:\/\/secure-embed.rtve.es\/drmn\/embed\/video\/6084639\">https:\/\/secure-embed.rtve.es\/drmn\/embed\/video\/6084639<\/a><\/p>\n\n\n\n<figure class=\"wp-block-image is-style-default\"><img decoding=\"async\" src=\"https:\/\/img2.rtve.es\/css\/rtve.commons\/rtve.header.footer\/i\/logoRTVEes.png\" alt=\"\"\/><\/figure>\n\n\n\n<p><a href=\"https:\/\/www.rtve.es\/play\/videos\/rtve-igualdad\/afganistan-futuro-sin-musica\/6084639\/\"><strong>Afganist\u00e1n, un futuro sin m\u00fasica<\/strong><\/a><\/p>\n\n\n\n<p>\u201cYo s\u00e9 que no estoy bien mentalmente, conozco a amigas que&nbsp;<strong>piensan en el suicidio<\/strong>\u201d, insiste Hadia, que quiere poner el foco en las consecuencias sobre la salud mental. Durante toda la entrevista repite, una y otra vez, la palabra escuela.&nbsp;<strong>\u201cLloro mucho por las noches y estoy siempre triste\u201d<\/strong>, concluye.&nbsp;Sodaba baraja estudiar otra carrera, ya que la m\u00fasica est\u00e1 prohibida. El departamento de m\u00fasica ya no volver\u00e1 a abrir mientras los talibanes sigan al mando del pa\u00eds. \u201cNo tengo planes de futuro. Estoy deprimida\u201d, dice antes de a\u00f1adir que \u201ces una situaci\u00f3n generalizada entre las j\u00f3venes de su edad\u201d.<\/p>\n\n\n\n<blockquote class=\"wp-block-quote is-style-large is-layout-flow wp-block-quote-is-layout-flow\"><p><strong><em>\u201cYo s\u00e9 que no estoy bien mentalmente, conozco a amigas que piensan en el suicidio\u201c<\/em><\/strong><\/p><\/blockquote>\n\n\n\n<p>Las hay que no tiran la toalla<strong>. F\u00e1tima mantiene su trabajo en una oeneg\u00e9 local:<\/strong>&nbsp;\u201cPuedo trabajar porque alego que es en el \u00e1mbito meramente humanitario\u201d. Ella no quiere abandonar el pa\u00eds,&nbsp;<strong>tiene 29 a\u00f1os y a\u00fan no se ha casado<\/strong>. \u201cSi nos marchamos, ellos vivir\u00e1n a sus anchas. Nos tenemos que quedar y luchar por todas las mujeres\u201d, dice contundente.<\/p>\n\n\n\n<p><strong>Las mujeres de su familia son sus psic\u00f3logas.&nbsp;<\/strong>Las m\u00e1s mayores vivieron el mandato anterior de los talibanes. Ellas, por segunda vez en su vida, vuelven a depender de las decisiones de los intransigentes. \u201cMi madre me pide paciencia, pero solo puedo estar triste\u201d, dice Sodaba. Lleva meses deprimida y ahora solo le pide a las Naciones Unidas y a todas las organizaciones internacionales&nbsp;<strong>\u201cque no se olviden de nosotras\u201d<\/strong>.<\/p>\n\n\n\n<blockquote class=\"wp-block-quote is-style-large is-layout-flow wp-block-quote-is-layout-flow\"><p><strong><em>\u201cSi nos marchamos, ellos vivir\u00e1n a sus anchas. Nos tenemos que quedar y luchar por todas las mujeres\u201c<\/em><\/strong><\/p><\/blockquote>\n\n\n\n<p><\/p>\n\n\n\n<p>Fuente: https:\/\/www.rtve.es\/noticias\/20220815\/muerte-vida-mujeres-afganas-bajo-talibanes\/2394895.shtml<\/p>\n\n\n\n<p><\/p>\n\n\n\n<p><\/p>\n\n\n\n<p><\/p>\n\n\n\n<p><\/p>\n","protected":false},"excerpt":{"rendered":"<p>Se cumple un a\u00f1o desde que los talibanes se hicieron con el control de Kabul y de todo Afganist\u00e1n&nbsp; Las [&hellip;]<\/p>\n","protected":false},"author":1,"featured_media":34549,"comment_status":"open","ping_status":"open","sticky":false,"template":"","format":"standard","meta":{"site-sidebar-layout":"default","site-content-layout":"","ast-site-content-layout":"default","site-content-style":"default","site-sidebar-style":"default","ast-global-header-display":"","ast-banner-title-visibility":"","ast-main-header-display":"","ast-hfb-above-header-display":"","ast-hfb-below-header-display":"","ast-hfb-mobile-header-display":"","site-post-title":"","ast-breadcrumbs-content":"","ast-featured-img":"","footer-sml-layout":"","theme-transparent-header-meta":"","adv-header-id-meta":"","stick-header-meta":"","header-above-stick-meta":"","header-main-stick-meta":"","header-below-stick-meta":"","astra-migrate-meta-layouts":"default","ast-page-background-enabled":"default","ast-page-background-meta":{"desktop":{"background-color":"var(--ast-global-color-4)","background-image":"","background-repeat":"repeat","background-position":"center center","background-size":"auto","background-attachment":"scroll","background-type":"","background-media":"","overlay-type":"","overlay-color":"","overlay-opacity":"","overlay-gradient":""},"tablet":{"background-color":"","background-image":"","background-repeat":"repeat","background-position":"center center","background-size":"auto","background-attachment":"scroll","background-type":"","background-media":"","overlay-type":"","overlay-color":"","overlay-opacity":"","overlay-gradient":""},"mobile":{"background-color":"","background-image":"","background-repeat":"repeat","background-position":"center center","background-size":"auto","background-attachment":"scroll","background-type":"","background-media":"","overlay-type":"","overlay-color":"","overlay-opacity":"","overlay-gradient":""}},"ast-content-background-meta":{"desktop":{"background-color":"var(--ast-global-color-5)","background-image":"","background-repeat":"repeat","background-position":"center center","background-size":"auto","background-attachment":"scroll","background-type":"","background-media":"","overlay-type":"","overlay-color":"","overlay-opacity":"","overlay-gradient":""},"tablet":{"background-color":"var(--ast-global-color-5)","background-image":"","background-repeat":"repeat","background-position":"center center","background-size":"auto","background-attachment":"scroll","background-type":"","background-media":"","overlay-type":"","overlay-color":"","overlay-opacity":"","overlay-gradient":""},"mobile":{"background-color":"var(--ast-global-color-5)","background-image":"","background-repeat":"repeat","background-position":"center center","background-size":"auto","background-attachment":"scroll","background-type":"","background-media":"","overlay-type":"","overlay-color":"","overlay-opacity":"","overlay-gradient":""}},"footnotes":""},"categories":[8],"tags":[3228,3712,7441,3225,12001],"class_list":["post-34545","post","type-post","status-publish","format-standard","has-post-thumbnail","hentry","category-noticias","tag-afganistan","tag-derechos-humanos","tag-mujeres-afganas","tag-talibanes","tag-velo-islamico"],"_links":{"self":[{"href":"https:\/\/losperiodistas.com.mx\/portal\/wp-json\/wp\/v2\/posts\/34545","targetHints":{"allow":["GET"]}}],"collection":[{"href":"https:\/\/losperiodistas.com.mx\/portal\/wp-json\/wp\/v2\/posts"}],"about":[{"href":"https:\/\/losperiodistas.com.mx\/portal\/wp-json\/wp\/v2\/types\/post"}],"author":[{"embeddable":true,"href":"https:\/\/losperiodistas.com.mx\/portal\/wp-json\/wp\/v2\/users\/1"}],"replies":[{"embeddable":true,"href":"https:\/\/losperiodistas.com.mx\/portal\/wp-json\/wp\/v2\/comments?post=34545"}],"version-history":[{"count":1,"href":"https:\/\/losperiodistas.com.mx\/portal\/wp-json\/wp\/v2\/posts\/34545\/revisions"}],"predecessor-version":[{"id":34550,"href":"https:\/\/losperiodistas.com.mx\/portal\/wp-json\/wp\/v2\/posts\/34545\/revisions\/34550"}],"wp:featuredmedia":[{"embeddable":true,"href":"https:\/\/losperiodistas.com.mx\/portal\/wp-json\/wp\/v2\/media\/34549"}],"wp:attachment":[{"href":"https:\/\/losperiodistas.com.mx\/portal\/wp-json\/wp\/v2\/media?parent=34545"}],"wp:term":[{"taxonomy":"category","embeddable":true,"href":"https:\/\/losperiodistas.com.mx\/portal\/wp-json\/wp\/v2\/categories?post=34545"},{"taxonomy":"post_tag","embeddable":true,"href":"https:\/\/losperiodistas.com.mx\/portal\/wp-json\/wp\/v2\/tags?post=34545"}],"curies":[{"name":"wp","href":"https:\/\/api.w.org\/{rel}","templated":true}]}}