{"id":34536,"date":"2022-08-15T05:21:12","date_gmt":"2022-08-15T10:21:12","guid":{"rendered":"http:\/\/losperiodistas.com.mx\/portal\/?p=34536"},"modified":"2022-08-15T05:21:14","modified_gmt":"2022-08-15T10:21:14","slug":"los-mineros-atrapados-en-mexico-una-historia-de-pobreza-y-abandono-aleteia","status":"publish","type":"post","link":"https:\/\/losperiodistas.com.mx\/portal\/los-mineros-atrapados-en-mexico-una-historia-de-pobreza-y-abandono-aleteia\/","title":{"rendered":"Los mineros atrapados en M\u00e9xico: una historia de pobreza y abandono | Aleteia"},"content":{"rendered":"\n<p class=\"has-medium-font-size\">La tragedia de Coahuila saca a la luz la dif\u00edcil situaci\u00f3n de esta regi\u00f3n minera, donde miles de hombres trabajan en pozos clandestinos en condiciones infrahumanas<\/p>\n\n\n\n<p><\/p>\n\n\n\n<figure class=\"wp-block-image size-large is-style-default\"><img fetchpriority=\"high\" decoding=\"async\" width=\"1024\" height=\"670\" src=\"https:\/\/losperiodistas.com.mx\/portal\/wp-content\/uploads\/2022\/08\/000_32GG7FH-1024x670.jpg\" alt=\"\" class=\"wp-image-34537\" srcset=\"https:\/\/losperiodistas.com.mx\/portal\/wp-content\/uploads\/2022\/08\/000_32GG7FH-1024x670.jpg 1024w, https:\/\/losperiodistas.com.mx\/portal\/wp-content\/uploads\/2022\/08\/000_32GG7FH-300x196.jpg 300w, https:\/\/losperiodistas.com.mx\/portal\/wp-content\/uploads\/2022\/08\/000_32GG7FH-768x503.jpg 768w, https:\/\/losperiodistas.com.mx\/portal\/wp-content\/uploads\/2022\/08\/000_32GG7FH.jpg 1280w\" sizes=\"(max-width: 1024px) 100vw, 1024px\" \/><figcaption>Personal de rescate participa en la operaci\u00f3n para llegar a 10 mineros que han estado atrapados en una mina de carb\u00f3n inundada durante m\u00e1s de una semana, en la comunidad de Agujita, Municipio de Sabinas, Estado de Coahuila, M\u00e9xico, el 13 de agosto de 2022. Pedro PARDO \/ AFP<\/figcaption><\/figure>\n\n\n\n<p class=\"has-vivid-cyan-blue-color has-text-color has-medium-font-size\">JAIME SEPTI\u00c9N \/ ALETEIA<\/p>\n\n\n\n<p>Han pasado, hasta hoy domingo 14 de agosto, once d\u00edas desde que colaps\u00f3 la mina Las Conchas, situada en el Estado norte\u00f1o de Coahuila, en la regi\u00f3n carbon\u00edfera de Sabinas.<\/p>\n\n\n\n<p>Diez mineros quedaron atrapados bajo toneladas de agua.<\/p>\n\n\n\n<p>Nadie sabe si est\u00e1n vivos. Los que escaparon aquel tres de agosto hablan de milagros, de rezos y de posibilidades de supervivencia. Sus familiares invocan la ayuda celestial. Conf\u00edan poco en las capacidades de las autoridades estatales y federales para que los puedan rescatar.<\/p>\n\n\n\n<p>El recuerdo de los 65 mineros muertos por una explosi\u00f3n de gas en otra mina cercana, Pasta de Conchos, en 2006, est\u00e1 a flor de piel. Aquellos quedaron bajo tierra. \u00bfQuedar\u00e1n tambi\u00e9n sus familiares, hombres que se juegan diariamente la vida en condiciones de trabajo infrahumanas.<\/p>\n\n\n\n<p>Los tres pozos donde laboran los mineros atrapados,<strong>&nbsp;la mayor parte habitantes de una comunidad llamada Cloete, eran pozos clandestinos. La mayor parte de las actuales minas de carb\u00f3n de Cloete son clandestinas.<\/strong><\/p>\n\n\n\n<p>Las viejas, como la de Las Conchas, cerraron hace tiempo. Cerraron pero nadie tuvo la buena idea de cegarlas. Siguen sus bocas a cielo abierto. Y a su lado las minas clandestinas son horadaciones que cumplen todos los riesgos a los que un minero se puede enfrentar.<\/p>\n\n\n\n<p>Pero es una regi\u00f3n minera y la miner\u00eda est\u00e1 en la sangre de los diez trabajadores enterrados. Quiz\u00e1 el caso emblem\u00e1tico sea el de Jaime Montelongo (61) que entr\u00f3 en la miner\u00eda a los 14, ha sido pensionado ya, pero sigui\u00f3 en la brega.<\/p>\n\n\n\n<p>O el de los mineros Jos\u00e9 Rogelio Moreno padre e hijo, que est\u00e1n entre los diez. El padre de 42 y el hijo de 21. Los tres pozos clandestinos fueron abiertos a principios de 2022. Sin condiciones de seguridad para quienes sacan el carb\u00f3n de las entra\u00f1as de la tierra.<\/p>\n\n\n\n<p>\u00bfEn pleno siglo XXI, con las energ\u00edas limpias tocando la puerta del coraz\u00f3n del mundo y con el cambio clim\u00e1tico que exige reducir las emisiones de di\u00f3xido de carbono, la miner\u00eda a cielo abierto est\u00e1 vigente en un pa\u00eds que \u2013 como M\u00e9xico \u2013 participa del llamado Club de los Ricos, la OCDE?<\/p>\n\n\n\n<p>La respuesta es s\u00ed. La actual administraci\u00f3n federal quiere \u00abvolver\u00bb al carb\u00f3n como \u201cmotor\u201d de la soberan\u00eda energ\u00e9tica. Y en Cloete, como en la regi\u00f3n de Sabinas, como en el Estado de Coahuila, hay cientos de personas que siguen en este trabajo, ganando 5,5 d\u00f3lares por tonelada de carb\u00f3n.<\/p>\n\n\n\n<p>Los rescatistas de la Secretar\u00eda de la Defensa Nacional hicieron el intento por encontrarlos. Los familiares, despu\u00e9s de casi 240 horas de haberse declarado la emergencia. Rezan a la Virgen. Piden un milagro. Que no pase lo mismo que en Pasta de Conchos.<\/p>\n\n\n\n<p>Durante estos d\u00edas cerca de 600 rescatistas han intentado entrar a la mina. No lo han podido lograr. Hay demasiados escombros, aunque ya se ha bombeado casi el cien por ciento del agua.<\/p>\n\n\n\n<p>El obispo de Piedras Negras, Alonso Gerardo Garza, se present\u00f3 en la mina para ofrecerles compa\u00f1\u00eda y apoyo de la Iglesia cat\u00f3lica. Tambi\u00e9n, varios sacerdotes de la di\u00f3cesis de Piedras Negras se acercaron a los familiares y pusieron una capilla de oraci\u00f3n cercana.<\/p>\n\n\n\n<p>Llega el domingo. No hay resultados.<\/p>\n\n\n\n<p>Fuente: https:\/\/es.aleteia.org\/2022\/08\/14\/los-mineros-atrapados-en-mexico-una-historia-de-pobreza-y-abandono\/<\/p>\n","protected":false},"excerpt":{"rendered":"<p>La tragedia de Coahuila saca a la luz la dif\u00edcil situaci\u00f3n de esta regi\u00f3n minera, donde miles de hombres trabajan [&hellip;]<\/p>\n","protected":false},"author":1,"featured_media":34537,"comment_status":"open","ping_status":"open","sticky":false,"template":"","format":"standard","meta":{"site-sidebar-layout":"default","site-content-layout":"","ast-site-content-layout":"default","site-content-style":"default","site-sidebar-style":"default","ast-global-header-display":"","ast-banner-title-visibility":"","ast-main-header-display":"","ast-hfb-above-header-display":"","ast-hfb-below-header-display":"","ast-hfb-mobile-header-display":"","site-post-title":"","ast-breadcrumbs-content":"","ast-featured-img":"","footer-sml-layout":"","theme-transparent-header-meta":"","adv-header-id-meta":"","stick-header-meta":"","header-above-stick-meta":"","header-main-stick-meta":"","header-below-stick-meta":"","astra-migrate-meta-layouts":"default","ast-page-background-enabled":"default","ast-page-background-meta":{"desktop":{"background-color":"var(--ast-global-color-4)","background-image":"","background-repeat":"repeat","background-position":"center center","background-size":"auto","background-attachment":"scroll","background-type":"","background-media":"","overlay-type":"","overlay-color":"","overlay-opacity":"","overlay-gradient":""},"tablet":{"background-color":"","background-image":"","background-repeat":"repeat","background-position":"center center","background-size":"auto","background-attachment":"scroll","background-type":"","background-media":"","overlay-type":"","overlay-color":"","overlay-opacity":"","overlay-gradient":""},"mobile":{"background-color":"","background-image":"","background-repeat":"repeat","background-position":"center center","background-size":"auto","background-attachment":"scroll","background-type":"","background-media":"","overlay-type":"","overlay-color":"","overlay-opacity":"","overlay-gradient":""}},"ast-content-background-meta":{"desktop":{"background-color":"var(--ast-global-color-5)","background-image":"","background-repeat":"repeat","background-position":"center center","background-size":"auto","background-attachment":"scroll","background-type":"","background-media":"","overlay-type":"","overlay-color":"","overlay-opacity":"","overlay-gradient":""},"tablet":{"background-color":"var(--ast-global-color-5)","background-image":"","background-repeat":"repeat","background-position":"center center","background-size":"auto","background-attachment":"scroll","background-type":"","background-media":"","overlay-type":"","overlay-color":"","overlay-opacity":"","overlay-gradient":""},"mobile":{"background-color":"var(--ast-global-color-5)","background-image":"","background-repeat":"repeat","background-position":"center center","background-size":"auto","background-attachment":"scroll","background-type":"","background-media":"","overlay-type":"","overlay-color":"","overlay-opacity":"","overlay-gradient":""}},"footnotes":""},"categories":[8],"tags":[7564,11997,11867,2218,11824],"class_list":["post-34536","post","type-post","status-publish","format-standard","has-post-thumbnail","hentry","category-noticias","tag-energias-limpias","tag-mina-las-conchas","tag-mineros-atrapados","tag-ocde","tag-sabinas"],"_links":{"self":[{"href":"https:\/\/losperiodistas.com.mx\/portal\/wp-json\/wp\/v2\/posts\/34536","targetHints":{"allow":["GET"]}}],"collection":[{"href":"https:\/\/losperiodistas.com.mx\/portal\/wp-json\/wp\/v2\/posts"}],"about":[{"href":"https:\/\/losperiodistas.com.mx\/portal\/wp-json\/wp\/v2\/types\/post"}],"author":[{"embeddable":true,"href":"https:\/\/losperiodistas.com.mx\/portal\/wp-json\/wp\/v2\/users\/1"}],"replies":[{"embeddable":true,"href":"https:\/\/losperiodistas.com.mx\/portal\/wp-json\/wp\/v2\/comments?post=34536"}],"version-history":[{"count":1,"href":"https:\/\/losperiodistas.com.mx\/portal\/wp-json\/wp\/v2\/posts\/34536\/revisions"}],"predecessor-version":[{"id":34538,"href":"https:\/\/losperiodistas.com.mx\/portal\/wp-json\/wp\/v2\/posts\/34536\/revisions\/34538"}],"wp:featuredmedia":[{"embeddable":true,"href":"https:\/\/losperiodistas.com.mx\/portal\/wp-json\/wp\/v2\/media\/34537"}],"wp:attachment":[{"href":"https:\/\/losperiodistas.com.mx\/portal\/wp-json\/wp\/v2\/media?parent=34536"}],"wp:term":[{"taxonomy":"category","embeddable":true,"href":"https:\/\/losperiodistas.com.mx\/portal\/wp-json\/wp\/v2\/categories?post=34536"},{"taxonomy":"post_tag","embeddable":true,"href":"https:\/\/losperiodistas.com.mx\/portal\/wp-json\/wp\/v2\/tags?post=34536"}],"curies":[{"name":"wp","href":"https:\/\/api.w.org\/{rel}","templated":true}]}}