{"id":34531,"date":"2022-08-15T05:13:29","date_gmt":"2022-08-15T10:13:29","guid":{"rendered":"http:\/\/losperiodistas.com.mx\/portal\/?p=34531"},"modified":"2022-08-15T05:13:31","modified_gmt":"2022-08-15T10:13:31","slug":"superavit-agroalimentario-de-mexico-es-de-4758-millones-de-dolares-forbes","status":"publish","type":"post","link":"https:\/\/losperiodistas.com.mx\/portal\/superavit-agroalimentario-de-mexico-es-de-4758-millones-de-dolares-forbes\/","title":{"rendered":"Super\u00e1vit agroalimentario de M\u00e9xico es de 4,758 millones de d\u00f3lares | Forbes"},"content":{"rendered":"\n<p><em>los productos agroalimentarios mexicanos con el mayor valor de exportaci\u00f3n fueron: cerveza, con 2,923 millones de d\u00f3lares; tequila y mezcal, 2,145 millones de d\u00f3lares; aguacate, 1,761 millones de d\u00f3lares; tomate fresco o refrigerado, 1,351 millones de d\u00f3lares y fresas y frambuesas frescas, con 1,185 millones de d\u00f3lares, se\u00f1al\u00f3 la Sader.<\/em><\/p>\n\n\n\n<p><\/p>\n\n\n\n<figure class=\"wp-block-image size-large is-style-default\"><img fetchpriority=\"high\" decoding=\"async\" width=\"1024\" height=\"576\" src=\"https:\/\/losperiodistas.com.mx\/portal\/wp-content\/uploads\/2022\/08\/2dee948ea6264f717a7da6e6f681c8bc21df31fc-e1660516546373-1024x576.jpeg\" alt=\"\" class=\"wp-image-34532\" srcset=\"https:\/\/losperiodistas.com.mx\/portal\/wp-content\/uploads\/2022\/08\/2dee948ea6264f717a7da6e6f681c8bc21df31fc-e1660516546373-1024x576.jpeg 1024w, https:\/\/losperiodistas.com.mx\/portal\/wp-content\/uploads\/2022\/08\/2dee948ea6264f717a7da6e6f681c8bc21df31fc-e1660516546373-300x169.jpeg 300w, https:\/\/losperiodistas.com.mx\/portal\/wp-content\/uploads\/2022\/08\/2dee948ea6264f717a7da6e6f681c8bc21df31fc-e1660516546373-768x432.jpeg 768w, https:\/\/losperiodistas.com.mx\/portal\/wp-content\/uploads\/2022\/08\/2dee948ea6264f717a7da6e6f681c8bc21df31fc-e1660516546373.jpeg 1280w\" sizes=\"(max-width: 1024px) 100vw, 1024px\" \/><figcaption><em>La balanza comercial agroalimentaria de M\u00e9xico registr\u00f3 un super\u00e1vit de 4,758 millones de d\u00f3lares en la primera mitad del a\u00f1o Foto: EFE\/ Sader<\/em><\/figcaption><\/figure>\n\n\n\n<p><\/p>\n\n\n\n<p class=\"has-vivid-cyan-blue-color has-text-color has-medium-font-size\">FORBES STAFF<\/p>\n\n\n\n<p><strong>EFE.-<\/strong>&nbsp;La balanza comercial agroalimentaria de M\u00e9xico (agropecuaria y agroindustrial) registr\u00f3 un super\u00e1vit de 4,758 millones de d\u00f3lares en la primera mitad del a\u00f1o, con exportaciones en niveles r\u00e9cord y tendencia al alza, inform\u00f3 este domingo la Secretar\u00eda de Agricultura y Desarrollo Rural (Sader).<\/p>\n\n\n\n<p>En un comunicado, la dependencia dijo que de acuerdo con cifras del Servicio de Informaci\u00f3n Agroalimentaria y Pesquera (SIAP), en t\u00e9rminos monetarios, el super\u00e1vit observado en los primeros 6 meses de 2022, \u201cfue el quinto mayor saldo positivo en 28 a\u00f1os\u201d.<\/p>\n\n\n\n<p>Adem\u00e1s, las ventas agroalimentarias al exterior rompieron r\u00e9cord de enero a junio, al sumar 25,956 millones de d\u00f3lares, un aumento de 14.57% respecto a los 22,655 millones de d\u00f3lares de igual periodo de 2021 y que representaron el mayor monto desde 1993.<\/p>\n\n\n\n<p>En tanto, las importaciones agropecuarias y agroindustriales del pa\u00eds totalizaron 21,198 millones de d\u00f3lares en los primeros 6 meses del a\u00f1o.<\/p>\n\n\n\n<p>\u201cSi bien registraron aumento, se ubican por debajo del nivel de las exportaciones, con lo cual la balanza comercial agroalimentaria se mantiene superavitaria a junio pasado\u201d, destac\u00f3 la dependencia federal.<\/p>\n\n\n\n<p>De esta forma, precis\u00f3 la Sader, el comercio agroalimentario de M\u00e9xico con el mundo sum\u00f3 47,155 millones de d\u00f3lares en el periodo enero-junio, donde el 55 % correspondi\u00f3 a las ventas de M\u00e9xico a sus socios comerciales.<\/p>\n\n\n\n<p><a href=\"https:\/\/www.forbes.com.mx\/\"><strong><em>Sigue la informaci\u00f3n sobre los negocios y la actualidad en Forbes M\u00e9xico<\/em><\/strong><\/a><\/p>\n\n\n\n<p>En la nota se indic\u00f3 que, con base en cifras del Banco de M\u00e9xico (Banxico), la balanza agropecuaria y pesquera \u201cpresent\u00f3 un saldo positivo de 1,136 millones de d\u00f3lares, con exportaciones por 11,671 millones de d\u00f3lares y compras al exterior por 10,535 millones de d\u00f3lares\u201d.<\/p>\n\n\n\n<p>Mientras que la balanza agroindustrial tuvo un super\u00e1vit comercial de 3,622 millones de d\u00f3lares, al registrar ventas al exterior por 14,285 millones de d\u00f3lares e importaciones por 10,664 millones de d\u00f3lares.<\/p>\n\n\n\n<p>Detall\u00f3 que las bebidas, frutas y hortalizas fueron los principales grupos de exportaci\u00f3n en enero-junio, al concentrar el 61% del total, con 22%, 20% y 19% de participaci\u00f3n, respectivamente.<\/p>\n\n\n\n<p>En el reporte se apunt\u00f3 que en particular aumentaron 128.52% las ventas al exterior de trigo y morcajo (mezcla de trigo y centeno), seguidas por las de caf\u00e9 sin tostar y sin descafeinar, con el 71.57% ;la carne de bovino congelada un 59.8%; el tequila y mezcal con un 48.11% y el az\u00facar con el 45.96%.<\/p>\n\n\n\n<p>En tanto, los productos agroalimentarios mexicanos con el mayor valor de exportaci\u00f3n fueron: cerveza, con 2,923 millones de d\u00f3lares; tequila y mezcal, 2,145 millones de d\u00f3lares; aguacate, 1,761 millones de d\u00f3lares; tomate fresco o refrigerado, 1,351 millones de d\u00f3lares y fresas y frambuesas frescas, con 1,185 millones de d\u00f3lares, se\u00f1al\u00f3 la Sader.<\/p>\n\n\n\n<p>Fuente: https:\/\/www.forbes.com.mx\/superavit-agroalimentario-de-mexico-es-de-4758-millones-de-dolares\/<\/p>\n\n\n\n<p><\/p>\n","protected":false},"excerpt":{"rendered":"<p>los productos agroalimentarios mexicanos con el mayor valor de exportaci\u00f3n fueron: cerveza, con 2,923 millones de d\u00f3lares; tequila y mezcal, [&hellip;]<\/p>\n","protected":false},"author":1,"featured_media":34532,"comment_status":"open","ping_status":"open","sticky":false,"template":"","format":"standard","meta":{"site-sidebar-layout":"default","site-content-layout":"","ast-site-content-layout":"default","site-content-style":"default","site-sidebar-style":"default","ast-global-header-display":"","ast-banner-title-visibility":"","ast-main-header-display":"","ast-hfb-above-header-display":"","ast-hfb-below-header-display":"","ast-hfb-mobile-header-display":"","site-post-title":"","ast-breadcrumbs-content":"","ast-featured-img":"","footer-sml-layout":"","theme-transparent-header-meta":"","adv-header-id-meta":"","stick-header-meta":"","header-above-stick-meta":"","header-main-stick-meta":"","header-below-stick-meta":"","astra-migrate-meta-layouts":"default","ast-page-background-enabled":"default","ast-page-background-meta":{"desktop":{"background-color":"var(--ast-global-color-4)","background-image":"","background-repeat":"repeat","background-position":"center center","background-size":"auto","background-attachment":"scroll","background-type":"","background-media":"","overlay-type":"","overlay-color":"","overlay-opacity":"","overlay-gradient":""},"tablet":{"background-color":"","background-image":"","background-repeat":"repeat","background-position":"center center","background-size":"auto","background-attachment":"scroll","background-type":"","background-media":"","overlay-type":"","overlay-color":"","overlay-opacity":"","overlay-gradient":""},"mobile":{"background-color":"","background-image":"","background-repeat":"repeat","background-position":"center center","background-size":"auto","background-attachment":"scroll","background-type":"","background-media":"","overlay-type":"","overlay-color":"","overlay-opacity":"","overlay-gradient":""}},"ast-content-background-meta":{"desktop":{"background-color":"var(--ast-global-color-5)","background-image":"","background-repeat":"repeat","background-position":"center center","background-size":"auto","background-attachment":"scroll","background-type":"","background-media":"","overlay-type":"","overlay-color":"","overlay-opacity":"","overlay-gradient":""},"tablet":{"background-color":"var(--ast-global-color-5)","background-image":"","background-repeat":"repeat","background-position":"center center","background-size":"auto","background-attachment":"scroll","background-type":"","background-media":"","overlay-type":"","overlay-color":"","overlay-opacity":"","overlay-gradient":""},"mobile":{"background-color":"var(--ast-global-color-5)","background-image":"","background-repeat":"repeat","background-position":"center center","background-size":"auto","background-attachment":"scroll","background-type":"","background-media":"","overlay-type":"","overlay-color":"","overlay-opacity":"","overlay-gradient":""}},"footnotes":""},"categories":[8],"tags":[11996,8710,11995,10953],"class_list":["post-34531","post","type-post","status-publish","format-standard","has-post-thumbnail","hentry","category-noticias","tag-mexico-balanza-comercial","tag-siap","tag-superavit-agroalimentario","tag-tequila"],"_links":{"self":[{"href":"https:\/\/losperiodistas.com.mx\/portal\/wp-json\/wp\/v2\/posts\/34531","targetHints":{"allow":["GET"]}}],"collection":[{"href":"https:\/\/losperiodistas.com.mx\/portal\/wp-json\/wp\/v2\/posts"}],"about":[{"href":"https:\/\/losperiodistas.com.mx\/portal\/wp-json\/wp\/v2\/types\/post"}],"author":[{"embeddable":true,"href":"https:\/\/losperiodistas.com.mx\/portal\/wp-json\/wp\/v2\/users\/1"}],"replies":[{"embeddable":true,"href":"https:\/\/losperiodistas.com.mx\/portal\/wp-json\/wp\/v2\/comments?post=34531"}],"version-history":[{"count":1,"href":"https:\/\/losperiodistas.com.mx\/portal\/wp-json\/wp\/v2\/posts\/34531\/revisions"}],"predecessor-version":[{"id":34535,"href":"https:\/\/losperiodistas.com.mx\/portal\/wp-json\/wp\/v2\/posts\/34531\/revisions\/34535"}],"wp:featuredmedia":[{"embeddable":true,"href":"https:\/\/losperiodistas.com.mx\/portal\/wp-json\/wp\/v2\/media\/34532"}],"wp:attachment":[{"href":"https:\/\/losperiodistas.com.mx\/portal\/wp-json\/wp\/v2\/media?parent=34531"}],"wp:term":[{"taxonomy":"category","embeddable":true,"href":"https:\/\/losperiodistas.com.mx\/portal\/wp-json\/wp\/v2\/categories?post=34531"},{"taxonomy":"post_tag","embeddable":true,"href":"https:\/\/losperiodistas.com.mx\/portal\/wp-json\/wp\/v2\/tags?post=34531"}],"curies":[{"name":"wp","href":"https:\/\/api.w.org\/{rel}","templated":true}]}}