{"id":34513,"date":"2022-08-14T13:04:52","date_gmt":"2022-08-14T18:04:52","guid":{"rendered":"http:\/\/losperiodistas.com.mx\/portal\/?p=34513"},"modified":"2022-08-14T13:04:54","modified_gmt":"2022-08-14T18:04:54","slug":"mafia-y-estado","status":"publish","type":"post","link":"https:\/\/losperiodistas.com.mx\/portal\/mafia-y-estado\/","title":{"rendered":"Mafia y Estado"},"content":{"rendered":"\n<p><\/p>\n\n\n\n<p class=\"has-medium-font-size\">La percepci\u00f3n de la aparici\u00f3n de un \u00abnarcoterrorismo\u00bb deja la impresi\u00f3n de que el Estado Mexicano ha sido bloqueado, detenido o acaso secuestrado.<\/p>\n\n\n\n<p><\/p>\n\n\n\n<p><\/p>\n\n\n\n<figure class=\"wp-block-embed is-type-video is-provider-youtube wp-block-embed-youtube wp-embed-aspect-16-9 wp-has-aspect-ratio\"><div class=\"wp-block-embed__wrapper\">\n<iframe title=\"Mafia y Estado\" width=\"500\" height=\"281\" src=\"https:\/\/www.youtube.com\/embed\/Ts_2QU7_RN8?feature=oembed\" frameborder=\"0\" allow=\"accelerometer; autoplay; clipboard-write; encrypted-media; gyroscope; picture-in-picture; web-share\" referrerpolicy=\"strict-origin-when-cross-origin\" allowfullscreen><\/iframe>\n<\/div><\/figure>\n\n\n\n<p><\/p>\n\n\n\n<p><\/p>\n\n\n\n<p class=\"has-vivid-cyan-blue-color has-text-color\" style=\"font-size:26px\"><strong><em>Por Jes\u00fas Manuel Hern\u00e1ndez<\/em><\/strong><\/p>\n\n\n\n<p>Las noticias de la semana dejaron una percepci\u00f3n pr\u00e1cticamente generalizada de la incapacidad del Estado mexicano para hacer frente a los alcances del avance del crimen organizado.<\/p>\n\n\n\n<p>Analistas de varias tendencias ideol\u00f3gicas, acad\u00e9micos de universidades diversas coincidieron en aportar el calificativo de \u201cTerrorismo\u201d a los hechos suscitados en Guanajuato, Jalisco, Chihuahua y Baja California. Todos los eventos tuvieron el com\u00fan denominador de haber registrado acciones del crimen organizado contra los civiles para detener las estrategias de captura por parte de la milicia mexicana.<\/p>\n\n\n\n<p>Cuando estos fen\u00f3menos suceden, usar a la poblaci\u00f3n civil para desviar al ej\u00e9rcito, es que se habla de terrorismo. Y cuando quienes usan la fuerza de las armas contra los civiles representan al crimen organizado y a los carteles del narcotr\u00e1fico, la expresi\u00f3n que aparece es \u201cnarcoterrorismo\u201d, por lo menos as\u00ed se desprende de las recomendaciones acad\u00e9micas.<\/p>\n\n\n\n<p>M\u00e9xico no ha tenido nunca la experiencia del terrorismo, menos ha trazado una pol\u00edtica p\u00fablica, de defensa, de protecci\u00f3n de los civiles de una acci\u00f3n terrorista, como sucede en otros pa\u00edses.<\/p>\n\n\n\n<p>El escenario se antoja como uno de los vectores m\u00e1s importantes en el entorno de la adjudicaci\u00f3n por Decreto Presidencial, de la Guardia Nacional a la Sedena, y seguramente ser\u00e1 un factor de influencia en la sucesi\u00f3n presidencial y en las elecciones en Estado de M\u00e9xico y Coahuila.<\/p>\n\n\n\n<p>Para los estudiosos la relaci\u00f3n de los grupos mafiosos y el Estado son una constante y afloran los intereses en momentos de definiciones.<\/p>\n\n\n\n<p>Hace algunos a\u00f1os el soci\u00f3logo y polit\u00f3logo Charles Tilly, de la Universidad de Columbia, aport\u00f3 algunas reflexiones, quiz\u00e1 interesantes en estos momentos dado el escenario sufrido en M\u00e9xico.<\/p>\n\n\n\n<p>Un art\u00edculo titulado: \u201cGuerra y construcci\u00f3n del estado como crimen organizado\u201d, escrito en 1982 sosten\u00eda entre otras premisas que: \u201clos gobiernos, muchas veces, son las mayores amenazas contra el sustento de sus propios ciudadanos\u2026\u201d, o sea, que los gobiernos funcionan b\u00e1sicamente como las bandas del crimen organizado. Tilly basaba su afirmaci\u00f3n en los textos del historiador Frederic Lane quien aseguraba que \u201clos gobiernos, al igual que las bandas criminales, se dedican a vender protecci\u00f3n\u2026 tanto si la gente la quiero como si no\u2026 El cobro de impuestos a sus s\u00fabditos les permite financiar ej\u00e9rcitos capaces de repeler a sus rivales, extranjeros y nacionales. A la hora de la verdad, la \u00fanica diferencia entre el trabajo del estadista y los mafiosos es de escala, no de principios. En este modelo, la depredaci\u00f3n, la coacci\u00f3n, la pirater\u00eda, el bandolerismo y la extorsi\u00f3n est\u00e1n metidos en el mismo saco que sus parientes honrados de los gobiernos responsables\u2026\u201d.<\/p>\n\n\n\n<p>Visto as\u00ed el escenario en el mundo se vienen dando cada vez m\u00e1s casos donde las mafias se van apoderando de los Estados. Esas nuevas \u00e9lites han sido identificadas en las \u00faltimas d\u00e9cadas, seg\u00fan Mois\u00e9s Na\u00edm, \u201cdesde Rusia y Hungr\u00eda hasta Venezuela, Nicaragua, Turqu\u00eda y, sorprendentemente, Estados Unidos\u2026\u201d,<\/p>\n\n\n\n<p>Resulta obvio que M\u00e9xico no ha podido escapar a estas circunstancias. Los gobiernos posteriores a la Revoluci\u00f3n Mexicana presentan varios ejemplos. El camino de la droga o del alcohol, desde Veracruz a San Luis Potos\u00ed y Chihuahua, pasando por Puebla, no es nada nuevo, varios historiadores, como Juan Alberto Cedillo y m\u00e1s concretamente Francisco Gerardo Haghenbeck en su \u201cPrimavera del Mal\u201d, dan cuenta de la intromisi\u00f3n de los chinos en el mercado de la droga de M\u00e9xico hacia Estados Unidos, dando origen as\u00ed a los primeros carteles del narcotr\u00e1fico.<\/p>\n\n\n\n<p>El caso es que los gobiernos de los Estados y el de la Rep\u00fablica no fueron ajenos a esas actividades, en muchos casos, se toleraron, se controlaron o se aprovech\u00f3 su influencia para obtener beneficios econ\u00f3micos, pero el \u201ctrato\u201d se sali\u00f3 de control y hoy d\u00eda los mexicanos enfrentan un Verano del Mal, cercano a lo que los acad\u00e9micos denominan \u201cel narcoterrorismo\u201d.<\/p>\n\n\n\n<p>La percepci\u00f3n crece en el sentido de que el Gobierno ha sido bloqueado, detenido o acaso secuestrado por el crimen organizado.<\/p>\n\n\n\n<p>O por lo menos, as\u00ed me lo parece.<\/p>\n\n\n\n<p><a href=\"mailto:losperiodistas.com.mx@gmail.com\">losperiodistas.com.mx@gmail.com<\/a><\/p>\n\n\n\n<p><\/p>\n","protected":false},"excerpt":{"rendered":"<p>La percepci\u00f3n de la aparici\u00f3n de un \u00abnarcoterrorismo\u00bb deja la impresi\u00f3n de que el Estado Mexicano ha sido bloqueado, detenido [&hellip;]<\/p>\n","protected":false},"author":1,"featured_media":34514,"comment_status":"open","ping_status":"open","sticky":false,"template":"","format":"standard","meta":{"site-sidebar-layout":"default","site-content-layout":"","ast-site-content-layout":"default","site-content-style":"default","site-sidebar-style":"default","ast-global-header-display":"","ast-banner-title-visibility":"","ast-main-header-display":"","ast-hfb-above-header-display":"","ast-hfb-below-header-display":"","ast-hfb-mobile-header-display":"","site-post-title":"","ast-breadcrumbs-content":"","ast-featured-img":"","footer-sml-layout":"","theme-transparent-header-meta":"","adv-header-id-meta":"","stick-header-meta":"","header-above-stick-meta":"","header-main-stick-meta":"","header-below-stick-meta":"","astra-migrate-meta-layouts":"default","ast-page-background-enabled":"default","ast-page-background-meta":{"desktop":{"background-color":"var(--ast-global-color-4)","background-image":"","background-repeat":"repeat","background-position":"center center","background-size":"auto","background-attachment":"scroll","background-type":"","background-media":"","overlay-type":"","overlay-color":"","overlay-opacity":"","overlay-gradient":""},"tablet":{"background-color":"","background-image":"","background-repeat":"repeat","background-position":"center center","background-size":"auto","background-attachment":"scroll","background-type":"","background-media":"","overlay-type":"","overlay-color":"","overlay-opacity":"","overlay-gradient":""},"mobile":{"background-color":"","background-image":"","background-repeat":"repeat","background-position":"center center","background-size":"auto","background-attachment":"scroll","background-type":"","background-media":"","overlay-type":"","overlay-color":"","overlay-opacity":"","overlay-gradient":""}},"ast-content-background-meta":{"desktop":{"background-color":"var(--ast-global-color-5)","background-image":"","background-repeat":"repeat","background-position":"center center","background-size":"auto","background-attachment":"scroll","background-type":"","background-media":"","overlay-type":"","overlay-color":"","overlay-opacity":"","overlay-gradient":""},"tablet":{"background-color":"var(--ast-global-color-5)","background-image":"","background-repeat":"repeat","background-position":"center center","background-size":"auto","background-attachment":"scroll","background-type":"","background-media":"","overlay-type":"","overlay-color":"","overlay-opacity":"","overlay-gradient":""},"mobile":{"background-color":"var(--ast-global-color-5)","background-image":"","background-repeat":"repeat","background-position":"center center","background-size":"auto","background-attachment":"scroll","background-type":"","background-media":"","overlay-type":"","overlay-color":"","overlay-opacity":"","overlay-gradient":""}},"footnotes":""},"categories":[8,5],"tags":[2127,11994,3262,936],"class_list":["post-34513","post","type-post","status-publish","format-standard","has-post-thumbnail","hentry","category-noticias","category-por-soleares","tag-guardia-nacional","tag-narcoterrorismo","tag-sedena","tag-violencia-mexico"],"_links":{"self":[{"href":"https:\/\/losperiodistas.com.mx\/portal\/wp-json\/wp\/v2\/posts\/34513","targetHints":{"allow":["GET"]}}],"collection":[{"href":"https:\/\/losperiodistas.com.mx\/portal\/wp-json\/wp\/v2\/posts"}],"about":[{"href":"https:\/\/losperiodistas.com.mx\/portal\/wp-json\/wp\/v2\/types\/post"}],"author":[{"embeddable":true,"href":"https:\/\/losperiodistas.com.mx\/portal\/wp-json\/wp\/v2\/users\/1"}],"replies":[{"embeddable":true,"href":"https:\/\/losperiodistas.com.mx\/portal\/wp-json\/wp\/v2\/comments?post=34513"}],"version-history":[{"count":1,"href":"https:\/\/losperiodistas.com.mx\/portal\/wp-json\/wp\/v2\/posts\/34513\/revisions"}],"predecessor-version":[{"id":34515,"href":"https:\/\/losperiodistas.com.mx\/portal\/wp-json\/wp\/v2\/posts\/34513\/revisions\/34515"}],"wp:featuredmedia":[{"embeddable":true,"href":"https:\/\/losperiodistas.com.mx\/portal\/wp-json\/wp\/v2\/media\/34514"}],"wp:attachment":[{"href":"https:\/\/losperiodistas.com.mx\/portal\/wp-json\/wp\/v2\/media?parent=34513"}],"wp:term":[{"taxonomy":"category","embeddable":true,"href":"https:\/\/losperiodistas.com.mx\/portal\/wp-json\/wp\/v2\/categories?post=34513"},{"taxonomy":"post_tag","embeddable":true,"href":"https:\/\/losperiodistas.com.mx\/portal\/wp-json\/wp\/v2\/tags?post=34513"}],"curies":[{"name":"wp","href":"https:\/\/api.w.org\/{rel}","templated":true}]}}