{"id":3450,"date":"2021-01-18T04:13:06","date_gmt":"2021-01-18T10:13:06","guid":{"rendered":"http:\/\/losperiodistas.com.mx\/portal\/?p=3450"},"modified":"2021-01-18T04:13:06","modified_gmt":"2021-01-18T10:13:06","slug":"caso-cienfuegos-ongs-pidieron-a-amlo-remover-de-su-cargo-a-gertz-manero-titular-de-la-fgr-infobae","status":"publish","type":"post","link":"https:\/\/losperiodistas.com.mx\/portal\/caso-cienfuegos-ongs-pidieron-a-amlo-remover-de-su-cargo-a-gertz-manero-titular-de-la-fgr-infobae\/","title":{"rendered":"Caso Cienfuegos: ONGs pidieron a AMLO remover de su cargo a Gertz Manero, titular de la FGR | Infobae"},"content":{"rendered":"\n<p style=\"font-size:18px\"><em>De acuerdo con los firmantes, el funcionario falt\u00f3 a su obligaci\u00f3n de dirigir una investigaci\u00f3n seria y exhaustiva sobre los cargos en contra del ex secretario de la Defensa Nacional<\/em><\/p>\n\n\n\n<p class=\"has-vivid-cyan-blue-color has-text-color has-medium-font-size\">INFOBAE<\/p>\n\n\n\n<p><strong>Organizaciones no gubernamentales&nbsp;<\/strong>(ONG\u2019s), colectivos, funcionarios p\u00fablicos y ciudadanos solicitaron al presidente de M\u00e9xico,&nbsp;<strong>Andr\u00e9s Manuel L\u00f3pez Obrador<\/strong>,&nbsp;<strong>remover de su cargo al titular de la Fiscal\u00eda General de la Rep\u00fablica, Alejandro Gertz Manero.<\/strong><\/p>\n\n\n\n<p>A trav\u00e9s de un comunicado, se\u00f1alaron que la actuaci\u00f3n de la FGR frente a las acusaciones documentadas en Estados Unidos sobre el caso del ex secretario de la Defensa Nacional, el&nbsp;<strong>general Salvador Cienfuegos<\/strong>, deja en claro que&nbsp;<mark><strong>\u201cen M\u00e9xico los militares son intocables\u201d<\/strong><\/mark>.Solicitamos al presidente que: con base en el art\u00edculo 102, apartado A, fracci\u00f3n IV, que remueva al Dr. Alejandro Gertz Manero como titular de la Fiscal\u00eda General de la Rep\u00fablica<\/p>\n\n\n\n<p>De la misma forma, acusaron que el fiscal\u00a0<strong>no est\u00e1 defendiendo su autonom\u00eda<\/strong>, pues \u201cha sido el\u00a0<strong>presidente de la Rep\u00fablica quien ha sentado las pautas de actuaci\u00f3n que rigen a la Fiscal\u00eda<\/strong>\u201d, indicaron los firmantes.<\/p>\n\n\n\n<p><img fetchpriority=\"high\" decoding=\"async\" alt=\"Los firmantes manifestaron su desacuerdo con las acciones del fiscal Gertz Manero frente al caso Cienfuegos (Foto: captura de pantalla)\" height=\"660\" src=\"https:\/\/www.infobae.com\/new-resizer\/BnGdWYPpCdNkRVoydi-cpxwZo_4=\/420x560\/filters:format(jpg):quality(85)\/\/cloudfront-us-east-1.images.arcpublishing.com\/infobae\/3XGZM6GPRJHR7CRBRGW4Z2RHAU.png\" width=\"510\">Los firmantes manifestaron su desacuerdo con las acciones del fiscal Gertz Manero frente al caso Cienfuegos (Foto: captura de pantalla)<\/p>\n\n\n\n<p>Para muestra de ello, argumentaron que la solicitud de extradici\u00f3n del ex militar fue hecha por el canciller&nbsp;<strong>Marcelo Ebrard<\/strong>, mismo que dio a conocer lo referente al traslado de Cienfuegos y al no ejercicio de acci\u00f3n penal.&nbsp;<\/p>\n\n\n\n<p>Adicionalmente, y atendiendo a las instrucciones del mandatario, el secretario de Relaciones Exteriores (SRE)&nbsp;<strong>p\u00fablico el expediente entregado por las autoridades estadounidenses.<\/strong><\/p>\n\n\n\n<p><mark><strong>\u201cEs decir, las comunicaciones no se dieron entre fiscales, como debiera ser ante cualquier acuerdo de colaboraci\u00f3n en materia penal\u201d<\/strong><\/mark>, indica el posicionamiento.<\/p>\n\n\n\n<p>As\u00ed pues, denunciaron que la ausencia de acciones por parte de Gertz Manero para defender la autonom\u00eda de la FGR es una&nbsp;<strong>violaci\u00f3n directa al art\u00edculo 102, apartado A de la Constituci\u00f3n<\/strong>, \u201cque establece que la instituci\u00f3n federal encargada de la procuraci\u00f3n de justicia ser\u00e1 un<mark><strong>&nbsp;\u00f3rgano p\u00fablico aut\u00f3nomo<\/strong><\/mark>, lo que significa que<mark><strong>&nbsp;no debe estar sujeto a ning\u00fan poder pol\u00edtico,<\/strong><\/mark>&nbsp;sea formal o f\u00e1ctico.\u201d<img decoding=\"async\" alt=\"Salvador Cienfuegos, ex secretario de la Defensa Nacional, fue exonerado de todos los cargos en su contra (Foto: EFE \/ Jos\u00e9 M\u00e9ndez)\n\" height=\"3364\" src=\"https:\/\/www.infobae.com\/new-resizer\/3MoJ-XR7rsd9iF14rGqqm0T11v8=\/420x315\/filters:format(jpg):quality(85)\/\/cloudfront-us-east-1.images.arcpublishing.com\/infobae\/IYVPU47IIVHULJ7H2DBXIPJKCY.jpg\" width=\"4646\">Salvador Cienfuegos, ex secretario de la Defensa Nacional, fue exonerado de todos los cargos en su contra (Foto: EFE \/ Jos\u00e9 M\u00e9ndez)<\/p>\n\n\n\n<p>Aunado a esto, las ONG\u2019s se\u00f1alaron que el fiscal ten\u00eda la obligaci\u00f3n de<strong>&nbsp;dirigir una investigaci\u00f3n seria y exhaustiva&nbsp;<\/strong>sobre los cargos en contra del general Cienfuegos, con acciones como la recopilaci\u00f3n de testimonios de posibles v\u00edctimas de&nbsp;<strong>violaciones a derechos humanos<\/strong>,&nbsp;<strong>actos de corrupci\u00f3n&nbsp;<\/strong>y&nbsp;<strong>cr\u00edmenes de lesa humanidad<\/strong>, que se hubieran cometido cuando dicho sujeto era titular de la Secretaria de la Defensa Nacional (Sedena).<\/p>\n\n\n\n<p>Por otra parte, enlistaron los siguientes \u201cdesacatos\u201d cometidos por el titular de la FGR:&nbsp;<\/p>\n\n\n\n<p>\u201c<strong>Incumplimiento&nbsp;<\/strong>de diversos aspectos&nbsp;<strong>de la Ley Org\u00e1nica&nbsp;<\/strong>de la Fiscal\u00eda,&nbsp;<strong>nombramiento de fiscales especiales&nbsp;<\/strong>sin respetar lo dispuesto en la Constituci\u00f3n y en la ley,&nbsp;<strong>ausencia de acciones&nbsp;<\/strong>para llevar a cabo la transformaci\u00f3n y la transici\u00f3n de la Procuradur\u00eda General de la Rep\u00fablica (PGR) a la Fiscal\u00eda, como \u00f3rgano aut\u00f3nomo; y&nbsp;<strong>perpetuaci\u00f3n&nbsp;<\/strong>de esquemas que hist\u00f3ricamente han demostrado ser ineficaces y que, por tanto, han conservado los altos niveles de&nbsp;<strong>impunidad&nbsp;<\/strong>de este pa\u00eds\u201d<img decoding=\"async\" alt=\"De acuerdo con las ONG's, Gertz Manero incumpli\u00f3 a su deber de hacer respetar la autonom\u00eda de la Fiscal\u00eda General de la Rep\u00fablica (Foto: EFE \/ Mario Guzm\u00e1n)\n\" height=\"2741\" src=\"https:\/\/www.infobae.com\/new-resizer\/lduFYNRlZmYP55j7M4lhpYuPpRE=\/420x280\/filters:format(jpg):quality(85)\/\/cloudfront-us-east-1.images.arcpublishing.com\/infobae\/MZQ2WU7OMFCX3G2IYF6NBJWLKE.jpg\" width=\"4000\">De acuerdo con las ONG&#8217;s, Gertz Manero incumpli\u00f3 a su deber de hacer respetar la autonom\u00eda de la Fiscal\u00eda General de la Rep\u00fablica (Foto: EFE \/ Mario Guzm\u00e1n)<\/p>\n\n\n\n<p>Manifestaron que el cierre de las investigaciones en torno al general Cienfuegos se traduce en la&nbsp;<mark><strong>imposibilidad de que en M\u00e9xico se investigue de manera \u201cefectiva y eficiente a las altas esferas del poder, cuando cometen delitos o violaciones a derechos humanos\u201d.<\/strong><\/mark><\/p>\n\n\n\n<p><strong>\u201cSe cierran las posibilidades de nuestro derecho a la verdad como sociedad y del derecho de acceso a la justicia para las v\u00edctimas<\/strong>. En tal sentido, resulta claro que M\u00e9xico necesita un Mecanismo Internacional contra la Impunidad, que garantice investigaciones imparciales y aut\u00f3nomas\u201d<\/p>\n\n\n\n<p>Al Senado de la Rep\u00fablica pidieron:\u00a0<strong>citar Gertz Manero para que rinda cuentas sobre este y otros procesos<\/strong>, as\u00ed como sobre un \u201cincumplimiento reiterado\u201d a la Ley Org\u00e1nica de la FGR;\u00a0<strong>extender una convocatoria para elegir a un nuevo fiscal\u00a0<\/strong>conforme a la Constituci\u00f3n; solicitar a la FGR o a los \u00f3rganos competentes\u00a0<strong>comenzar una investigaci\u00f3n sobre las acciones de Gertz Manero<\/strong>; desechar la abrogaci\u00f3n de la actual Ley Org\u00e1nica de la Fiscal\u00eda General de la Rep\u00fablica; y atender las recomendaciones de la oficina del Alto Comisionado para los Derechos Humanos de M\u00e9xico.<\/p>\n\n\n\n<p>Fuente: https:\/\/www.infobae.com\/america\/mexico\/2021\/01\/18\/caso-cienfuegos-ongs-pidieron-a-amlo-remover-de-su-cargo-a-gertz-manero-titular-de-la-fgr\/<\/p>\n","protected":false},"excerpt":{"rendered":"<p>De acuerdo con los firmantes, el funcionario falt\u00f3 a su obligaci\u00f3n de dirigir una investigaci\u00f3n seria y exhaustiva sobre los [&hellip;]<\/p>\n","protected":false},"author":1,"featured_media":3451,"comment_status":"open","ping_status":"open","sticky":false,"template":"","format":"standard","meta":{"site-sidebar-layout":"default","site-content-layout":"","ast-site-content-layout":"default","site-content-style":"default","site-sidebar-style":"default","ast-global-header-display":"","ast-banner-title-visibility":"","ast-main-header-display":"","ast-hfb-above-header-display":"","ast-hfb-below-header-display":"","ast-hfb-mobile-header-display":"","site-post-title":"","ast-breadcrumbs-content":"","ast-featured-img":"","footer-sml-layout":"","theme-transparent-header-meta":"","adv-header-id-meta":"","stick-header-meta":"","header-above-stick-meta":"","header-main-stick-meta":"","header-below-stick-meta":"","astra-migrate-meta-layouts":"default","ast-page-background-enabled":"default","ast-page-background-meta":{"desktop":{"background-color":"var(--ast-global-color-4)","background-image":"","background-repeat":"repeat","background-position":"center center","background-size":"auto","background-attachment":"scroll","background-type":"","background-media":"","overlay-type":"","overlay-color":"","overlay-opacity":"","overlay-gradient":""},"tablet":{"background-color":"","background-image":"","background-repeat":"repeat","background-position":"center center","background-size":"auto","background-attachment":"scroll","background-type":"","background-media":"","overlay-type":"","overlay-color":"","overlay-opacity":"","overlay-gradient":""},"mobile":{"background-color":"","background-image":"","background-repeat":"repeat","background-position":"center center","background-size":"auto","background-attachment":"scroll","background-type":"","background-media":"","overlay-type":"","overlay-color":"","overlay-opacity":"","overlay-gradient":""}},"ast-content-background-meta":{"desktop":{"background-color":"var(--ast-global-color-5)","background-image":"","background-repeat":"repeat","background-position":"center center","background-size":"auto","background-attachment":"scroll","background-type":"","background-media":"","overlay-type":"","overlay-color":"","overlay-opacity":"","overlay-gradient":""},"tablet":{"background-color":"var(--ast-global-color-5)","background-image":"","background-repeat":"repeat","background-position":"center center","background-size":"auto","background-attachment":"scroll","background-type":"","background-media":"","overlay-type":"","overlay-color":"","overlay-opacity":"","overlay-gradient":""},"mobile":{"background-color":"var(--ast-global-color-5)","background-image":"","background-repeat":"repeat","background-position":"center center","background-size":"auto","background-attachment":"scroll","background-type":"","background-media":"","overlay-type":"","overlay-color":"","overlay-opacity":"","overlay-gradient":""}},"footnotes":""},"categories":[8],"tags":[],"class_list":["post-3450","post","type-post","status-publish","format-standard","has-post-thumbnail","hentry","category-noticias"],"_links":{"self":[{"href":"https:\/\/losperiodistas.com.mx\/portal\/wp-json\/wp\/v2\/posts\/3450","targetHints":{"allow":["GET"]}}],"collection":[{"href":"https:\/\/losperiodistas.com.mx\/portal\/wp-json\/wp\/v2\/posts"}],"about":[{"href":"https:\/\/losperiodistas.com.mx\/portal\/wp-json\/wp\/v2\/types\/post"}],"author":[{"embeddable":true,"href":"https:\/\/losperiodistas.com.mx\/portal\/wp-json\/wp\/v2\/users\/1"}],"replies":[{"embeddable":true,"href":"https:\/\/losperiodistas.com.mx\/portal\/wp-json\/wp\/v2\/comments?post=3450"}],"version-history":[{"count":1,"href":"https:\/\/losperiodistas.com.mx\/portal\/wp-json\/wp\/v2\/posts\/3450\/revisions"}],"predecessor-version":[{"id":3452,"href":"https:\/\/losperiodistas.com.mx\/portal\/wp-json\/wp\/v2\/posts\/3450\/revisions\/3452"}],"wp:featuredmedia":[{"embeddable":true,"href":"https:\/\/losperiodistas.com.mx\/portal\/wp-json\/wp\/v2\/media\/3451"}],"wp:attachment":[{"href":"https:\/\/losperiodistas.com.mx\/portal\/wp-json\/wp\/v2\/media?parent=3450"}],"wp:term":[{"taxonomy":"category","embeddable":true,"href":"https:\/\/losperiodistas.com.mx\/portal\/wp-json\/wp\/v2\/categories?post=3450"},{"taxonomy":"post_tag","embeddable":true,"href":"https:\/\/losperiodistas.com.mx\/portal\/wp-json\/wp\/v2\/tags?post=3450"}],"curies":[{"name":"wp","href":"https:\/\/api.w.org\/{rel}","templated":true}]}}