{"id":34497,"date":"2022-08-14T07:51:01","date_gmt":"2022-08-14T12:51:01","guid":{"rendered":"http:\/\/losperiodistas.com.mx\/portal\/?p=34497"},"modified":"2022-08-14T07:51:52","modified_gmt":"2022-08-14T12:51:52","slug":"es-posible-reinventar-el-capitalismo-ethic","status":"publish","type":"post","link":"https:\/\/losperiodistas.com.mx\/portal\/es-posible-reinventar-el-capitalismo-ethic\/","title":{"rendered":"\u00bfEs posible reinventar el capitalismo? | Ethic"},"content":{"rendered":"\n<h2 class=\"wp-block-heading\">Avanzar hacia un nuevo modelo econ\u00f3mico m\u00e1s sostenible e inclusivo requiere un marco de estabilidad y paz que garantice el ejercicio de las libertades individuales y colectivas<\/h2>\n\n\n\n<p><\/p>\n\n\n\n<figure class=\"wp-block-image size-large is-style-default\"><img fetchpriority=\"high\" decoding=\"async\" width=\"1024\" height=\"614\" src=\"https:\/\/losperiodistas.com.mx\/portal\/wp-content\/uploads\/2022\/08\/Copia-de-image-67-1-1024x614.jpg\" alt=\"\" class=\"wp-image-34499\" srcset=\"https:\/\/losperiodistas.com.mx\/portal\/wp-content\/uploads\/2022\/08\/Copia-de-image-67-1-1024x614.jpg 1024w, https:\/\/losperiodistas.com.mx\/portal\/wp-content\/uploads\/2022\/08\/Copia-de-image-67-1-300x180.jpg 300w, https:\/\/losperiodistas.com.mx\/portal\/wp-content\/uploads\/2022\/08\/Copia-de-image-67-1-768x461.jpg 768w, https:\/\/losperiodistas.com.mx\/portal\/wp-content\/uploads\/2022\/08\/Copia-de-image-67-1.jpg 1500w\" sizes=\"(max-width: 1024px) 100vw, 1024px\" \/><\/figure>\n\n\n\n<p><\/p>\n\n\n\n<p class=\"has-vivid-cyan-blue-color has-text-color has-medium-font-size\">ISABEL L\u00d3PEZ TRIANA \/ ETHIC<\/p>\n\n\n\n<p>Asistimos a una nueva etapa del capitalismo y el desarrollo global. Una latente reformulaci\u00f3n que se hace m\u00e1s necesaria que nunca en&nbsp;<strong>un contexto todav\u00eda pand\u00e9mico agravado por la guerra en Ucrania como tel\u00f3n de fondo.<\/strong><\/p>\n\n\n\n<p><strong>Si las personas y el planeta decaen, el sistema econ\u00f3mico no puede sostenerse.<\/strong>\u00a0Y este debate est\u00e1 presente en el entorno empresarial a trav\u00e9s del activismo accionarial y las nuevas exigencias regulatorias en materia de sostenibilidad y transparencia. Pero \u00bfqu\u00e9 opina la sociedad espa\u00f1ola del sistema capitalista?<\/p>\n\n\n\n<p>En el estudio&nbsp;<a href=\"https:\/\/www.canvasconsultores.com\/proposito-y-capitalismo\/\" target=\"_blank\" rel=\"noreferrer noopener\"><em>Prop\u00f3sito y reinvenci\u00f3n del capitalismo<\/em><\/a>&nbsp;que hemos elaborado,<strong>&nbsp;la ciudadan\u00eda muestra un claro consenso en que el modelo econ\u00f3mico y social actual necesita una profunda transformaci\u00f3n<\/strong>&nbsp;en un sistema que se preocupe m\u00e1s por las personas y el planeta. Sin embargo, existe una clara desconfianza en los organismos y empresas como agentes capaces de acometer los avances hacia un nuevo modelo m\u00e1s sostenible e inclusivo.<\/p>\n\n\n\n<figure class=\"wp-block-pullquote\"><blockquote><p><strong><em>\u00abOcho de cada diez ciudadanos espa\u00f1oles considera que el sistema debe transformarse\u00bb<\/em><\/strong><\/p><\/blockquote><\/figure>\n\n\n\n<p>Seg\u00fan este estudio, realizado a partir de una consulta a m\u00e1s de 1.000 personas, la ciudadan\u00eda espa\u00f1ola suspende con una media de 3,5 sobre 10 el desempe\u00f1o social, ambiental y econ\u00f3mico del actual sistema. Adem\u00e1s,&nbsp;<strong>ocho de cada diez personas consideran que el capitalismo necesita mucha o bastante transformaci\u00f3n<\/strong>&nbsp;pensando en los efectos para el conjunto de la sociedad y el planeta.<\/p>\n\n\n\n<p>La ciudadan\u00eda confiesa estar m\u00e1s preocupada por los impactos negativos del sistema en \u00e1mbitos relacionados con necesidades b\u00e1sicas, como el trabajo decente y el cuidado de la salud humana y del planeta, como fundamentos para un sistema socioecon\u00f3mico saludable. En el \u00e1mbito empresarial, espera que las organizaciones den el paso de ser compa\u00f1\u00edas cuyo objetivo es exclusivamente el beneficio econ\u00f3mico, a ser&nbsp;<strong>empresas con prop\u00f3sito<\/strong>&nbsp;que equilibren su cuenta de resultados con&nbsp;<a href=\"https:\/\/ethic.es\/2018\/10\/activismo-marca-proposito\/\" target=\"_blank\" rel=\"noreferrer noopener\">generar un impacto positivo<\/a>&nbsp;en su entorno. En este sentido, siete de cada diez personas consideran total o bastante necesario que las empresas velen por ese triple impacto social, ambiental y econ\u00f3mico.<\/p>\n\n\n\n<p>No hay que olvidar que para el desarrollo de esta transformaci\u00f3n es necesario un marco de estabilidad y paz entre los Estados, en el que est\u00e9&nbsp;<strong>garantizado el ejercicio de la libertad<\/strong>&nbsp;tanto individual como colectiva y el respeto a los derechos humanos. Este ser\u00e1 un reto fundamental al que, como sociedad, debemos enfrentarnos unidos con un mismo objetivo: avanzar hacia nuevos modelos econ\u00f3micos y empresariales que aseguren la prosperidad compartida y la recuperaci\u00f3n de la salud del planeta.<\/p>\n\n\n\n<hr class=\"wp-block-separator\"\/>\n\n\n\n<p><em>Isabel L\u00f3pez Triana es directora general de\u00a0<a href=\"https:\/\/www.canvasconsultores.com\/\" target=\"_blank\" rel=\"noreferrer noopener\">CANVAS<\/a>.<\/em><\/p>\n\n\n\n<p><img decoding=\"async\" src=\"https:\/\/484714.smushcdn.com\/974887\/wp-content\/uploads\/2018\/12\/isabel-ConvertImage.jpg?lossy=1&amp;strip=1&amp;webp=1\"><\/p>\n\n\n\n<p><a href=\"https:\/\/twitter.com\/Ilopeztriana\">@Ilopeztriana<\/a><\/p>\n\n\n\n<p>Fuente: https:\/\/ethic.es\/2022\/08\/es-posible-reinventar-el-capitalismo\/<\/p>\n","protected":false},"excerpt":{"rendered":"<p>Avanzar hacia un nuevo modelo econ\u00f3mico m\u00e1s sostenible e inclusivo requiere un marco de estabilidad y paz que garantice el [&hellip;]<\/p>\n","protected":false},"author":1,"featured_media":34499,"comment_status":"open","ping_status":"open","sticky":false,"template":"","format":"standard","meta":{"site-sidebar-layout":"default","site-content-layout":"","ast-site-content-layout":"default","site-content-style":"default","site-sidebar-style":"default","ast-global-header-display":"","ast-banner-title-visibility":"","ast-main-header-display":"","ast-hfb-above-header-display":"","ast-hfb-below-header-display":"","ast-hfb-mobile-header-display":"","site-post-title":"","ast-breadcrumbs-content":"","ast-featured-img":"","footer-sml-layout":"","theme-transparent-header-meta":"","adv-header-id-meta":"","stick-header-meta":"","header-above-stick-meta":"","header-main-stick-meta":"","header-below-stick-meta":"","astra-migrate-meta-layouts":"default","ast-page-background-enabled":"default","ast-page-background-meta":{"desktop":{"background-color":"var(--ast-global-color-4)","background-image":"","background-repeat":"repeat","background-position":"center center","background-size":"auto","background-attachment":"scroll","background-type":"","background-media":"","overlay-type":"","overlay-color":"","overlay-opacity":"","overlay-gradient":""},"tablet":{"background-color":"","background-image":"","background-repeat":"repeat","background-position":"center center","background-size":"auto","background-attachment":"scroll","background-type":"","background-media":"","overlay-type":"","overlay-color":"","overlay-opacity":"","overlay-gradient":""},"mobile":{"background-color":"","background-image":"","background-repeat":"repeat","background-position":"center center","background-size":"auto","background-attachment":"scroll","background-type":"","background-media":"","overlay-type":"","overlay-color":"","overlay-opacity":"","overlay-gradient":""}},"ast-content-background-meta":{"desktop":{"background-color":"var(--ast-global-color-5)","background-image":"","background-repeat":"repeat","background-position":"center center","background-size":"auto","background-attachment":"scroll","background-type":"","background-media":"","overlay-type":"","overlay-color":"","overlay-opacity":"","overlay-gradient":""},"tablet":{"background-color":"var(--ast-global-color-5)","background-image":"","background-repeat":"repeat","background-position":"center center","background-size":"auto","background-attachment":"scroll","background-type":"","background-media":"","overlay-type":"","overlay-color":"","overlay-opacity":"","overlay-gradient":""},"mobile":{"background-color":"var(--ast-global-color-5)","background-image":"","background-repeat":"repeat","background-position":"center center","background-size":"auto","background-attachment":"scroll","background-type":"","background-media":"","overlay-type":"","overlay-color":"","overlay-opacity":"","overlay-gradient":""}},"footnotes":""},"categories":[8],"tags":[11989],"class_list":["post-34497","post","type-post","status-publish","format-standard","has-post-thumbnail","hentry","category-noticias","tag-capitalismo"],"_links":{"self":[{"href":"https:\/\/losperiodistas.com.mx\/portal\/wp-json\/wp\/v2\/posts\/34497","targetHints":{"allow":["GET"]}}],"collection":[{"href":"https:\/\/losperiodistas.com.mx\/portal\/wp-json\/wp\/v2\/posts"}],"about":[{"href":"https:\/\/losperiodistas.com.mx\/portal\/wp-json\/wp\/v2\/types\/post"}],"author":[{"embeddable":true,"href":"https:\/\/losperiodistas.com.mx\/portal\/wp-json\/wp\/v2\/users\/1"}],"replies":[{"embeddable":true,"href":"https:\/\/losperiodistas.com.mx\/portal\/wp-json\/wp\/v2\/comments?post=34497"}],"version-history":[{"count":2,"href":"https:\/\/losperiodistas.com.mx\/portal\/wp-json\/wp\/v2\/posts\/34497\/revisions"}],"predecessor-version":[{"id":34501,"href":"https:\/\/losperiodistas.com.mx\/portal\/wp-json\/wp\/v2\/posts\/34497\/revisions\/34501"}],"wp:featuredmedia":[{"embeddable":true,"href":"https:\/\/losperiodistas.com.mx\/portal\/wp-json\/wp\/v2\/media\/34499"}],"wp:attachment":[{"href":"https:\/\/losperiodistas.com.mx\/portal\/wp-json\/wp\/v2\/media?parent=34497"}],"wp:term":[{"taxonomy":"category","embeddable":true,"href":"https:\/\/losperiodistas.com.mx\/portal\/wp-json\/wp\/v2\/categories?post=34497"},{"taxonomy":"post_tag","embeddable":true,"href":"https:\/\/losperiodistas.com.mx\/portal\/wp-json\/wp\/v2\/tags?post=34497"}],"curies":[{"name":"wp","href":"https:\/\/api.w.org\/{rel}","templated":true}]}}