{"id":34478,"date":"2022-08-16T03:28:00","date_gmt":"2022-08-16T08:28:00","guid":{"rendered":"http:\/\/losperiodistas.com.mx\/portal\/?p=34478"},"modified":"2022-08-16T03:28:00","modified_gmt":"2022-08-16T08:28:00","slug":"munoz-ledo-critica-militarizacion-de-amlo-los-soldados-y-marinos-no-son-corcholatas-el-financiero","status":"publish","type":"post","link":"https:\/\/losperiodistas.com.mx\/portal\/munoz-ledo-critica-militarizacion-de-amlo-los-soldados-y-marinos-no-son-corcholatas-el-financiero\/","title":{"rendered":"Mu\u00f1oz Ledo critica \u2018militarizaci\u00f3n\u2019 de AMLO: \u2018Los soldados y marinos no son \u2018corcholatas\u2019 | El Financiero"},"content":{"rendered":"\n<h2 class=\"wp-block-heading\">A trav\u00e9s de su carta \u2018Llamado a restaurar la Rep\u00fablica\u2019, Mu\u00f1oz Ledo dijo que las fuerzas armadas no deb\u00edan estar al servicio de \u2018Caciques Tropicales\u2019.<\/h2>\n\n\n\n<p><\/p>\n\n\n\n<figure class=\"wp-block-image size-full\"><img fetchpriority=\"high\" decoding=\"async\" width=\"800\" height=\"450\" src=\"https:\/\/losperiodistas.com.mx\/portal\/wp-content\/uploads\/2022\/08\/N55VPVPLYJDZZINJRMJF6KXK3M.jpeg\" alt=\"\" class=\"wp-image-34609\" srcset=\"https:\/\/losperiodistas.com.mx\/portal\/wp-content\/uploads\/2022\/08\/N55VPVPLYJDZZINJRMJF6KXK3M.jpeg 800w, https:\/\/losperiodistas.com.mx\/portal\/wp-content\/uploads\/2022\/08\/N55VPVPLYJDZZINJRMJF6KXK3M-300x169.jpeg 300w, https:\/\/losperiodistas.com.mx\/portal\/wp-content\/uploads\/2022\/08\/N55VPVPLYJDZZINJRMJF6KXK3M-768x432.jpeg 768w\" sizes=\"(max-width: 800px) 100vw, 800px\" \/><figcaption>Porfirio Mu\u00f1oz Ledo asegur\u00f3 que la decisi\u00f3n de transferir la Guardia Nacional a la Sedena es una violaci\u00f3n constitucional de AMLO.\u00a0(Cuartoscuro)<\/figcaption><\/figure>\n\n\n\n<p class=\"has-vivid-cyan-blue-color has-text-color has-medium-font-size\">REDACCI\u00d3N EL FINANCIERO<\/p>\n\n\n\n<p>Porfirio Mu\u00f1oz Ledo, expresidente de la C\u00e1mara de Diputados, llam\u00f3 a la ciudadan\u00eda a denunciar y combatir \u201cel s\u00f3rdido&nbsp;<strong>prop\u00f3sito de militarizar el pa\u00eds al final del sexenio<\/strong>\u201d, esto tras el anuncio del presidente Andr\u00e9s Manuel L\u00f3pez Obrador para&nbsp;<a href=\"https:\/\/www.elfinanciero.com.mx\/opinion\/eduardo-guerrero-gutierrez\/2022\/08\/15\/cual-es-el-mejor-lugar-para-la-guardia-nacional\/\" target=\"_blank\" rel=\"noreferrer noopener\">hacer que la Guardia Nacional pase a depender de la Secretar\u00eda de Defensa Nacional (Sedena)<\/a>.<\/p>\n\n\n\n<p>La misiva de Ledo titulada \u201cLlamado a restaurar la Rep\u00fablica\u201d explica que&nbsp;<a href=\"https:\/\/www.elfinanciero.com.mx\/nacional\/2022\/06\/05\/en-donde-quedo-el-respeto-lopez-obrador-munoz-ledo-acusa-a-amlo-de-discriminacion\/\" target=\"_blank\" rel=\"noreferrer noopener\">el mandatario pretende \u201centregar a las fuerzas armadas<\/a><strong>&nbsp;el control del aparato del estado<\/strong>\u201d como una grave violaci\u00f3n constitucional.<\/p>\n\n\n\n<p>Entre las acusaciones emitidas por Ledo se dice que hay \u201c<a href=\"https:\/\/www.elfinanciero.com.mx\/nacional\/2022\/06\/03\/amlo-responde-a-munoz-ledo-acusacion-por-vinculo-con-el-narcotrafico-es-corriente-y-vulgar\/\" target=\"_blank\" rel=\"noreferrer noopener\">una guerra interna pactada entre el gobierno con el crimen<\/a>\u201d. Adem\u00e1s expres\u00f3 que tener a los militares&nbsp;<strong>en las calles se acompa\u00f1aba del \u201cderrame indetenible de sangre ciudadana\u201d<\/strong>.<\/p>\n\n\n\n<p>Por las olas de violencia y&nbsp;<a href=\"https:\/\/www.elfinanciero.com.mx\/opinion\/juan-antonio-garcia-villa\/2022\/08\/12\/la-guardia-nacional-es-institucion-civil-no-militar\/\" target=\"_blank\" rel=\"noreferrer noopener\">la posible trasferencia de la Guardia Nacional a la Sedena<\/a>, Mu\u00f1oz Ledo advirti\u00f3 que las fuerzas armadas deben estar a disposici\u00f3n de las libertades p\u00fablicas.<\/p>\n\n\n\n<p>\u201cNuestros her\u00f3icos soldados y marinos<a href=\"https:\/\/www.elfinanciero.com.mx\/nacional\/2022\/08\/11\/onu-pide-a-amlo-que-guardia-nacional-siga-manteniendo-su-caracter-civil\/\" target=\"_blank\" rel=\"noreferrer noopener\">&nbsp;no son \u2018corcholatas\u2019 al servicio de caciques tropicales<\/a>, sino el ultimo reducto de la soberan\u00eda nacional y de las libertades p\u00fablicas\u201d, se lee en el comunicado.<\/p>\n\n\n\n<p>\u201cRechacemos la provocaci\u00f3n y la mentira. Forjemos la unidad combatiente por la paz. Ejerzamos el derecho sagrado de resistencia a la opresi\u00f3n. Toda flaqueza frente al despotismo es un suicidio anticipado\u201d, invit\u00f3 el fundador del PRD en su carta.<\/p>\n\n\n\n<figure class=\"wp-block-embed is-type-rich is-provider-twitter wp-block-embed-twitter\"><div class=\"wp-block-embed__wrapper\">\nhttps:\/\/twitter.com\/PMunozLedo\/status\/1559350608150380546?ref_src=twsrc%5Etfw%7Ctwcamp%5Etweetembed%7Ctwterm%5E1559350608150380546%7Ctwgr%5E95b4fc6b7835766cbece9bb1c40870b62420b90c%7Ctwcon%5Es1_c10&#038;ref_url=https%3A%2F%2Fwww.elfinanciero.com.mx%2Fnacional%2F2022%2F08%2F15%2Fmunoz-ledo-critica-militarizacion-de-amlo-los-soldados-y-marinos-no-son-corcholatas%2F\n<\/div><\/figure>\n\n\n\n<h2 class=\"wp-block-heading\">No es la primera vez que Ledo se lanza contra AMLO<\/h2>\n\n\n\n<p>El 2 de junio, Mu\u00f1oz Ledo estim\u00f3 que el presidente Andr\u00e9s Manuel L\u00f3pez Obrador \u201cpiensa heredar al siguiente gobierno su asociaci\u00f3n con los delincuentes\u201d del narcotr\u00e1fico.<\/p>\n\n\n\n<p>Sin embargo, le advirti\u00f3 que \u201cva a ser un enfrentamiento muy serio esa transferencia de lealtades y de asociaciones\u201d.<\/p>\n\n\n\n<p>Al d\u00eda siguiente, el Presidente Andr\u00e9s Manuel L\u00f3pez Obrador dijo que la declaraci\u00f3n de Ledo buscaba desprestigiarlo en v\u00edsperas de las&nbsp;<strong>elecciones estatales del 5 de junio<\/strong>&nbsp;y la calific\u00f3 de \u201ccorriente y vulgar\u201d.<\/p>\n\n\n\n<p>\u201cEs realmente muy corriente, muy vulgar todo esto, lo lamento porque el licenciado\u00a0<strong>Mu\u00f1oz Ledo me conoce muy bien\u00a0<\/strong>y se atreve a sostener que el gobierno tiene v\u00ednculos con el narco, es un juicio sin fundamento, temerario\u201d.<\/p>\n\n\n\n<p>Fuente: https:\/\/www.elfinanciero.com.mx\/nacional\/2022\/08\/15\/munoz-ledo-critica-militarizacion-de-amlo-los-soldados-y-marinos-no-son-corcholatas\/<\/p>\n","protected":false},"excerpt":{"rendered":"<p>A trav\u00e9s de su carta \u2018Llamado a restaurar la Rep\u00fablica\u2019, Mu\u00f1oz Ledo dijo que las fuerzas armadas no deb\u00edan estar [&hellip;]<\/p>\n","protected":false},"author":1,"featured_media":34609,"comment_status":"open","ping_status":"open","sticky":false,"template":"","format":"standard","meta":{"site-sidebar-layout":"default","site-content-layout":"","ast-site-content-layout":"default","site-content-style":"default","site-sidebar-style":"default","ast-global-header-display":"","ast-banner-title-visibility":"","ast-main-header-display":"","ast-hfb-above-header-display":"","ast-hfb-below-header-display":"","ast-hfb-mobile-header-display":"","site-post-title":"","ast-breadcrumbs-content":"","ast-featured-img":"","footer-sml-layout":"","theme-transparent-header-meta":"","adv-header-id-meta":"","stick-header-meta":"","header-above-stick-meta":"","header-main-stick-meta":"","header-below-stick-meta":"","astra-migrate-meta-layouts":"default","ast-page-background-enabled":"default","ast-page-background-meta":{"desktop":{"background-color":"var(--ast-global-color-4)","background-image":"","background-repeat":"repeat","background-position":"center center","background-size":"auto","background-attachment":"scroll","background-type":"","background-media":"","overlay-type":"","overlay-color":"","overlay-opacity":"","overlay-gradient":""},"tablet":{"background-color":"","background-image":"","background-repeat":"repeat","background-position":"center center","background-size":"auto","background-attachment":"scroll","background-type":"","background-media":"","overlay-type":"","overlay-color":"","overlay-opacity":"","overlay-gradient":""},"mobile":{"background-color":"","background-image":"","background-repeat":"repeat","background-position":"center center","background-size":"auto","background-attachment":"scroll","background-type":"","background-media":"","overlay-type":"","overlay-color":"","overlay-opacity":"","overlay-gradient":""}},"ast-content-background-meta":{"desktop":{"background-color":"var(--ast-global-color-5)","background-image":"","background-repeat":"repeat","background-position":"center center","background-size":"auto","background-attachment":"scroll","background-type":"","background-media":"","overlay-type":"","overlay-color":"","overlay-opacity":"","overlay-gradient":""},"tablet":{"background-color":"var(--ast-global-color-5)","background-image":"","background-repeat":"repeat","background-position":"center center","background-size":"auto","background-attachment":"scroll","background-type":"","background-media":"","overlay-type":"","overlay-color":"","overlay-opacity":"","overlay-gradient":""},"mobile":{"background-color":"var(--ast-global-color-5)","background-image":"","background-repeat":"repeat","background-position":"center center","background-size":"auto","background-attachment":"scroll","background-type":"","background-media":"","overlay-type":"","overlay-color":"","overlay-opacity":"","overlay-gradient":""}},"footnotes":""},"categories":[8],"tags":[2127,12011,1100],"class_list":["post-34478","post","type-post","status-publish","format-standard","has-post-thumbnail","hentry","category-noticias","tag-guardia-nacional","tag-militarizacion-mexico","tag-porfirio-munoz-ledo"],"_links":{"self":[{"href":"https:\/\/losperiodistas.com.mx\/portal\/wp-json\/wp\/v2\/posts\/34478","targetHints":{"allow":["GET"]}}],"collection":[{"href":"https:\/\/losperiodistas.com.mx\/portal\/wp-json\/wp\/v2\/posts"}],"about":[{"href":"https:\/\/losperiodistas.com.mx\/portal\/wp-json\/wp\/v2\/types\/post"}],"author":[{"embeddable":true,"href":"https:\/\/losperiodistas.com.mx\/portal\/wp-json\/wp\/v2\/users\/1"}],"replies":[{"embeddable":true,"href":"https:\/\/losperiodistas.com.mx\/portal\/wp-json\/wp\/v2\/comments?post=34478"}],"version-history":[{"count":1,"href":"https:\/\/losperiodistas.com.mx\/portal\/wp-json\/wp\/v2\/posts\/34478\/revisions"}],"predecessor-version":[{"id":34610,"href":"https:\/\/losperiodistas.com.mx\/portal\/wp-json\/wp\/v2\/posts\/34478\/revisions\/34610"}],"wp:featuredmedia":[{"embeddable":true,"href":"https:\/\/losperiodistas.com.mx\/portal\/wp-json\/wp\/v2\/media\/34609"}],"wp:attachment":[{"href":"https:\/\/losperiodistas.com.mx\/portal\/wp-json\/wp\/v2\/media?parent=34478"}],"wp:term":[{"taxonomy":"category","embeddable":true,"href":"https:\/\/losperiodistas.com.mx\/portal\/wp-json\/wp\/v2\/categories?post=34478"},{"taxonomy":"post_tag","embeddable":true,"href":"https:\/\/losperiodistas.com.mx\/portal\/wp-json\/wp\/v2\/tags?post=34478"}],"curies":[{"name":"wp","href":"https:\/\/api.w.org\/{rel}","templated":true}]}}