{"id":3445,"date":"2021-01-18T04:06:39","date_gmt":"2021-01-18T10:06:39","guid":{"rendered":"http:\/\/losperiodistas.com.mx\/portal\/?p=3445"},"modified":"2021-01-18T04:06:39","modified_gmt":"2021-01-18T10:06:39","slug":"violencia-desplazamiento-y-confinamiento-en-el-estado-mexicano-de-guerrero-rtve","status":"publish","type":"post","link":"https:\/\/losperiodistas.com.mx\/portal\/violencia-desplazamiento-y-confinamiento-en-el-estado-mexicano-de-guerrero-rtve\/","title":{"rendered":"Violencia, desplazamiento y confinamiento en el estado mexicano de Guerrero | RTVE"},"content":{"rendered":"\n<p style=\"font-size:18px\"><em>M\u00e1s de 40 grupos armados se disputan el control del estado, afectando a la salud f\u00edsica y mental de miles de personas<\/em><\/p>\n\n\n\n<p class=\"has-vivid-cyan-blue-color has-text-color has-medium-font-size\">RTVE.ES\/ MSF<\/p>\n\n\n\n<p>La poblaci\u00f3n del estado&nbsp;<a href=\"https:\/\/www.rtve.es\/temas\/mexico\/1314\/\">mexicano&nbsp;<\/a>de Guerrero afronta otra epidemia m\u00e1s prolongada y aguda que la de la<strong><a href=\"https:\/\/www.rtve.es\/noticias\/coronavirus-covid-19\/\">&nbsp;COVID-19<\/a><\/strong>: la epidemia de violencia. Una<strong>&nbsp;violencia que se intensifica y afecta la salud f\u00edsica y mental<\/strong>&nbsp;de miles de personas. Desde el a\u00f1o 2016, cl\u00ednicas m\u00f3viles de M\u00e9dicos Sin Fronteras (MSF) se desplazan a comunidades incomunicadas para facilitar atenci\u00f3n m\u00e9dica y de salud mental. Se trata de enclaves golpeados por los&nbsp;<strong>enfrentamientos que mantienen m\u00e1s de 40 grupos armados<\/strong>&nbsp;que se disputan el control del territorio.<\/p>\n\n\n\n<p>Esta otra epidemia se ha extendido desde a\u00f1os en diferentes regiones de Guerrero y ha provocado el desplazamiento interno de miles de familias y es una de las&nbsp;<strong>principales causas de migraci\u00f3n hacia los&nbsp;<a href=\"https:\/\/www.rtve.es\/temas\/estados-unidos\/1307\/\">Estados Unidos<\/a><\/strong><a href=\"https:\/\/www.rtve.es\/temas\/estados-unidos\/1307\/\">.<\/a><\/p>\n\n\n\n<figure class=\"wp-block-image\"><img decoding=\"async\" src=\"https:\/\/img2.rtve.es\/im\/5733920\/?w=900\" alt=\"Las cl\u00ednicas m\u00f3viles de MSF asisten a comunidades afectadas por la violencia en Guerrero de las regiones de Tierra Caliente, Norte, Centro y Costa Grande. \"\/><figcaption>Las cl\u00ednicas m\u00f3viles de MSF asisten a comunidades afectadas por la violencia en Guerrero de las regiones de Tierra Caliente, Norte, Centro y Costa Grande.&nbsp;Yesika Ocampo\/MSF&nbsp;<em>Yesika Ocampo\/MSF<\/em><\/figcaption><\/figure>\n\n\n\n<p>\u00ab<strong>La violencia, como epidemia<\/strong>, va minando a las comunidades fundamentalmente por los choques que se suceden entre diferentes grupos del crimen organizado por el<strong>&nbsp;cultivo de la amapola y el cultivo del aguacate<\/strong>\u00ab, explica Alberto Mac\u00edn, psic\u00f3logo y responsable de las actividades de salud mental de MSF en Guerrero. Se trata de&nbsp;<strong>cultivos que generan ingresos y por los que combaten<\/strong>&nbsp;los grupos para obtener su control.<\/p>\n\n\n\n<h3 class=\"wp-block-heading\">Atrapados por el conflicto<\/h3>\n\n\n\n<p>Comunidades de la sierra guerrerense han sido escenarios de batalla en los que<strong>&nbsp;la poblaci\u00f3n se encuentra atrapada o es obligada a salir<\/strong>&nbsp;huyendo en medio del fuego cruzado.&nbsp;<\/p>\n\n\n\n<figure class=\"wp-block-image\"><img decoding=\"async\" src=\"https:\/\/img2.rtve.es\/im\/5733918\/?w=900\" alt=\"Cuando el equipo de MSF lleg\u00f3 a la comunidad, los ni\u00f1os sol\u00edan jugar con armas de madera, como una forma de replicar de lo que eran testigos.\"\/><figcaption>Cuando el equipo de MSF lleg\u00f3 a la comunidad, los ni\u00f1os sol\u00edan jugar con armas de madera, como una forma de replicar de lo que eran testigos.&nbsp;Yesika Ocampo\/MSF&nbsp;<em>Yesika Ocampo\/MSF<\/em><\/figcaption><\/figure>\n\n\n\n<p>Equipos de MSF han acompa\u00f1ado a los habitantes de una poblaci\u00f3n que fueron forzados a abandonar su comunidad en la regi\u00f3n de Tierra Caliente a principios de a\u00f1os. En verano, en medio de la pandemia de COVID-19, pudieron<strong>&nbsp;regresar a reconstruir su pueblo&nbsp;<\/strong>despu\u00e9s de que los grupos armados alcanzaran una tregua.<\/p>\n\n\n\n<p>\u00abLos residentes han padecido las consecuencias de su desplazamiento y ahora est\u00e1n viviendo todo lo que implica el retorno a la comunidad y&nbsp;<strong>empezar desde cero<\/strong>\u00ab,&nbsp;se\u00f1ala Gabriela Pe\u00f1a psic\u00f3loga de MSF en Guerrero.<\/p>\n\n\n\n<figure class=\"wp-block-image\"><img decoding=\"async\" src=\"https:\/\/img2.rtve.es\/im\/5733895\/?w=900\" alt=\"Adem\u00e1s de vivir aislados y sin servicios m\u00e9dicos, los ni\u00f1os de esta comunidad de Costa Grande, no cuentan con profesores. Muchos de ellos a\u00fan sienten miedo y tristeza debido a los enfrentamientos que han presenciado. \"\/><figcaption>Adem\u00e1s de vivir aislados y sin servicios m\u00e9dicos, los ni\u00f1os de esta comunidad de Costa Grande, no cuentan con profesores. Muchos de ellos a\u00fan sienten miedo y tristeza debido a los enfrentamientos que han presenciado.&nbsp;Yesika Ocampo\/MSF&nbsp;<em>Yesika Ocampo\/MSF<\/em><\/figcaption><\/figure>\n\n\n\n<p>\u00abDevastada,<strong>&nbsp;la comunidad era un basurero<\/strong>. Animales muertos por aqu\u00ed, todas las casas abiertas, saqueadas, charcos de sangre en la laguna. Estuvo feo\u201d, as\u00ed recuerda Onelia Ayala, vecina de la comunidad, lo que encontraron a su regreso a la comunidad.<video preload=\"auto\" autoplay=\"\" src=\"https:\/\/rtvehlsvod2020a-fsly.vod-rtve.cross-media.es\/resources\/TE_NGVA\/mp4\/9\/5\/1607964655659.mp4\/playlist.m3u8?idasset=5738460\"><\/video><img decoding=\"async\" src=\"blob:http:\/\/losperiodistas.com.mx\/30a45507-b0bf-4fb4-b1db-6999bdfc6411\" alt=\"\">2:08-1:12<\/p>\n\n\n\n<figure class=\"wp-block-image size-large\"><img decoding=\"async\" width=\"1\" height=\"1\" src=\"https:\/\/losperiodistas.com.mx\/portal\/wp-content\/uploads\/2021\/01\/image-1.gif\" alt=\"\" class=\"wp-image-3446\"\/><\/figure>\n\n\n\n<p><img decoding=\"async\" src=\"blob:http:\/\/losperiodistas.com.mx\/4f9343b5-3857-417d-91b4-35258b28466b\" alt=\"\"><img decoding=\"async\" src=\"blob:http:\/\/losperiodistas.com.mx\/beae14b4-4a13-4e32-83de-8a8272cceefe\" alt=\"\"><\/p>\n\n\n\n<figure class=\"wp-block-image size-large\"><img decoding=\"async\" width=\"1\" height=\"1\" src=\"https:\/\/losperiodistas.com.mx\/portal\/wp-content\/uploads\/2021\/01\/image-2.gif\" alt=\"\" class=\"wp-image-3447\"\/><\/figure>\n\n\n\n<p><img decoding=\"async\" src=\"blob:http:\/\/losperiodistas.com.mx\/0bb3e74f-6f82-4656-bd25-15d796415b7c\" alt=\"\">Las consecuencias psicol\u00f3gicas de vivir en entornos violentos<\/p>\n\n\n\n<h3 class=\"wp-block-heading\">Secuelas f\u00edsicas y mentales<\/h3>\n\n\n\n<p>Las<strong>&nbsp;secuelas para la poblaci\u00f3n no solo son f\u00edsicas<\/strong>, no solo son perceptibles en la destrucci\u00f3n de sus hogares o de la infraestructura comunitaria; algunas familias han sufrido tambi\u00e9n la p\u00e9rdida de seres queridos. \u00abMi hermano no quiere venir; qued\u00f3 muy mal, muy trastornado. Dif\u00edcilmente va a regresar\u00bb, se lamente Onelia.<\/p>\n\n\n\n<p>Seg\u00fan los relatos de los vecinos, se estima que 7 de cada 10 habitantes han regresado al pueblo. El resto permanece en otros estados cercanos, como Morelos o han tratado de llegar al vecino del Norte para pedir asilo.<\/p>\n\n\n\n<figure class=\"wp-block-image\"><img decoding=\"async\" src=\"https:\/\/img2.rtve.es\/im\/5733919\/?w=900\" alt=\"Psic\u00f3logas de MSF asisten a los ni\u00f1os de una comunidad que tuvieron que abandonar sus hogares en medio de un tiroteo. El objetivo de estas actividades es ayudarles a enfrentar sus principales temores.\"\/><figcaption>Psic\u00f3logas de MSF asisten a los ni\u00f1os de una comunidad que tuvieron que abandonar sus hogares en medio de un tiroteo. El objetivo de estas actividades es ayudarles a enfrentar sus principales temores.&nbsp;Yesika Ocampo\/MSF&nbsp;<em>Yesika Ocampo\/MSF<\/em><\/figcaption><\/figure>\n\n\n\n<p>\u00abUnos se fueron a EE.UU. v\u00eda asilo, varios de mis alumnos se fueron, est\u00e1n all\u00e1. Otros se fueron a la Ciudad de M\u00e9xico, otros a la cabecera municipal seg\u00fan las posibilidades de cada uno\u00bb, afirma Omar Rojas, profesor de telesecundaria.<\/p>\n\n\n\n<h3 class=\"wp-block-heading\">Sin coronavirus en las zonas aisladas<\/h3>\n\n\n\n<p>Pese a que Guerrero se ha visto afectado, como el resto del pa\u00eds, por la pandemia de COVID-19, las poblaciones rurales m\u00e1s aisladas y\/o confinadas visitadas por M\u00e9dicos Sin Fronteras<strong>&nbsp;no han detectado ning\u00fan caso<\/strong>. Sin embargo, los equipos de MSF extreman precauciones para evitar contagios y forman al personal de los centros de salud y a la poblaci\u00f3n en general sobre las medidas de protecci\u00f3n.<\/p>\n\n\n\n<figure class=\"wp-block-image\"><img decoding=\"async\" src=\"https:\/\/img2.rtve.es\/im\/5733921\/?w=900\" alt=\"Con la llegada de la pandemia de COVID-19, las cl\u00ednicas m\u00f3viles de MSF han incorporado medidas de prevenci\u00f3n que son reforzadas con acciones de promoci\u00f3n de la salud entre la poblaci\u00f3n. \"\/><figcaption>Con la llegada de la pandemia de COVID-19, las cl\u00ednicas m\u00f3viles de MSF han incorporado medidas de prevenci\u00f3n que son reforzadas con acciones de promoci\u00f3n de la salud entre la poblaci\u00f3n.&nbsp;Yesika Ocampo\/MSF&nbsp;<em>Yesika Ocampo\/MSF<\/em><\/figcaption><\/figure>\n\n\n\n<p>\u00abPara protegerse del COVID, al inicio de la pandemia esta comunidad cerr\u00f3 sus fronteras\u00bb, se\u00f1ala Bonnie Vera, m\u00e9dica de MSF que asiste a una comunidad confinada por la violencia en la regi\u00f3n Costa Grande. \u00abA partir de agosto de este a\u00f1o reactivamos la atenci\u00f3n de las cl\u00ednicas m\u00f3viles con todas las medidas necesarias para evitar contagios\u00bb. En la comunidad a la que se refiere la doctora Vera,&nbsp;las&nbsp;<strong>cl\u00ednicas m\u00f3viles de MSF son la \u00fanica opci\u00f3n de la poblaci\u00f3n<\/strong>&nbsp;para recibir tratamiento.<\/p>\n\n\n\n<p>\u00abEl<strong>&nbsp;centro de salud lleva dos a\u00f1os y dos meses cerrado<\/strong>. Por ejemplo, aqu\u00ed, si una mujer va a dar a luz hay una se\u00f1ora partera que las atiende y afortunadamente, hasta ahora, han salido bien, pero si se llegara a complicar la situaci\u00f3n es un riesgo, porque en realidad aqu\u00ed son como cuatro o cinco horas que tiene que hacerse uno [para llegar] al municipio\u00bb, se\u00f1ala Pablo Costilla, agricultor y ganadero.<\/p>\n\n\n\n<p>\u201c\u00bbEstamos a veces tranquilos, a veces intranquilos y con la desconfianza con el temor y con el miedo de pensar a qu\u00e9 hora nos vienen a matar\u00bb<\/p>\n\n\n\n<p>\u201c<\/p>\n\n\n\n<p><strong>La poblaci\u00f3n vive en un constante temor<\/strong>. \u00abComunidades vecinas han tenido que migrar a los Estados Unidos en busca de asilo pol\u00edtico\u00bb, apunta Narciso Torres, l\u00edder comunitario y defensor ecologista. \u00abSe fueron a Estados Unidos porque los hab\u00edan amenazado y todo el que estaba amenazado se fue. Estamos a veces tranquilos, a veces intranquilos y con la desconfianza con el temor y con el miedo de pensar a qu\u00e9 hora nos vienen a matar\u00bb, reconoce Torres al que le \u00abhan matado\u00bb&nbsp;dos hijos como dice \u00e9l.<\/p>\n\n\n\n<p>\u00abImaginad el\u00a0<strong>impacto que tiene en la poblaci\u00f3n el vivir aislado<\/strong>, sin libertad de tr\u00e1nsito y en un estado de hipervigilancia. En esta comunidad hay una gran cantidad de ni\u00f1os que no estaban siendo acompa\u00f1ados por profesores, sin educaci\u00f3n y con el miedo permanente de que no pueden salir de su comunidad porque corren riesgo\u00bb, concluye Mac\u00edn.<\/p>\n\n\n\n<p>Fuente: https:\/\/www.rtve.es\/noticias\/20210115\/mexico-violencia-guerrero-silenciados\/2059202.shtml<\/p>\n","protected":false},"excerpt":{"rendered":"<p>M\u00e1s de 40 grupos armados se disputan el control del estado, afectando a la salud f\u00edsica y mental de miles [&hellip;]<\/p>\n","protected":false},"author":1,"featured_media":3448,"comment_status":"open","ping_status":"open","sticky":false,"template":"","format":"standard","meta":{"site-sidebar-layout":"default","site-content-layout":"","ast-site-content-layout":"default","site-content-style":"default","site-sidebar-style":"default","ast-global-header-display":"","ast-banner-title-visibility":"","ast-main-header-display":"","ast-hfb-above-header-display":"","ast-hfb-below-header-display":"","ast-hfb-mobile-header-display":"","site-post-title":"","ast-breadcrumbs-content":"","ast-featured-img":"","footer-sml-layout":"","theme-transparent-header-meta":"","adv-header-id-meta":"","stick-header-meta":"","header-above-stick-meta":"","header-main-stick-meta":"","header-below-stick-meta":"","astra-migrate-meta-layouts":"default","ast-page-background-enabled":"default","ast-page-background-meta":{"desktop":{"background-color":"var(--ast-global-color-4)","background-image":"","background-repeat":"repeat","background-position":"center center","background-size":"auto","background-attachment":"scroll","background-type":"","background-media":"","overlay-type":"","overlay-color":"","overlay-opacity":"","overlay-gradient":""},"tablet":{"background-color":"","background-image":"","background-repeat":"repeat","background-position":"center center","background-size":"auto","background-attachment":"scroll","background-type":"","background-media":"","overlay-type":"","overlay-color":"","overlay-opacity":"","overlay-gradient":""},"mobile":{"background-color":"","background-image":"","background-repeat":"repeat","background-position":"center center","background-size":"auto","background-attachment":"scroll","background-type":"","background-media":"","overlay-type":"","overlay-color":"","overlay-opacity":"","overlay-gradient":""}},"ast-content-background-meta":{"desktop":{"background-color":"var(--ast-global-color-5)","background-image":"","background-repeat":"repeat","background-position":"center center","background-size":"auto","background-attachment":"scroll","background-type":"","background-media":"","overlay-type":"","overlay-color":"","overlay-opacity":"","overlay-gradient":""},"tablet":{"background-color":"var(--ast-global-color-5)","background-image":"","background-repeat":"repeat","background-position":"center center","background-size":"auto","background-attachment":"scroll","background-type":"","background-media":"","overlay-type":"","overlay-color":"","overlay-opacity":"","overlay-gradient":""},"mobile":{"background-color":"var(--ast-global-color-5)","background-image":"","background-repeat":"repeat","background-position":"center center","background-size":"auto","background-attachment":"scroll","background-type":"","background-media":"","overlay-type":"","overlay-color":"","overlay-opacity":"","overlay-gradient":""}},"footnotes":""},"categories":[8],"tags":[],"class_list":["post-3445","post","type-post","status-publish","format-standard","has-post-thumbnail","hentry","category-noticias"],"_links":{"self":[{"href":"https:\/\/losperiodistas.com.mx\/portal\/wp-json\/wp\/v2\/posts\/3445","targetHints":{"allow":["GET"]}}],"collection":[{"href":"https:\/\/losperiodistas.com.mx\/portal\/wp-json\/wp\/v2\/posts"}],"about":[{"href":"https:\/\/losperiodistas.com.mx\/portal\/wp-json\/wp\/v2\/types\/post"}],"author":[{"embeddable":true,"href":"https:\/\/losperiodistas.com.mx\/portal\/wp-json\/wp\/v2\/users\/1"}],"replies":[{"embeddable":true,"href":"https:\/\/losperiodistas.com.mx\/portal\/wp-json\/wp\/v2\/comments?post=3445"}],"version-history":[{"count":1,"href":"https:\/\/losperiodistas.com.mx\/portal\/wp-json\/wp\/v2\/posts\/3445\/revisions"}],"predecessor-version":[{"id":3449,"href":"https:\/\/losperiodistas.com.mx\/portal\/wp-json\/wp\/v2\/posts\/3445\/revisions\/3449"}],"wp:featuredmedia":[{"embeddable":true,"href":"https:\/\/losperiodistas.com.mx\/portal\/wp-json\/wp\/v2\/media\/3448"}],"wp:attachment":[{"href":"https:\/\/losperiodistas.com.mx\/portal\/wp-json\/wp\/v2\/media?parent=3445"}],"wp:term":[{"taxonomy":"category","embeddable":true,"href":"https:\/\/losperiodistas.com.mx\/portal\/wp-json\/wp\/v2\/categories?post=3445"},{"taxonomy":"post_tag","embeddable":true,"href":"https:\/\/losperiodistas.com.mx\/portal\/wp-json\/wp\/v2\/tags?post=3445"}],"curies":[{"name":"wp","href":"https:\/\/api.w.org\/{rel}","templated":true}]}}