{"id":34362,"date":"2022-08-12T04:59:23","date_gmt":"2022-08-12T09:59:23","guid":{"rendered":"http:\/\/losperiodistas.com.mx\/portal\/?p=34362"},"modified":"2022-08-12T05:35:08","modified_gmt":"2022-08-12T10:35:08","slug":"el-fbi-busco-documentos-clasificados-sobre-armas-nucleares-en-casa-de-trump-segun-the-washington-post","status":"publish","type":"post","link":"https:\/\/losperiodistas.com.mx\/portal\/el-fbi-busco-documentos-clasificados-sobre-armas-nucleares-en-casa-de-trump-segun-the-washington-post\/","title":{"rendered":"El FBI busc\u00f3 documentos clasificados sobre armas nucleares en casa de Trump, seg\u00fan &#8216;The Washington Post&#8217; | Rtve"},"content":{"rendered":"\n<ul class=\"wp-block-list\"><li>El diario no aclara si estos documentos fueron recuperados en el registro de su residencia de Palm Beach<\/li><li>Las fuentes tampoco precisan si la informaci\u00f3n era referente a armamento de EE.UU. o de potencias extranjeras<\/li><\/ul>\n\n\n\n<figure class=\"wp-block-image size-large\"><img fetchpriority=\"high\" decoding=\"async\" width=\"1024\" height=\"576\" src=\"https:\/\/losperiodistas.com.mx\/portal\/wp-content\/uploads\/2022\/08\/descarga-1024x576.jpeg\" alt=\"\" class=\"wp-image-34363\" srcset=\"https:\/\/losperiodistas.com.mx\/portal\/wp-content\/uploads\/2022\/08\/descarga-1024x576.jpeg 1024w, https:\/\/losperiodistas.com.mx\/portal\/wp-content\/uploads\/2022\/08\/descarga-300x169.jpeg 300w, https:\/\/losperiodistas.com.mx\/portal\/wp-content\/uploads\/2022\/08\/descarga-768x432.jpeg 768w, https:\/\/losperiodistas.com.mx\/portal\/wp-content\/uploads\/2022\/08\/descarga-1536x864.jpeg 1536w, https:\/\/losperiodistas.com.mx\/portal\/wp-content\/uploads\/2022\/08\/descarga.jpeg 1600w\" sizes=\"(max-width: 1024px) 100vw, 1024px\" \/><figcaption>El expresidente de EE.UU., Donald Trump, en una imagen de archivo.\u00a0<em>BRENDAN SMIALOWSKI \/ AFP<\/em><\/figcaption><\/figure>\n\n\n\n<p><\/p>\n\n\n\n<p class=\"has-vivid-cyan-blue-color has-text-color has-medium-font-size\">RTVE \/ AGENCIAS<\/p>\n\n\n\n<p>El&nbsp;<a href=\"https:\/\/www.rtve.es\/noticias\/20220809\/fbi-registra-residencia-trump-florida\/2395060.shtml\">registro que se produjo el lunes<\/a>&nbsp;en la casa del expresidente de Estados Unidos&nbsp;<a href=\"https:\/\/www.rtve.es\/temas\/donald-trump\/93110\/\"><strong>Donald Trump<\/strong><\/a>&nbsp;ten\u00eda como objetivo encontrar&nbsp;<strong>documentos clasificados sobre armamento nuclear<\/strong>&nbsp;que el exmandatario sac\u00f3 de la Casa Blanca, seg\u00fan public\u00f3 este jueves el diario&nbsp;<em>The Washington Post<\/em>.<\/p>\n\n\n\n<p>El Post, que cita a fuentes an\u00f3nimas cercanas a la investigaci\u00f3n, indic\u00f3 que la redada responde a la preocupaci\u00f3n en el Gobierno estadounidense de que los documentos que Trump se llev\u00f3 consigo al dejar la Presidencia y que&nbsp;<strong>contienen informaci\u00f3n sensible caigan en malas manos<\/strong>.<\/p>\n\n\n\n<p>Las fuentes no aclararon si la informaci\u00f3n que supuestamente se encontraba en casa de Trump era referente a\u00a0<strong>armamento nuclear en posesi\u00f3n de EE.UU. o de potencias extranjeras<\/strong>, y tampoco detallaron si efectivamente se encontr\u00f3 este material.<\/p>\n\n\n\n<figure class=\"wp-block-embed is-type-rich is-provider-twitter wp-block-embed-twitter\"><div class=\"wp-block-embed__wrapper\">\n<blockquote class=\"twitter-tweet\" data-width=\"500\" data-dnt=\"true\"><p lang=\"en\" dir=\"ltr\">FBI searched Trump\u2019s home looking for nuclear documents and other items, according to people familiar with the investigation <a href=\"https:\/\/t.co\/kbfLiO2veE\">https:\/\/t.co\/kbfLiO2veE<\/a><\/p>&mdash; The Washington Post (@washingtonpost) <a href=\"https:\/\/twitter.com\/washingtonpost\/status\/1557880239287455744?ref_src=twsrc%5Etfw\">August 12, 2022<\/a><\/blockquote><script async src=\"https:\/\/platform.twitter.com\/widgets.js\" charset=\"utf-8\"><\/script>\n<\/div><\/figure>\n\n\n\n<h3 class=\"wp-block-heading\"><strong>El fiscal general pide que se haga p\u00fablica la orden<\/strong><\/h3>\n\n\n\n<p>El fiscal general de Estados Unidos, Merrick Garland, autoriz\u00f3 personalmente la decisi\u00f3n de solicitar la orden de registro del pasado lunes a la residencia de Trump en Florida y ha pedido este jueves autorizaci\u00f3n a un tribunal del sur de este estado&nbsp;<a href=\"https:\/\/www.rtve.es\/noticias\/20220812\/fiscal-eeuu-defiende-transparencia-registro-residencia-trump\/2396044.shtml\">para que haga p\u00fablica dicha orden<\/a>.<\/p>\n\n\n\n<p>En una breve declaraci\u00f3n tras la cual no acept\u00f3 preguntas,&nbsp;<strong>Garland defendi\u00f3 la legalidad del registro<\/strong>&nbsp;y se\u00f1al\u00f3 que este tipo de decisiones no se toman \u00aba la ligera\u00bb. Siempre que es posible, aclar\u00f3, se opta por medios \u00abmenos intrusivos\u00bb como alternativa.<\/p>\n\n\n\n<p>La orden de registro fue autorizada por un tribunal federal y el inventario de propiedad es un documento que la ley federal exige que las fuerzas del orden dejen al due\u00f1o del lugar. Seg\u00fan indicaron medios estadounidenses, los abogados de Trump tienen hasta el viernes a las 15.00 hora local (19.00 horas GMT) para presentar objeciones ante la Corte a la petici\u00f3n para que se haga p\u00fablica la orden.<\/p>\n\n\n\n<p>El propio&nbsp;<strong>Donald Trump ha aceptado p\u00fablicamente la petici\u00f3n<\/strong>&nbsp;y, en un nuevo giro de gui\u00f3n, ha animado a la publicaci\u00f3n \u00abinmediata\u00bb de la orden de registro.<\/p>\n\n\n\n<p>El primero en informar de la redada a la mansi\u00f3n de Florida hab\u00eda sido el propio Trump en sus redes sociales: \u00abEs su derecho\u00bb, dijo el fiscal general, seg\u00fan el cual los abogados del exmandatario republicano (2017-2021) recibieron ese mismo d\u00eda&nbsp;<strong>una copia de la orden de registro y del inventario del FBI<\/strong>.<\/p>\n\n\n\n<p>Garland destac\u00f3 que la adhesi\u00f3n al estado de derecho es el \u00abprincipio fundamental\u00bb del Departamento de Justicia y de la democracia estadounidense, y apunt\u00f3 que nadie est\u00e1 por encima de la ley.<\/p>\n\n\n\n<p>\u00abDefender el estado de derecho significa\u00a0<strong>aplicar la ley de manera uniforme sin temor ni favoritismo<\/strong>. Bajo mi supervisi\u00f3n, eso es precisamente lo que est\u00e1 haciendo el Departamento de Justicia\u00bb, dijo en esa breve intervenci\u00f3n televisada, en la que critic\u00f3 los ataques y amenazas lanzados contra las fuerzas del orden.\u00a0<\/p>\n\n\n\n<p>Fuente: https:\/\/www.rtve.es\/noticias\/20220812\/fbi-busco-documentos-clasificados-sobre-armas-nucleares-casa-trump-segun-th-washington-post\/2396103.shtml<\/p>\n","protected":false},"excerpt":{"rendered":"<p>El diario no aclara si estos documentos fueron recuperados en el registro de su residencia de Palm Beach Las fuentes [&hellip;]<\/p>\n","protected":false},"author":1,"featured_media":34363,"comment_status":"open","ping_status":"open","sticky":false,"template":"","format":"standard","meta":{"site-sidebar-layout":"default","site-content-layout":"","ast-site-content-layout":"default","site-content-style":"default","site-sidebar-style":"default","ast-global-header-display":"","ast-banner-title-visibility":"","ast-main-header-display":"","ast-hfb-above-header-display":"","ast-hfb-below-header-display":"","ast-hfb-mobile-header-display":"","site-post-title":"","ast-breadcrumbs-content":"","ast-featured-img":"","footer-sml-layout":"","theme-transparent-header-meta":"","adv-header-id-meta":"","stick-header-meta":"","header-above-stick-meta":"","header-main-stick-meta":"","header-below-stick-meta":"","astra-migrate-meta-layouts":"default","ast-page-background-enabled":"default","ast-page-background-meta":{"desktop":{"background-color":"var(--ast-global-color-4)","background-image":"","background-repeat":"repeat","background-position":"center center","background-size":"auto","background-attachment":"scroll","background-type":"","background-media":"","overlay-type":"","overlay-color":"","overlay-opacity":"","overlay-gradient":""},"tablet":{"background-color":"","background-image":"","background-repeat":"repeat","background-position":"center center","background-size":"auto","background-attachment":"scroll","background-type":"","background-media":"","overlay-type":"","overlay-color":"","overlay-opacity":"","overlay-gradient":""},"mobile":{"background-color":"","background-image":"","background-repeat":"repeat","background-position":"center center","background-size":"auto","background-attachment":"scroll","background-type":"","background-media":"","overlay-type":"","overlay-color":"","overlay-opacity":"","overlay-gradient":""}},"ast-content-background-meta":{"desktop":{"background-color":"var(--ast-global-color-5)","background-image":"","background-repeat":"repeat","background-position":"center center","background-size":"auto","background-attachment":"scroll","background-type":"","background-media":"","overlay-type":"","overlay-color":"","overlay-opacity":"","overlay-gradient":""},"tablet":{"background-color":"var(--ast-global-color-5)","background-image":"","background-repeat":"repeat","background-position":"center center","background-size":"auto","background-attachment":"scroll","background-type":"","background-media":"","overlay-type":"","overlay-color":"","overlay-opacity":"","overlay-gradient":""},"mobile":{"background-color":"var(--ast-global-color-5)","background-image":"","background-repeat":"repeat","background-position":"center center","background-size":"auto","background-attachment":"scroll","background-type":"","background-media":"","overlay-type":"","overlay-color":"","overlay-opacity":"","overlay-gradient":""}},"footnotes":""},"categories":[8],"tags":[8330,5742,11946,5257],"class_list":["post-34362","post","type-post","status-publish","format-standard","has-post-thumbnail","hentry","category-noticias","tag-armas-nucleares","tag-casa-blanca","tag-documentos-clasificados","tag-donald-trump"],"_links":{"self":[{"href":"https:\/\/losperiodistas.com.mx\/portal\/wp-json\/wp\/v2\/posts\/34362","targetHints":{"allow":["GET"]}}],"collection":[{"href":"https:\/\/losperiodistas.com.mx\/portal\/wp-json\/wp\/v2\/posts"}],"about":[{"href":"https:\/\/losperiodistas.com.mx\/portal\/wp-json\/wp\/v2\/types\/post"}],"author":[{"embeddable":true,"href":"https:\/\/losperiodistas.com.mx\/portal\/wp-json\/wp\/v2\/users\/1"}],"replies":[{"embeddable":true,"href":"https:\/\/losperiodistas.com.mx\/portal\/wp-json\/wp\/v2\/comments?post=34362"}],"version-history":[{"count":3,"href":"https:\/\/losperiodistas.com.mx\/portal\/wp-json\/wp\/v2\/posts\/34362\/revisions"}],"predecessor-version":[{"id":34371,"href":"https:\/\/losperiodistas.com.mx\/portal\/wp-json\/wp\/v2\/posts\/34362\/revisions\/34371"}],"wp:featuredmedia":[{"embeddable":true,"href":"https:\/\/losperiodistas.com.mx\/portal\/wp-json\/wp\/v2\/media\/34363"}],"wp:attachment":[{"href":"https:\/\/losperiodistas.com.mx\/portal\/wp-json\/wp\/v2\/media?parent=34362"}],"wp:term":[{"taxonomy":"category","embeddable":true,"href":"https:\/\/losperiodistas.com.mx\/portal\/wp-json\/wp\/v2\/categories?post=34362"},{"taxonomy":"post_tag","embeddable":true,"href":"https:\/\/losperiodistas.com.mx\/portal\/wp-json\/wp\/v2\/tags?post=34362"}],"curies":[{"name":"wp","href":"https:\/\/api.w.org\/{rel}","templated":true}]}}