{"id":3436,"date":"2021-01-18T03:41:04","date_gmt":"2021-01-18T09:41:04","guid":{"rendered":"http:\/\/losperiodistas.com.mx\/portal\/?p=3436"},"modified":"2021-01-18T03:41:04","modified_gmt":"2021-01-18T09:41:04","slug":"las-publicaciones-cientificas-y-de-grupos-independientes-no-dejan-bien-parado-a-hugo-lopez-gatell-sinembargo","status":"publish","type":"post","link":"https:\/\/losperiodistas.com.mx\/portal\/las-publicaciones-cientificas-y-de-grupos-independientes-no-dejan-bien-parado-a-hugo-lopez-gatell-sinembargo\/","title":{"rendered":"Las publicaciones cient\u00edficas y de grupos independientes no dejan bien parado a Hugo L\u00f3pez-Gatell | SinEmbargo"},"content":{"rendered":"\n<p style=\"font-size:18px\"><em>Al ser la cara m\u00e1s visible del Gobierno federal ante la pandemia, el nombre de Hugo L\u00f3pez-Gatell ha aparecido, para bien o para mal, en art\u00edculos de\u00a0revistas como\u00a0The Lancet, Science, British Medical Journal\u00a0y\u00a0SciELO.<\/em><\/p>\n\n\n\n<p class=\"has-vivid-cyan-blue-color has-text-color has-medium-font-size\">GUADALUPE FLORES \/ SINEMBARGO<\/p>\n\n\n\n<p><em><strong>\u2013Con informaci\u00f3n de Efr\u00e9n Flores<\/strong><\/em><\/p>\n\n\n\n<p>Ciudad de M\u00e9xico, 17 de enero (SinEmbargo).\u2013\u201dPara nosotros ha sido de mucha ayuda la participaci\u00f3n del doctor Hugo L\u00f3pez-Gatell, ejemplar. No creo que haya un funcionario en el mundo con esas caracter\u00edsticas, aunque se enojen. Es de primera, preparado, es un gran profesional\u201d, dijo el&nbsp;<strong>Presidente Andr\u00e9s Manuel L\u00f3pez Obrador<\/strong>&nbsp;en su conferencia ma\u00f1anera del 6 de enero al dar su opini\u00f3n sobre quienes exigen la renuncia del Subsecretario de Promoci\u00f3n y Prevenci\u00f3n de la Salud.<\/p>\n\n\n\n<p>Pero\u00a0<strong>Hugo L\u00f3pez-Gatell Ram\u00edrez<\/strong>\u00a0\u2013quien ha sido el rostro m\u00e1s visible o medi\u00e1tico de la Secretar\u00eda de Salud (SSA) en tiempos de pandemia\u2013 no solo ha recibido cr\u00edticas de la oposici\u00f3n pol\u00edtica mexicana, diversos medios especializados han examinado su trabajo, unos lo reconocen y otros m\u00e1s cuestionan algunas de sus acciones como la implementaci\u00f3n del modelo centinela, el no imponer el uso de mascarillas en todo el pa\u00eds y las escasas pruebas para detectar casos de COVID-19.<\/p>\n\n\n\n<blockquote class=\"wp-block-quote is-layout-flow wp-block-quote-is-layout-flow\"><p>Lo anterior se suma a los efectos de la pandemia que, independientemente del desempe\u00f1o del Gobierno federal, tiene una alta tasa de mortalidad en el pa\u00eds, considerando que las cifras de la SSA indican que en M\u00e9xico hay una defunci\u00f3n por cada 10 casos confirmados de COVID-19, lo que implica que proporcionalmente, uno de cada mil habitantes en M\u00e9xico ha muerto por coronavirus.<\/p><\/blockquote>\n\n\n\n<p><img fetchpriority=\"high\" decoding=\"async\" src=\"https:\/\/i0.wp.com\/sinembargo.mx\/wp-content\/uploads\/2021\/01\/cuartoscuro_793846_digital-2.jpeg\" alt=\"L\u00d3PEZ-GATELL-AMLO-COVID\" width=\"700\" height=\"467\" srcset=\"https:\/\/i0.wp.com\/sinembargo.mx\/wp-content\/uploads\/2021\/01\/cuartoscuro_793846_digital-2.jpeg 700w, https:\/\/i0.wp.com\/sinembargo.mx\/wp-content\/uploads\/2021\/01\/cuartoscuro_793846_digital-2-300x200.jpeg 300w\"><\/p>\n\n\n\n<p>En esta imagen de la conferencia ma\u00f1anera del 6 de enero, el Presidente Andr\u00e9s Manuel L\u00f3pez Obrador defendi\u00f3 el trabajo de Hugo L\u00f3pez-Gatell. Foto: Victoria Valtierra, Cuartoscuro.<\/p>\n\n\n\n<blockquote class=\"wp-block-quote is-layout-flow wp-block-quote-is-layout-flow\"><p>Desde hace muchos a\u00f1os, el grado de preparaci\u00f3n de Hugo L\u00f3pez-Gatell impuls\u00f3 su carrera dentro y fuera del \u00e1mbito p\u00fablico; y en ese camino, adem\u00e1s de los m\u00e9ritos propios hubo circunstancias que se alinearon para colocarlo en donde hoy est\u00e1, como por ejemplo, el hecho de que su asesor de tesis de maestr\u00eda en la Universidad Nacional Aut\u00f3noma de M\u00e9xico fue precisamente el hoy Secretario de Salud,&nbsp;<strong>Jorge Carlos Alcocer Varela<\/strong>.<\/p><\/blockquote>\n\n\n\n<p>A la fecha, L\u00f3pez-Gatell es uno de los pocos funcionarios p\u00fablicos que puede presumir tener fan\u00e1ticos, adem\u00e1s de simpatizantes, pero al ser la cara m\u00e1s visible del Gobierno federal ante la pandemia, su nombre ha aparecido, para bien o para mal, en art\u00edculos de universidades como Cambridge, en estudios de organizaciones como Amnist\u00eda Internacional, en medios como\u00a0<em>Bloomberg<\/em>\u00a0y en las revistas\u00a0<em>The Lancet, Science, British Medical Journal<\/em>\u00a0y\u00a0<em>SciELO.<\/em><\/p>\n\n\n\n<p><a href=\"https:\/\/science.sciencemag.org\/content\/370\/6522\/1261\" target=\"_blank\" rel=\"noreferrer noopener\"><strong>\u201cEl controvertido zar del coronavirus de M\u00e9xico\u201d<\/strong><\/a>&nbsp;y \u201cCovid-19: c\u00f3mo el negacionismo lider\u00f3 el desastroso esfuerzo de control de una pandemia en M\u00e9xico\u201d, son los m\u00e1s recientes t\u00edtulos de art\u00edculos publicados en las revistas&nbsp;<em>Science<\/em>&nbsp;y&nbsp;<em>British Medical Journal<\/em>, respectivamente, que hablan del trabajo del doctor L\u00f3pez-Gatell, quien la semana pasada se vio envuelto en una nueva pol\u00e9mica: fue fotografiado sin mascarilla en avi\u00f3n y en playas del estado de Oaxaca en pleno pico de la pandemia.<img decoding=\"async\" src=\"https:\/\/i0.wp.com\/sinembargo.mx\/wp-content\/uploads\/2021\/01\/lopez-gatell-1.jpeg\" alt=\"\"><\/p>\n\n\n\n<h4 class=\"wp-block-heading\"><a href=\"https:\/\/www.sinembargo.mx\/04-01-2021\/3919282\">VER M\u00c1S<\/a><\/h4>\n\n\n\n<h5 class=\"wp-block-heading\"><a href=\"https:\/\/www.sinembargo.mx\/04-01-2021\/3919282\" target=\"_blank\" rel=\"noreferrer noopener\">L\u00f3pez-Gatell acepta que s\u00ed se fue a una fiesta de fin de a\u00f1o (en una laaarga respuesta de 10 minutos)<\/a><\/h5>\n\n\n\n<p>El texto de\u00a0<em>Science<\/em>, escrito por el periodista de ciencia Rodrigo P\u00e9rez Ortega y publicado el 11 de diciembre de 2020, describe c\u00f3mo muchos han cuestionado el liderazgo de L\u00f3pez-Gatell Ram\u00edrez.<\/p>\n\n\n\n<blockquote class=\"wp-block-quote is-layout-flow wp-block-quote-is-layout-flow\"><p>\u201cLos cr\u00edticos lo acusan de subestimar las cifras reales y de manejar mal la respuesta de la naci\u00f3n.&nbsp;A principios de agosto, los gobernadores de nueve estados mexicanos exigieron su renuncia.&nbsp;Sin embargo, sus defensores dicen que est\u00e1 tomando decisiones acertadas basadas en la ciencia y haciendo lo mejor que puede con los recursos a su disposici\u00f3n\u201d, menciona sobre L\u00f3pez-Gatell, quien en 2009 ocupaba el cargo de jefe de epidemiolog\u00eda en la Secretar\u00eda de Salud federal y le toc\u00f3 enfrentar la gripe H1N1.<\/p><\/blockquote>\n\n\n\n<p>El art\u00edculo de&nbsp;<em>Science<\/em>&nbsp;destac\u00f3 que ante la nueva pandemia, L\u00f3pez-Gatell Ram\u00edrez deposit\u00f3 su confianza en el sistema centinela del pa\u00eds, originalmente dise\u00f1ado para los brotes de gripe y que le ha valido sendas cr\u00edticas.<\/p>\n\n\n\n<blockquote class=\"wp-block-quote is-layout-flow wp-block-quote-is-layout-flow\"><p>\u201cLa confianza en el modelo centinela puede haber impedido que L\u00f3pez-Gatell Ram\u00edrez y su equipo hicieran predicciones precisas.&nbsp;Pronosticaron que la pandemia alcanzar\u00eda su punto m\u00e1ximo alrededor del 8 de mayo, con 4 mil 500 casos diarios, con la ayuda de un cierre voluntario nacional en vigor desde finales de marzo hasta junio. En cambio, los casos diarios siguieron aumentando, hasta un m\u00e1ximo de 9 mil 556 el 3 de agosto.&nbsp;Desde entonces, el n\u00famero ha fluctuado entre 3 mil y 12 mil, y la pandemia est\u00e1 empeorando\u201d, detalla el periodista Rodrigo P\u00e9rez Ortega.<\/p><\/blockquote>\n\n\n\n<p><img decoding=\"async\" src=\"https:\/\/i0.wp.com\/sinembargo.mx\/wp-content\/uploads\/2020\/12\/gatell.png\" alt=\"\"><\/p>\n\n\n\n<h4 class=\"wp-block-heading\"><a href=\"https:\/\/www.sinembargo.mx\/21-12-2020\/3913392\">VER M\u00c1S<\/a><\/h4>\n\n\n\n<h5 class=\"wp-block-heading\"><a href=\"https:\/\/www.sinembargo.mx\/21-12-2020\/3913392\" target=\"_blank\" rel=\"noreferrer noopener\">Tambi\u00e9n L\u00f3pez-Gatell responde al&nbsp;<em>Times:<\/em>&nbsp;acusa que es&nbsp;<em>fake news<\/em>&nbsp;y le hace una lista de \u201cimprecisiones\u201d<\/a><\/h5>\n\n\n\n<p>El art\u00edculo de&nbsp;<em>Science<\/em>&nbsp;a\u00f1ade que las pruebas no son la \u00fanica \u00e1rea en la que L\u00f3pez-Gatell Ram\u00edrez ha recibido cr\u00edticas.&nbsp;\u201cMientras Europa y Estados Unidos estaban lidiando con sus primeras oleadas de infecciones, desaconsej\u00f3 el cierre de las fronteras de M\u00e9xico\u201d.<\/p>\n\n\n\n<p>Adem\u00e1s, agrega el art\u00edculo, \u201csu postura sobre las mascarillas es quiz\u00e1s la m\u00e1s controvertida: a pesar de la creciente presi\u00f3n del p\u00fablico, pol\u00edticos y cient\u00edficos que citan evidencia de que las mascarillas pueden reducir la transmisi\u00f3n viral, L\u00f3pez-Gatell Ram\u00edrez a\u00fan no ha ordenado su uso en todo el pa\u00eds\u201d.<\/p>\n\n\n\n<p>La revista&nbsp;<a href=\"https:\/\/www.bmj.com\/content\/371\/bmj.m4952\" target=\"_blank\" rel=\"noreferrer noopener\"><strong>British Medical Journal<\/strong><\/a>&nbsp;public\u00f3 el 30 de diciembre un art\u00edculo titulado \u201cCovid-19: c\u00f3mo el negacionismo lider\u00f3 el desastroso esfuerzo de control de una pandemia en M\u00e9xico\u201d.<\/p>\n\n\n\n<blockquote class=\"wp-block-quote is-layout-flow wp-block-quote-is-layout-flow\"><p>El texto, firmado por el periodista Luke Taylor, destaca que \u201ca pesar de tener una de las peores cifras de muertos en el mundo por la pandemia, el Gobierno de M\u00e9xico se neg\u00f3 a bloquear o expandir las operaciones de prueba y rastreo.&nbsp;El resultado ha sido devastador tanto para los m\u00e9dicos como para los pacientes\u201d.<\/p><\/blockquote>\n\n\n\n<p><img decoding=\"async\" src=\"https:\/\/i0.wp.com\/sinembargo.mx\/wp-content\/uploads\/2020\/12\/cuartoscuro_791246_digital.jpeg\" alt=\"\"><\/p>\n\n\n\n<h4 class=\"wp-block-heading\"><a href=\"https:\/\/www.sinembargo.mx\/21-12-2020\/3913120\">VER M\u00c1S<\/a><\/h4>\n\n\n\n<h5 class=\"wp-block-heading\"><a href=\"https:\/\/www.sinembargo.mx\/21-12-2020\/3913120\" target=\"_blank\" rel=\"noreferrer noopener\"><em>The New York Times:<\/em>&nbsp;L\u00f3pez-Gatell enga\u00f1\u00f3 con datos a la CdMx para evitar que fuera a sem\u00e1foro rojo<\/a><\/h5>\n\n\n\n<p>El periodista enfatiza en los hospitales p\u00fablicos, que desde diciembre de 2020 est\u00e1n sobrecargados.&nbsp;\u201cMuchos est\u00e1n rechazando pacientes debido a la falta de camas y se est\u00e1n quedando sin suministros para las pruebas de reacci\u00f3n en cadena de la polimerasa.&nbsp;Todos est\u00e1n respaldados por personal con exceso de trabajo y falta de capacitaci\u00f3n.&nbsp;M\u00e1s de 2 mil trabajadores de la salud han muerto a causa del COVID-19, m\u00e1s que en cualquier otro lugar del mundo\u201d.<\/p>\n\n\n\n<p>Tambi\u00e9n menciona que la falta de estrategia, combinada con mensajes contradictorios del Presidente, \u201cha exacerbado la situaci\u00f3n en un pa\u00eds que est\u00e1 mal equipado para una pandemia\u201d.<\/p>\n\n\n\n<blockquote class=\"wp-block-quote is-layout-flow wp-block-quote-is-layout-flow\"><p>\u201cFiguras del gobierno han pedido al p\u00fablico que practique el distanciamiento social y han recomendado el uso de mascarillas, pero L\u00f3pez Obrador se ha negado a usar una mascarilla \u00e9l mismo y ha minimizado su efectividad.&nbsp;Se ha negado a hacerlos obligatorios o declarar un bloqueo nacional, que considera autoritario y econ\u00f3micamente perjudicial\u201d, se lee en el texto.<\/p><\/blockquote>\n\n\n\n<p><img decoding=\"async\" src=\"https:\/\/i0.wp.com\/sinembargo.mx\/wp-content\/uploads\/2021\/01\/cuartoscuro_793658_digital.jpeg\" alt=\"L\u00d3PEZ-GATELL-COVID\" width=\"700\" height=\"461\" srcset=\"https:\/\/i0.wp.com\/sinembargo.mx\/wp-content\/uploads\/2021\/01\/cuartoscuro_793658_digital.jpeg 700w, https:\/\/i0.wp.com\/sinembargo.mx\/wp-content\/uploads\/2021\/01\/cuartoscuro_793658_digital-300x198.jpeg 300w\"><\/p>\n\n\n\n<p>L\u00f3pez-Gatell se vio envuelto en una nueva pol\u00e9mica: fue fotografiado sin mascarilla en avi\u00f3n y en playas del estado de Oaxaca en pleno pico de la pandemia. Foto: Andrea Murcia, Cuartoscuro.<\/p>\n\n\n\n<p>El art\u00edculo de&nbsp;<em>British Medical Journal<\/em>&nbsp;destaca tambi\u00e9n el escaso n\u00famero de pruebas para detectar la COVID que realiza el Gobierno: \u201cAunque el n\u00famero de casos y muertes semanales en M\u00e9xico se ha duplicado durante noviembre a diciembre, M\u00e9xico est\u00e1 evaluando a menos personas por n\u00famero de casos ahora que al comienzo de la pandemia.&nbsp;Actualmente, el pa\u00eds tiene una de las tasas de pruebas m\u00e1s bajas del mundo\u201d.<\/p>\n\n\n\n<blockquote class=\"wp-block-quote is-layout-flow wp-block-quote-is-layout-flow\"><p>\u201cM\u00e9xico busca casos solo en las personas m\u00e1s gravemente enfermas\u201d, agrega el texto.&nbsp;\u201cEsto contrasta directamente con la mayor\u00eda de los pa\u00edses de Am\u00e9rica Latina, que han aumentado la capacidad de realizaci\u00f3n de pruebas y, a pesar de ser una de las principales recomendaciones de la OMS como uno de los pocos m\u00e9todos probados y menos da\u00f1inos econ\u00f3micamente para reducir la transmisi\u00f3n del virus\u201d.<\/p><\/blockquote>\n\n\n\n<p>En noviembre pasado,&nbsp;<strong><a href=\"https:\/\/www.bloomberg.com\/graphics\/covid-resilience-ranking\/#ranking\" target=\"_blank\" rel=\"noreferrer noopener\"><em>Bloomberg&nbsp;<\/em><\/a><\/strong>public\u00f3 \u201cEl Ranking de Resiliencia COVID\u201d, en el que analiz\u00f3 los n\u00fameros de cada pa\u00eds para determinar los mejores lugares para estar en la era del coronavirus.<img decoding=\"async\" src=\"https:\/\/i0.wp.com\/sinembargo.mx\/wp-content\/uploads\/2020\/05\/covid-19-4.jpg\" alt=\"\"><\/p>\n\n\n\n<h4 class=\"wp-block-heading\"><a href=\"https:\/\/www.sinembargo.mx\/17-05-2020\/3785850\">VER M\u00c1S<\/a><\/h4>\n\n\n\n<h5 class=\"wp-block-heading\"><a href=\"https:\/\/www.sinembargo.mx\/17-05-2020\/3785850\" target=\"_blank\" rel=\"noreferrer noopener\">20 a\u00f1os sin biotecnolog\u00eda dej\u00f3 a M\u00e9xico sin destreza para pruebas masivas de la COVID-19: cient\u00edficos<\/a><\/h5>\n\n\n\n<p>El ranking, analizado por los periodistas Rachel Chang Jinshan Hong y Kevin Varley, revisa 53 econom\u00edas de m\u00e1s de 200 mil millones de d\u00f3lares en&nbsp;10 m\u00e9tricas como el&nbsp;crecimiento de los casos, la tasa de mortalidad general, las pruebas, los acuerdos de suministro de vacunas, la capacidad del sistema sanitario local, el impacto de las restricciones relacionadas con el coronavirus y la libertad de circulaci\u00f3n de los ciudadanos.<\/p>\n\n\n\n<p>De acuerdo con este ranking, los 10 pa\u00edses con mejor puntaje de resilencia COVID son:<\/p>\n\n\n\n<blockquote class=\"wp-block-quote is-layout-flow wp-block-quote-is-layout-flow\"><p>\u2013Nueva Zelanda (85.4)<br>\u2013Jap\u00f3n (85)<br>\u2013Taiw\u00e1n (82.9)<br>\u2013Corea del Sur (82.3)<br>\u2013Finlandia (82)<br>\u2013Noruega (81.3)<br>\u2013Australia (81.2)<br>\u2013China (80.6)<br>\u2013Dinamarca (77)<br>\u2013Vietnam (74.3)<\/p><\/blockquote>\n\n\n\n<p>En contraste, los 10 con menos residencia son:<\/p>\n\n\n\n<blockquote class=\"wp-block-quote is-layout-flow wp-block-quote-is-layout-flow\"><p>\u2013Rumania (53.6)<br>\u2013Polonia (52.2)<br>\u2013Francia (51.6)<br>\u2013Filipinas (48.9)<br>\u2013Ir\u00e1n (48.7)<br>\u2013Colombia (48.1)<br>\u2013Rep\u00fablica Checa (46.8)<br>\u2013B\u00e9lgica (45.6)<br>\u2013Per\u00fa (41.6)<br>\u2013Argentina (41.1)<br>\u2013M\u00e9xico (37.6)<\/p><\/blockquote>\n\n\n\n<p><img decoding=\"async\" src=\"https:\/\/i0.wp.com\/sinembargo.mx\/wp-content\/uploads\/2020\/12\/vacuna-covid-7.jpg\" alt=\"\"><\/p>\n\n\n\n<h4 class=\"wp-block-heading\"><a href=\"https:\/\/www.sinembargo.mx\/03-01-2021\/3917641\">VER M\u00c1S<\/a><\/h4>\n\n\n\n<h5 class=\"wp-block-heading\"><a href=\"https:\/\/www.sinembargo.mx\/03-01-2021\/3917641\" target=\"_blank\" rel=\"noreferrer noopener\">\u00bfPor qu\u00e9 M\u00e9xico no tiene vacuna si fue epicentro de una pandemia y se gast\u00f3 cientos de millones?<\/a><\/h5>\n\n\n\n<p>Un art\u00edculo publicado en el sitio Scientific Electronic Library Online&nbsp;(<em><a href=\"http:\/\/www.scielo.org.mx\/scielo.php?script=sci_arttext&amp;pid=S2007-74592020000200173\" target=\"_blank\" rel=\"noreferrer noopener\"><strong>SciELO<\/strong><\/a><\/em>), titulado \u201cCuando la ciencia no alcanza: M\u00e9xico ante la pandemia del COVID-19\u201d, explica el modelo centinela que el Gobierno federal utiliza en su plan nacional de contingencia de la pandemia.<\/p>\n\n\n\n<p>\u201cPruebas, pruebas, pruebas\u2026 es el mensaje del Director General de la OMS, Tedros Adhanom. Estrategia que ha demostrado validez cient\u00edfica internacional en la contenci\u00f3n del SARSCoV2 y que pudiera ser de aplicaci\u00f3n nacional; sin embargo, la estrategia la Secretar\u00eda de Salud de M\u00e9xico por lo menos en la fase 1 y al inicio de la fase 2 del plan nacional de contingencia discrepa con esta directriz y en su lugar s\u00f3lo toma muestras en casos de enfermedad moderada o grupos de alto riesgo y la combina con el modelo de vigilancia centinela, que no pretende identificar todos y cada uno de los casos de COVID-19 ni recopilar una cuenta completa de casos en todo el pa\u00eds\u201d, se\u00f1ala el autor del texto Jorge&nbsp;Baruch D\u00edaz Ram\u00edrez, maestro en Ciencias en Pol\u00edticas de Salud Global de la London School of Hygiene &amp; Tropical Medicine y vocero de la Comisi\u00f3n Universitaria para la Atenci\u00f3n de la Emergencia del Coronavirus de la Universidad Nacional Aut\u00f3noma de M\u00e9xico (UNAM).<\/p>\n\n\n\n<blockquote class=\"wp-block-quote is-layout-flow wp-block-quote-is-layout-flow\"><p>Para el especialista, \u201cesta discrepancia entre la OMS y M\u00e9xico se puede tomar como ejemplo de una excepci\u00f3n a la validez cient\u00edfica y hasta cierto punto como una controversia para implementar pol\u00edticas p\u00fablicas ante una contingencia. La discrepancia se da ante la necesidad de adaptar las directrices internacionales a las circunstancias nacionales. En este sentido, el modelo centinela tiene dentro de sus objetivos emplear de forma m\u00e1s efectiva y eficiente los recursos humanos y materiales existentes en el sistema de salud, no obstante, hasta el momento no se cuenta con evidencia cient\u00edfica que demuestre ser efectiva en la contenci\u00f3n del brote de COVID-19\u201d.<\/p><\/blockquote>\n\n\n\n<p><img decoding=\"async\" src=\"https:\/\/i0.wp.com\/sinembargo.mx\/wp-content\/uploads\/2020\/06\/covid-19-11.jpg\" alt=\"\"><\/p>\n\n\n\n<h4 class=\"wp-block-heading\"><a href=\"https:\/\/www.sinembargo.mx\/13-06-2020\/3802507\">VER M\u00c1S<\/a><\/h4>\n\n\n\n<h5 class=\"wp-block-heading\"><a href=\"https:\/\/www.sinembargo.mx\/13-06-2020\/3802507\" target=\"_blank\" rel=\"noreferrer noopener\">La 4T aplica menos pruebas de la COVID-19 que El Salvador, pero 11 estados se separan y van por m\u00e1s<\/a><\/h5>\n\n\n\n<p>Ante la escalada exponencial de casos a nivel global y las experiencias positivas y negativas de algunos pa\u00edses que han implementado planes para la preparaci\u00f3n, respuesta y recuperaci\u00f3n del brote del SARS CoV 2, el maestro Jorge&nbsp;Baruch recomienda a M\u00e9xico una respuesta unificada y coordinada entre los tres sectores de la sociedad.<\/p>\n\n\n\n<p>\u201cLa comunicaci\u00f3n del riesgo no s\u00f3lo debe enfocarse hacia los medios de comunicaci\u00f3n, es necesario involucrar pro-activamente a la sociedad civil organizada y a la iniciativa privada con la finalidad de conciliar los planes de mitigaci\u00f3n ante las diferentes fases de la contingencia y la etapa de recuperaci\u00f3n. Las discrepancias con los organismos internacionales y otros actores a nivel global se deber\u00e1n conciliar mediante la mejor evidencia cient\u00edfica disponible para el caso de COVID-19, especialmente en los temas m\u00e1s controversiales de actuaci\u00f3n que son las oportunidades de diagn\u00f3stico limitadas, la respuesta desfasada entre los diferentes niveles de gobierno y sectores de la sociedad, y la vigilancia epidemiol\u00f3gica\u201d, expone el experto en su art\u00edculo publicado en noviembre de 2020.<\/p>\n\n\n\n<p>Un an\u00e1lisis global publicado por&nbsp;<a href=\"https:\/\/www.amnesty.org\/es\/latest\/news\/2020\/09\/amnesty-analysis-7000-health-workers-have-died-from-covid19\/\" target=\"_blank\" rel=\"noreferrer noopener\"><strong>Amnist\u00eda Internacional<\/strong><\/a>&nbsp;el 3 de septiembre de 2020 coloc\u00f3 a M\u00e9xico como el pa\u00eds donde m\u00e1s trabajadores de salud hab\u00edan muerto de COVID-19.<\/p>\n\n\n\n<blockquote class=\"wp-block-quote is-layout-flow wp-block-quote-is-layout-flow\"><p>\u201cEn el mundo han muerto al menos 7 mil profesionales de la salud tras contraer la COVID-19. Solamente en M\u00e9xico hay al menos 1, 320 fallecimientos confirmados, la cifra m\u00e1s alta para un solo pa\u00eds\u201d, destaca el an\u00e1lisis de Amnist\u00eda.<\/p><\/blockquote>\n\n\n\n<p><img decoding=\"async\" src=\"https:\/\/i0.wp.com\/sinembargo.mx\/wp-content\/uploads\/2020\/07\/materialimssok.jpg\" alt=\"\"><\/p>\n\n\n\n<h4 class=\"wp-block-heading\"><a href=\"https:\/\/www.sinembargo.mx\/14-07-2020\/3822488\">VER M\u00c1S<\/a><\/h4>\n\n\n\n<h5 class=\"wp-block-heading\"><a href=\"https:\/\/www.sinembargo.mx\/14-07-2020\/3822488\" target=\"_blank\" rel=\"noreferrer noopener\">Camillas hechizas, cubrebocas in\u00fatiles: personal del IMSS lucha contra la COVID\u2026 y la corrupci\u00f3n<\/a><\/h5>\n\n\n\n<p>Amnist\u00eda Internacional tambi\u00e9n registr\u00f3 un n\u00famero elevado de muertes de personal sanitario en Estados Unidos (1,077) y Brasil (634), donde las tasas de infecci\u00f3n y muerte han sido altas durante toda la pandemia, as\u00ed como cifras alarmantes en Sud\u00e1frica (240) e India (573).<\/p>\n\n\n\n<p>La organizaci\u00f3n mencion\u00f3 que las cifras de cada pa\u00eds no siempre son comparables directamente debido al uso de m\u00e9todos diferentes para recopilar datos y a la definici\u00f3n de personal sanitario que se emplea en cada uno.<\/p>\n\n\n\n<p>En el caso de M\u00e9xico se\u00f1al\u00f3 que \u201cla cifra oficial de muertes de profesionales sanitarios es sobrecogedora: 1,320\u201d.<\/p>\n\n\n\n<blockquote class=\"wp-block-quote is-layout-flow wp-block-quote-is-layout-flow\"><p>\u201cSeg\u00fan algunas fuentes, en M\u00e9xico, el personal de limpieza de los hospitales es especialmente vulnerable a la infecci\u00f3n. Muchos limpiadores y limpiadoras de centros sanitarios de M\u00e9xico est\u00e1n subcontratados, lo que significa que tienen menos protecci\u00f3n\u201d, destaca el an\u00e1lisis.<\/p><\/blockquote>\n\n\n\n<p>Amnist\u00eda Internacional subraya el hecho de que el gobierno mexicano mantiene un registro detallado de muertes de personal sanitario, con datos desglosados por edad, g\u00e9nero y profesi\u00f3n.<\/p>\n\n\n\n<blockquote class=\"wp-block-quote is-layout-flow wp-block-quote-is-layout-flow\"><p>Esta transparencia, detalla, \u201ces esencial y todos los pa\u00edses deber\u00edan ofrecer este tipo de datos; tambi\u00e9n podr\u00eda explicar las inquietantes cifras de M\u00e9xico en comparaci\u00f3n con otros pa\u00edses\u201d.<\/p><\/blockquote>\n\n\n\n<p><img decoding=\"async\" src=\"https:\/\/i0.wp.com\/sinembargo.mx\/wp-content\/uploads\/2020\/12\/cubrebocas-oms.jpg\" alt=\"\"><\/p>\n\n\n\n<h4 class=\"wp-block-heading\"><a href=\"https:\/\/www.sinembargo.mx\/03-12-2020\/3903741\">VER M\u00c1S<\/a><\/h4>\n\n\n\n<h5 class=\"wp-block-heading\"><a href=\"https:\/\/www.sinembargo.mx\/03-12-2020\/3903741\" target=\"_blank\" rel=\"noreferrer noopener\">Esta es la NUEVA GU\u00cdA de la OMS sobre el uso de mascarillas contra COVID-19: qu\u00e9 s\u00ed y qu\u00e9 no<\/a><\/h5>\n\n\n\n<p>La revista m\u00e9dica brit\u00e1nica&nbsp;<a href=\"https:\/\/www.thelancet.com\/journals\/lancet\/article\/PIIS0140-6736(20)31955-3\/fulltext\" target=\"_blank\" rel=\"noreferrer noopener\"><em><strong>The Lancet<\/strong><\/em><\/a>retom\u00f3 este an\u00e1lisis de Amnist\u00eda Internacional para entender las muertes de los trabajadores de la salud en M\u00e9xico.<\/p>\n\n\n\n<p>El texto, escrito por el periodista David Agren, recopila testimonios de m\u00e9dicos del Instituto Mexicano del Seguro Social (IMSS) quienes exigen suministros y equipo de protecci\u00f3n personal.<\/p>\n\n\n\n<blockquote class=\"wp-block-quote is-layout-flow wp-block-quote-is-layout-flow\"><p>\u201cNi siquiera tuvimos acceso a una sola prueba.&nbsp;Ahora tenemos algunos \u201d, dijo a la revista Rafael Soto, enfermero del IMSS y vocero del Sindicato Nacional de Trabajadores de la Salud, organizaci\u00f3n formada durante la pandemia para mejorar las condiciones laborales.<\/p><\/blockquote>\n\n\n\n<p>En julio de 2020, la&nbsp;<a href=\"https:\/\/www.cambridge.org\/core\/journals\/disaster-medicine-and-public-health-preparedness\/article\/mexico-and-the-covid19-response\/D534AABB5B0F77A8CD9E05AB3020BC42\" target=\"_blank\" rel=\"noreferrer noopener\"><strong>Universidad de Cambridge<\/strong><\/a>&nbsp;public\u00f3 un art\u00edculo titulado \u201cM\u00e9xico y la respuesta COVID-19\u201d, escrito por los especialistas Ismael Ibarra-Nava, Jes\u00fas A. C\u00e1rdenas de la Garza, Ra\u00fal E. Ruiz-Lozano y Ra\u00fal G. Salazar-Montalvo.<\/p>\n\n\n\n<p>El art\u00edculo se\u00f1ala que la respuesta de M\u00e9xico a la COVID-19 ha sido controvertida y criticada desde el comienzo del brote.<\/p>\n\n\n\n<blockquote class=\"wp-block-quote is-layout-flow wp-block-quote-is-layout-flow\"><p>\u201cM\u00e9xico ha implementado un sistema de vigilancia epidemiol\u00f3gica centinela, en lugar de una estrategia de pruebas masivas, para contar y notificar casos.&nbsp;A principios de mayo, el Ministerio de Salud estim\u00f3 que aproximadamente 104 mil 562 personas hab\u00edan tenido COVID-19, pero el n\u00famero real de casos confirmados reportados fue 23 mil 471. Este n\u00famero se calcul\u00f3 utilizando modelos matem\u00e1ticos de una muestra, pero los cient\u00edficos de datos y los estad\u00edsticos criticaron la falta de transparencia de la metodolog\u00eda utilizada para proporcionar estas estimaciones\u201d, destaca el texto.<\/p><\/blockquote>\n\n\n\n<p><img decoding=\"async\" src=\"https:\/\/i0.wp.com\/sinembargo.mx\/wp-content\/uploads\/2020\/12\/cubrebocas-1.jpg\" alt=\"\"><\/p>\n\n\n\n<h4 class=\"wp-block-heading\"><a href=\"https:\/\/www.sinembargo.mx\/02-12-2020\/3903339\">VER M\u00c1S<\/a><\/h4>\n\n\n\n<h5 class=\"wp-block-heading\"><a href=\"https:\/\/www.sinembargo.mx\/02-12-2020\/3903339\" target=\"_blank\" rel=\"noreferrer noopener\">M\u00e9xico, entre los pa\u00edses que m\u00e1s usa cubrebocas de forma voluntaria; supera a EU y Canad\u00e1: Gatell<\/a><\/h5>\n\n\n\n<p>\u201cPero quiz\u00e1s lo m\u00e1s preocupante es el cuestionable liderazgo del presidente Andr\u00e9s Manuel L\u00f3pez Obrador\u201d, a\u00f1ade el art\u00edculo.&nbsp;\u201cDesde que la pandemia de COVID-19 lleg\u00f3 a M\u00e9xico en febrero, el Presidente L\u00f3pez Obrador ha minimizado el impacto potencial de la pandemia en la salud de millones de mexicanos.&nbsp;Inicialmente, continu\u00f3 celebrando reuniones masivas en todo M\u00e9xico como parte de una gira presidencial.&nbsp;Finalmente se detuvo durante algunos meses, pero los reanud\u00f3 a principios de junio como parte de su plan para reabrir la econom\u00eda\u201d.<\/p>\n\n\n\n<blockquote class=\"wp-block-quote is-layout-flow wp-block-quote-is-layout-flow\"><p>El art\u00edculo publicado por la Universidad de Cambridge destaca que \u201cse necesita un liderazgo m\u00e1s fuerte del m\u00e1s alto nivel de gobierno para evitar m\u00e1s casos y muertes por COVID-19.&nbsp;Los mexicanos, as\u00ed como los gobiernos locales, estatales y federales, deben trabajar juntos con esfuerzos sin precedentes para cambiar dr\u00e1sticamente el curso de esta pandemia, que ya se ha cobrado miles de vidas vulnerables\u201d.<\/p><cite><br><\/cite><\/blockquote>\n\n\n\n<p>Fuente: https:\/\/www.sinembargo.mx\/17-01-2021\/3919458<\/p>\n","protected":false},"excerpt":{"rendered":"<p>Al ser la cara m\u00e1s visible del Gobierno federal ante la pandemia, el nombre de Hugo L\u00f3pez-Gatell ha aparecido, para [&hellip;]<\/p>\n","protected":false},"author":1,"featured_media":3437,"comment_status":"open","ping_status":"open","sticky":false,"template":"","format":"standard","meta":{"site-sidebar-layout":"default","site-content-layout":"","ast-site-content-layout":"default","site-content-style":"default","site-sidebar-style":"default","ast-global-header-display":"","ast-banner-title-visibility":"","ast-main-header-display":"","ast-hfb-above-header-display":"","ast-hfb-below-header-display":"","ast-hfb-mobile-header-display":"","site-post-title":"","ast-breadcrumbs-content":"","ast-featured-img":"","footer-sml-layout":"","theme-transparent-header-meta":"","adv-header-id-meta":"","stick-header-meta":"","header-above-stick-meta":"","header-main-stick-meta":"","header-below-stick-meta":"","astra-migrate-meta-layouts":"default","ast-page-background-enabled":"default","ast-page-background-meta":{"desktop":{"background-color":"var(--ast-global-color-4)","background-image":"","background-repeat":"repeat","background-position":"center center","background-size":"auto","background-attachment":"scroll","background-type":"","background-media":"","overlay-type":"","overlay-color":"","overlay-opacity":"","overlay-gradient":""},"tablet":{"background-color":"","background-image":"","background-repeat":"repeat","background-position":"center center","background-size":"auto","background-attachment":"scroll","background-type":"","background-media":"","overlay-type":"","overlay-color":"","overlay-opacity":"","overlay-gradient":""},"mobile":{"background-color":"","background-image":"","background-repeat":"repeat","background-position":"center center","background-size":"auto","background-attachment":"scroll","background-type":"","background-media":"","overlay-type":"","overlay-color":"","overlay-opacity":"","overlay-gradient":""}},"ast-content-background-meta":{"desktop":{"background-color":"var(--ast-global-color-5)","background-image":"","background-repeat":"repeat","background-position":"center center","background-size":"auto","background-attachment":"scroll","background-type":"","background-media":"","overlay-type":"","overlay-color":"","overlay-opacity":"","overlay-gradient":""},"tablet":{"background-color":"var(--ast-global-color-5)","background-image":"","background-repeat":"repeat","background-position":"center center","background-size":"auto","background-attachment":"scroll","background-type":"","background-media":"","overlay-type":"","overlay-color":"","overlay-opacity":"","overlay-gradient":""},"mobile":{"background-color":"var(--ast-global-color-5)","background-image":"","background-repeat":"repeat","background-position":"center center","background-size":"auto","background-attachment":"scroll","background-type":"","background-media":"","overlay-type":"","overlay-color":"","overlay-opacity":"","overlay-gradient":""}},"footnotes":""},"categories":[8],"tags":[],"class_list":["post-3436","post","type-post","status-publish","format-standard","has-post-thumbnail","hentry","category-noticias"],"_links":{"self":[{"href":"https:\/\/losperiodistas.com.mx\/portal\/wp-json\/wp\/v2\/posts\/3436","targetHints":{"allow":["GET"]}}],"collection":[{"href":"https:\/\/losperiodistas.com.mx\/portal\/wp-json\/wp\/v2\/posts"}],"about":[{"href":"https:\/\/losperiodistas.com.mx\/portal\/wp-json\/wp\/v2\/types\/post"}],"author":[{"embeddable":true,"href":"https:\/\/losperiodistas.com.mx\/portal\/wp-json\/wp\/v2\/users\/1"}],"replies":[{"embeddable":true,"href":"https:\/\/losperiodistas.com.mx\/portal\/wp-json\/wp\/v2\/comments?post=3436"}],"version-history":[{"count":1,"href":"https:\/\/losperiodistas.com.mx\/portal\/wp-json\/wp\/v2\/posts\/3436\/revisions"}],"predecessor-version":[{"id":3438,"href":"https:\/\/losperiodistas.com.mx\/portal\/wp-json\/wp\/v2\/posts\/3436\/revisions\/3438"}],"wp:featuredmedia":[{"embeddable":true,"href":"https:\/\/losperiodistas.com.mx\/portal\/wp-json\/wp\/v2\/media\/3437"}],"wp:attachment":[{"href":"https:\/\/losperiodistas.com.mx\/portal\/wp-json\/wp\/v2\/media?parent=3436"}],"wp:term":[{"taxonomy":"category","embeddable":true,"href":"https:\/\/losperiodistas.com.mx\/portal\/wp-json\/wp\/v2\/categories?post=3436"},{"taxonomy":"post_tag","embeddable":true,"href":"https:\/\/losperiodistas.com.mx\/portal\/wp-json\/wp\/v2\/tags?post=3436"}],"curies":[{"name":"wp","href":"https:\/\/api.w.org\/{rel}","templated":true}]}}