{"id":34337,"date":"2022-08-11T14:23:34","date_gmt":"2022-08-11T19:23:34","guid":{"rendered":"http:\/\/losperiodistas.com.mx\/portal\/?p=34337"},"modified":"2022-08-11T14:23:36","modified_gmt":"2022-08-11T19:23:36","slug":"mensaje-paz-y-bien-para-mexico-vatican-news","status":"publish","type":"post","link":"https:\/\/losperiodistas.com.mx\/portal\/mensaje-paz-y-bien-para-mexico-vatican-news\/","title":{"rendered":"Mensaje \u201cPaz y bien para M\u00e9xico\u201d | Vatican News"},"content":{"rendered":"\n<p class=\"has-medium-font-size\">Los representantes y l\u00edderes de las diversas Iglesias representadas en la Ciudad de M\u00e9xico informan que tras haber conversado y orado juntos por la paz en su querido pa\u00eds, desean comunicar los frutos de este significativo encuentro<\/p>\n\n\n\n<p><\/p>\n\n\n\n<figure class=\"wp-block-image size-large is-style-default\"><img fetchpriority=\"high\" decoding=\"async\" width=\"1024\" height=\"576\" src=\"https:\/\/losperiodistas.com.mx\/portal\/wp-content\/uploads\/2022\/08\/cq5dam.thumbnail.cropped.1500.844-2-1024x576.jpeg\" alt=\"\" class=\"wp-image-34338\" srcset=\"https:\/\/losperiodistas.com.mx\/portal\/wp-content\/uploads\/2022\/08\/cq5dam.thumbnail.cropped.1500.844-2-1024x576.jpeg 1024w, https:\/\/losperiodistas.com.mx\/portal\/wp-content\/uploads\/2022\/08\/cq5dam.thumbnail.cropped.1500.844-2-300x169.jpeg 300w, https:\/\/losperiodistas.com.mx\/portal\/wp-content\/uploads\/2022\/08\/cq5dam.thumbnail.cropped.1500.844-2-768x432.jpeg 768w, https:\/\/losperiodistas.com.mx\/portal\/wp-content\/uploads\/2022\/08\/cq5dam.thumbnail.cropped.1500.844-2.jpeg 1280w\" sizes=\"(max-width: 1024px) 100vw, 1024px\" \/><figcaption>Los representantes y l\u00edderes de las diversas Iglesias representadas en la Ciudad de M\u00e9xico\u00a0<\/figcaption><\/figure>\n\n\n\n<p><\/p>\n\n\n\n<p class=\"has-vivid-cyan-blue-color has-text-color has-medium-font-size\">VATICAN NEWS<\/p>\n\n\n\n<p>La&nbsp;<em><a href=\"https:\/\/cem.org.mx\/mensaje-paz-y-bien-para-mexico\/\" target=\"_blank\" rel=\"noreferrer noopener\">Conferencia del Episcopado Mexicano, CEM<\/a><\/em>, hizo p\u00fablico su mensaje, firmado el 10 de agosto en la capital del pa\u00eds, titulado \u201cPaz y bien para M\u00e9xico\u201d que se introduce con el Salmo 85, 10-11: \u201cAmor y Verdad se han dado cita, Justicia y Paz se besan\u201d.<\/p>\n\n\n\n<p>En el texto, los representantes y l\u00edderes de las diversas Iglesias representadas en la Ciudad de M\u00e9xico se han \u201cencontrado y abrazado\u201d. E informan que despu\u00e9s de haber conversado y orado juntos por la paz en su querido pa\u00eds, desean comunicar los frutos de este significativo encuentro:<\/p>\n\n\n\n<blockquote class=\"wp-block-quote is-layout-flow wp-block-quote-is-layout-flow\"><p>\u201cCompartimos el amor a Dios en nuestro Se\u00f1or Jesucristo; la fe en el poder de la oraci\u00f3n; la preocupaci\u00f3n por la paz y el bien de M\u00e9xico; y la convicci\u00f3n de que juntos podemos contribuir, eficaz y genuinamente, a mantener una esperanza activa por la paz\u201d<\/p><\/blockquote>\n\n\n\n<p class=\"has-cyan-bluish-gray-background-color has-background\"><strong>\u201cNadie debe vivir en este clima de violencia cotidiana\u201d<\/strong><\/p>\n\n\n\n<p>En el mensaje manifiestan que \u201ccomo hijos de un mismo Padre\u201d se duelen junto a los miles de hermanas y hermanos que han perdido a sus seres queridos por asesinatos, desapariciones, feminicidios, trata y explotaci\u00f3n de personas. Y manifiestan que \u201cnadie debe vivir en este clima de violencia cotidiana\u201d.<\/p>\n\n\n\n<p>Adem\u00e1s, tras un discernimiento com\u00fan, ven con claridad la voluntad del Se\u00f1or que los mueve a contribuir con las diversas acciones en la construcci\u00f3n de paz que definen en cinco puntos:<\/p>\n\n\n\n<p><em>1. Orar de manera permanente por la paz en M\u00e9xico, invitando a todas las personas, cualquiera que sea su credo, a sumarse a esta iniciativa.<\/em><\/p>\n\n\n\n<p><em>2. Hacer conciencia en nuestras comunidades que \u201cla Paz es un don de Dios\u201d que se recibe y se trabaja, afirmando el valor de toda vida humana como sagrada. A nadie le es l\u00edcito privar de la vida y de la libertad a un semejante.<\/em><\/p>\n\n\n\n<p><em>3. Mantenernos unidos a trav\u00e9s del di\u00e1logo, fortaleciendo la colaboraci\u00f3n y acci\u00f3n com\u00fan entre nuestras iglesias.<\/em><\/p>\n\n\n\n<p><em>4. Exhortar conjuntamente a las autoridades a encontrar mejores y m\u00e1s eficaces estrategias de seguridad ciudadana que garanticen la paz social, los derechos y las libertades fundamentales.<\/em><\/p>\n\n\n\n<p><em>5. Trabajar en favor de todas las formas de justicia, solidaridad y amor al pr\u00f3jimo, pues en nuestros corazones resuenan las palabras de Jes\u00fas:<\/em><\/p>\n\n\n\n<p class=\"has-cyan-bluish-gray-background-color has-background\"><strong>\u201cBienaventurados los que trabajan por la paz, porque ser\u00e1n llamados hijos de Dios\u00bb Mt 5, 9\u201d<\/strong><\/p>\n\n\n\n<h2 class=\"wp-block-heading\"><strong>Es posible cambiar esta realidad<\/strong><\/h2>\n\n\n\n<p>En consonancia con otras iniciativas que exigen el fin de tanta violencia en el pa\u00eds, afirman mantener \u201cla esperanza de que es posible cambiar esta realidad como fruto de la reconciliaci\u00f3n con uno mismo, con Dios y con el pr\u00f3jimo\u201d.<\/p>\n\n\n\n<h2 class=\"wp-block-heading\"><strong>Implementar mejores pol\u00edticas p\u00fablicas<\/strong><\/h2>\n\n\n\n<p>Explican asimismo que \u201ces necesaria la implementaci\u00f3n de mejores pol\u00edticas p\u00fablicas por parte de las autoridades civiles, en todos los niveles del gobierno, quienes tienen la responsabilidad primaria de garantizar la paz y la seguridad en la naci\u00f3n\u201d.<\/p>\n\n\n\n<p class=\"has-cyan-bluish-gray-background-color has-background\"><strong>\u201cHoy decimos juntos: \u2018\u00a1Paz y Bien\u2019 para M\u00e9xico son posibles!\u201d<\/strong><\/p>\n\n\n\n<p>A la afirmaci\u00f3n conjunta de que la paz y el bien son posibles para M\u00e9xico, reafirman que lo desean y necesitan, a la vez que lo piden en la oraci\u00f3n y en su trabajo \u201ccon la firme certeza\u201d en el Dios que les brinda este don como prenda de su amor.<\/p>\n\n\n\n<p>Firman este mensaje el pastor Rub\u00e9n Enr\u00edquez Navarrete, de la Iglesia Evang\u00e9lica Silo\u00e9; el pastor Rub\u00e9n S\u00e1nchez V\u00e1zquez, de la Iglesia Evang\u00e9lica Independiente en la Rep\u00fablica Mexicana; el presb\u00edtero Jos\u00e9 Obed L\u00f3pez Bandera, de la Iglesia Nacional Presbiteriana; el pastor Pedro Ram\u00edrez P\u00e9rez, presidente de la Convenci\u00f3n Regional Bautista Central; el Dr. Juan Ram\u00edrez Mayer del Ministerio Casas de Dios en M\u00e9xico; el Dr. Benjam\u00edn Rivera Leos del Centro Familiar Cristiano de M\u00e9xico; el pastor Cirilo Cruz L\u00e1zaro, presidente de la Confraternidad Evang\u00e9lica de M\u00e9xico; monse\u00f1or Ram\u00f3n Castro Castro, secretario general de la Conferencia del Episcopado Mexicano y obispo de Cuernavaca.<\/p>\n\n\n\n<p>Fuente: https:\/\/www.vaticannews.va\/es\/iglesia\/news\/2022-08\/mensaje-paz-y-bien-para-mexico.html<\/p>\n","protected":false},"excerpt":{"rendered":"<p>Los representantes y l\u00edderes de las diversas Iglesias representadas en la Ciudad de M\u00e9xico informan que tras haber conversado y [&hellip;]<\/p>\n","protected":false},"author":1,"featured_media":34338,"comment_status":"open","ping_status":"open","sticky":false,"template":"","format":"standard","meta":{"site-sidebar-layout":"default","site-content-layout":"","ast-site-content-layout":"default","site-content-style":"default","site-sidebar-style":"default","ast-global-header-display":"","ast-banner-title-visibility":"","ast-main-header-display":"","ast-hfb-above-header-display":"","ast-hfb-below-header-display":"","ast-hfb-mobile-header-display":"","site-post-title":"","ast-breadcrumbs-content":"","ast-featured-img":"","footer-sml-layout":"","theme-transparent-header-meta":"","adv-header-id-meta":"","stick-header-meta":"","header-above-stick-meta":"","header-main-stick-meta":"","header-below-stick-meta":"","astra-migrate-meta-layouts":"default","ast-page-background-enabled":"default","ast-page-background-meta":{"desktop":{"background-color":"var(--ast-global-color-4)","background-image":"","background-repeat":"repeat","background-position":"center center","background-size":"auto","background-attachment":"scroll","background-type":"","background-media":"","overlay-type":"","overlay-color":"","overlay-opacity":"","overlay-gradient":""},"tablet":{"background-color":"","background-image":"","background-repeat":"repeat","background-position":"center center","background-size":"auto","background-attachment":"scroll","background-type":"","background-media":"","overlay-type":"","overlay-color":"","overlay-opacity":"","overlay-gradient":""},"mobile":{"background-color":"","background-image":"","background-repeat":"repeat","background-position":"center center","background-size":"auto","background-attachment":"scroll","background-type":"","background-media":"","overlay-type":"","overlay-color":"","overlay-opacity":"","overlay-gradient":""}},"ast-content-background-meta":{"desktop":{"background-color":"var(--ast-global-color-5)","background-image":"","background-repeat":"repeat","background-position":"center center","background-size":"auto","background-attachment":"scroll","background-type":"","background-media":"","overlay-type":"","overlay-color":"","overlay-opacity":"","overlay-gradient":""},"tablet":{"background-color":"var(--ast-global-color-5)","background-image":"","background-repeat":"repeat","background-position":"center center","background-size":"auto","background-attachment":"scroll","background-type":"","background-media":"","overlay-type":"","overlay-color":"","overlay-opacity":"","overlay-gradient":""},"mobile":{"background-color":"var(--ast-global-color-5)","background-image":"","background-repeat":"repeat","background-position":"center center","background-size":"auto","background-attachment":"scroll","background-type":"","background-media":"","overlay-type":"","overlay-color":"","overlay-opacity":"","overlay-gradient":""}},"footnotes":""},"categories":[8],"tags":[7196,11943],"class_list":["post-34337","post","type-post","status-publish","format-standard","has-post-thumbnail","hentry","category-noticias","tag-cem","tag-paz-y-bien-para-mexico"],"_links":{"self":[{"href":"https:\/\/losperiodistas.com.mx\/portal\/wp-json\/wp\/v2\/posts\/34337","targetHints":{"allow":["GET"]}}],"collection":[{"href":"https:\/\/losperiodistas.com.mx\/portal\/wp-json\/wp\/v2\/posts"}],"about":[{"href":"https:\/\/losperiodistas.com.mx\/portal\/wp-json\/wp\/v2\/types\/post"}],"author":[{"embeddable":true,"href":"https:\/\/losperiodistas.com.mx\/portal\/wp-json\/wp\/v2\/users\/1"}],"replies":[{"embeddable":true,"href":"https:\/\/losperiodistas.com.mx\/portal\/wp-json\/wp\/v2\/comments?post=34337"}],"version-history":[{"count":1,"href":"https:\/\/losperiodistas.com.mx\/portal\/wp-json\/wp\/v2\/posts\/34337\/revisions"}],"predecessor-version":[{"id":34339,"href":"https:\/\/losperiodistas.com.mx\/portal\/wp-json\/wp\/v2\/posts\/34337\/revisions\/34339"}],"wp:featuredmedia":[{"embeddable":true,"href":"https:\/\/losperiodistas.com.mx\/portal\/wp-json\/wp\/v2\/media\/34338"}],"wp:attachment":[{"href":"https:\/\/losperiodistas.com.mx\/portal\/wp-json\/wp\/v2\/media?parent=34337"}],"wp:term":[{"taxonomy":"category","embeddable":true,"href":"https:\/\/losperiodistas.com.mx\/portal\/wp-json\/wp\/v2\/categories?post=34337"},{"taxonomy":"post_tag","embeddable":true,"href":"https:\/\/losperiodistas.com.mx\/portal\/wp-json\/wp\/v2\/tags?post=34337"}],"curies":[{"name":"wp","href":"https:\/\/api.w.org\/{rel}","templated":true}]}}