{"id":34331,"date":"2022-08-11T14:06:59","date_gmt":"2022-08-11T19:06:59","guid":{"rendered":"http:\/\/losperiodistas.com.mx\/portal\/?p=34331"},"modified":"2022-08-11T14:07:00","modified_gmt":"2022-08-11T19:07:00","slug":"banxico-sube-por-decima-vez-la-tasa-de-interes-en-14-meses-la-deja-en-8-5-forbes","status":"publish","type":"post","link":"https:\/\/losperiodistas.com.mx\/portal\/banxico-sube-por-decima-vez-la-tasa-de-interes-en-14-meses-la-deja-en-8-5-forbes\/","title":{"rendered":"Banxico sube por d\u00e9cima vez la tasa de inter\u00e9s en 14 meses; la deja en 8.5% | Forbes"},"content":{"rendered":"\n<p><em>El Banco de M\u00e9xico aument\u00f3 las tasas de inter\u00e9s para controlar la inflaci\u00f3n m\u00e1s elevada de la econom\u00eda mexicana en las \u00faltimas dos d\u00e9cadas.<\/em><\/p>\n\n\n\n<p><\/p>\n\n\n\n<figure class=\"wp-block-image size-large is-style-default\"><img fetchpriority=\"high\" decoding=\"async\" width=\"1024\" height=\"576\" src=\"https:\/\/losperiodistas.com.mx\/portal\/wp-content\/uploads\/2022\/08\/ddaebb327781d863f997097d46f0575669b31100-1-e1620935580171-1024x576.jpeg\" alt=\"\" class=\"wp-image-34332\" srcset=\"https:\/\/losperiodistas.com.mx\/portal\/wp-content\/uploads\/2022\/08\/ddaebb327781d863f997097d46f0575669b31100-1-e1620935580171-1024x576.jpeg 1024w, https:\/\/losperiodistas.com.mx\/portal\/wp-content\/uploads\/2022\/08\/ddaebb327781d863f997097d46f0575669b31100-1-e1620935580171-300x169.jpeg 300w, https:\/\/losperiodistas.com.mx\/portal\/wp-content\/uploads\/2022\/08\/ddaebb327781d863f997097d46f0575669b31100-1-e1620935580171-768x432.jpeg 768w, https:\/\/losperiodistas.com.mx\/portal\/wp-content\/uploads\/2022\/08\/ddaebb327781d863f997097d46f0575669b31100-1-e1620935580171.jpeg 1280w\" sizes=\"(max-width: 1024px) 100vw, 1024px\" \/><figcaption>Foto: EFE<\/figcaption><\/figure>\n\n\n\n<p class=\"has-vivid-cyan-blue-color has-text-color has-medium-font-size\">ENRIQUE HERN\u00c1NDEZ \/ FORBES <\/p>\n\n\n\n<p>El Banco de M\u00e9xico&nbsp;<strong><a href=\"https:\/\/www.banxico.org.mx\/publicaciones-y-prensa\/anuncios-de-las-decisiones-de-politica-monetaria\/anuncios-politica-monetaria-t.html\">(Banxico)<\/a><\/strong>determin\u00f3 este jueves aumentar por d\u00e9cima vez consecutiva las tasas de inter\u00e9s para controlar la inflaci\u00f3n m\u00e1s elevada de la econom\u00eda mexicana en las \u00faltimas dos d\u00e9cadas.<\/p>\n\n\n\n<p>\u00a0\u201cLa Junta de Gobierno del Banco de M\u00e9xico decidi\u00f3 incrementar en 75 puntos base el objetivo para la Tasa de Inter\u00e9s Interbancaria a un d\u00eda a un nivel de 8.50%, con efectos a partir del 12 de agosto de 2022\u201d, dijo el organismo a cargo de Victoria Rodr\u00edguez Ceja.<\/p>\n\n\n\n<p>Este es el segundo nivel m\u00e1s alto de tasa de inter\u00e9s desde diciembre de 2005, cuando se ubic\u00f3 en 8.75 por ciento. Y as\u00ed dejaba el techo del 9 por ciento.<\/p>\n\n\n\n<p>El incremento de la tasa de inter\u00e9s es la d\u00e9cima que se registra de manera consecutiva desde julio de 2021, cuando se ubicaba en 4 por ciento.<\/p>\n\n\n\n<p>La Junta de Gobierno evalu\u00f3 la magnitud y diversidad de los choques que han afectado a la inflaci\u00f3n y<br>sus determinantes, as\u00ed como la evoluci\u00f3n de las expectativas de mediano y largo plazos y el proceso de<br>formaci\u00f3n de precios.<\/p>\n\n\n\n<p>Consider\u00f3 tambi\u00e9n los mayores retos para la conducci\u00f3n de la pol\u00edtica monetaria ante el apretamiento de las condiciones financieras globales, el entorno de acentuada incertidumbre, las presiones inflacionarias acumuladas de la pandemia y del conflicto geopol\u00edtico, y la posibilidad de mayores afectaciones a la inflaci\u00f3n.<\/p>\n\n\n\n<p>Agreg\u00f3 que vigilar\u00e1 estrechamente las presiones inflacionarias, as\u00ed como todos los factores<br>que inciden en la trayectoria prevista para la inflaci\u00f3n y en sus expectativas.<\/p>\n\n\n\n<p><a href=\"https:\/\/www.forbes.com.mx\/\"><strong><em>Sigue la informaci\u00f3n sobre los negocios y la actualidad en Forbes M\u00e9xico<\/em><\/strong><\/a><\/p>\n\n\n\n<p>\u201cEllo, con el objetivo de determinar una tasa de referencia congruente en todo momento, tanto con la convergencia ordenada y sostenida de la inflaci\u00f3n general a la meta de 3% en el plazo en el que opera la pol\u00edtica monetaria como con un ajuste adecuado de la econom\u00eda y de los mercados financieros.<\/p>\n\n\n\n<p>\u201cLa Junta de Gobierno valorar\u00e1 la magnitud de los ajustes al alza en la tasa de referencia de sus pr\u00f3ximas reuniones de acuerdo con las circunstancias prevalecientes\u201d, a\u00f1adi\u00f3 Banxico.<\/p>\n\n\n\n<p>Fuente: https:\/\/www.forbes.com.mx\/banxico-sube-por-decima-vez-la-tasa-de-interes-en-14-meses-la-deja-en-8-5\/<\/p>\n","protected":false},"excerpt":{"rendered":"<p>El Banco de M\u00e9xico aument\u00f3 las tasas de inter\u00e9s para controlar la inflaci\u00f3n m\u00e1s elevada de la econom\u00eda mexicana en [&hellip;]<\/p>\n","protected":false},"author":1,"featured_media":34332,"comment_status":"open","ping_status":"open","sticky":false,"template":"","format":"standard","meta":{"site-sidebar-layout":"default","site-content-layout":"","ast-site-content-layout":"default","site-content-style":"default","site-sidebar-style":"default","ast-global-header-display":"","ast-banner-title-visibility":"","ast-main-header-display":"","ast-hfb-above-header-display":"","ast-hfb-below-header-display":"","ast-hfb-mobile-header-display":"","site-post-title":"","ast-breadcrumbs-content":"","ast-featured-img":"","footer-sml-layout":"","theme-transparent-header-meta":"","adv-header-id-meta":"","stick-header-meta":"","header-above-stick-meta":"","header-main-stick-meta":"","header-below-stick-meta":"","astra-migrate-meta-layouts":"default","ast-page-background-enabled":"default","ast-page-background-meta":{"desktop":{"background-color":"var(--ast-global-color-4)","background-image":"","background-repeat":"repeat","background-position":"center center","background-size":"auto","background-attachment":"scroll","background-type":"","background-media":"","overlay-type":"","overlay-color":"","overlay-opacity":"","overlay-gradient":""},"tablet":{"background-color":"","background-image":"","background-repeat":"repeat","background-position":"center center","background-size":"auto","background-attachment":"scroll","background-type":"","background-media":"","overlay-type":"","overlay-color":"","overlay-opacity":"","overlay-gradient":""},"mobile":{"background-color":"","background-image":"","background-repeat":"repeat","background-position":"center center","background-size":"auto","background-attachment":"scroll","background-type":"","background-media":"","overlay-type":"","overlay-color":"","overlay-opacity":"","overlay-gradient":""}},"ast-content-background-meta":{"desktop":{"background-color":"var(--ast-global-color-5)","background-image":"","background-repeat":"repeat","background-position":"center center","background-size":"auto","background-attachment":"scroll","background-type":"","background-media":"","overlay-type":"","overlay-color":"","overlay-opacity":"","overlay-gradient":""},"tablet":{"background-color":"var(--ast-global-color-5)","background-image":"","background-repeat":"repeat","background-position":"center center","background-size":"auto","background-attachment":"scroll","background-type":"","background-media":"","overlay-type":"","overlay-color":"","overlay-opacity":"","overlay-gradient":""},"mobile":{"background-color":"var(--ast-global-color-5)","background-image":"","background-repeat":"repeat","background-position":"center center","background-size":"auto","background-attachment":"scroll","background-type":"","background-media":"","overlay-type":"","overlay-color":"","overlay-opacity":"","overlay-gradient":""}},"footnotes":""},"categories":[8],"tags":[2099,6773,11939],"class_list":["post-34331","post","type-post","status-publish","format-standard","has-post-thumbnail","hentry","category-noticias","tag-banxico","tag-inflacion","tag-tasa-de-interes"],"_links":{"self":[{"href":"https:\/\/losperiodistas.com.mx\/portal\/wp-json\/wp\/v2\/posts\/34331","targetHints":{"allow":["GET"]}}],"collection":[{"href":"https:\/\/losperiodistas.com.mx\/portal\/wp-json\/wp\/v2\/posts"}],"about":[{"href":"https:\/\/losperiodistas.com.mx\/portal\/wp-json\/wp\/v2\/types\/post"}],"author":[{"embeddable":true,"href":"https:\/\/losperiodistas.com.mx\/portal\/wp-json\/wp\/v2\/users\/1"}],"replies":[{"embeddable":true,"href":"https:\/\/losperiodistas.com.mx\/portal\/wp-json\/wp\/v2\/comments?post=34331"}],"version-history":[{"count":1,"href":"https:\/\/losperiodistas.com.mx\/portal\/wp-json\/wp\/v2\/posts\/34331\/revisions"}],"predecessor-version":[{"id":34333,"href":"https:\/\/losperiodistas.com.mx\/portal\/wp-json\/wp\/v2\/posts\/34331\/revisions\/34333"}],"wp:featuredmedia":[{"embeddable":true,"href":"https:\/\/losperiodistas.com.mx\/portal\/wp-json\/wp\/v2\/media\/34332"}],"wp:attachment":[{"href":"https:\/\/losperiodistas.com.mx\/portal\/wp-json\/wp\/v2\/media?parent=34331"}],"wp:term":[{"taxonomy":"category","embeddable":true,"href":"https:\/\/losperiodistas.com.mx\/portal\/wp-json\/wp\/v2\/categories?post=34331"},{"taxonomy":"post_tag","embeddable":true,"href":"https:\/\/losperiodistas.com.mx\/portal\/wp-json\/wp\/v2\/tags?post=34331"}],"curies":[{"name":"wp","href":"https:\/\/api.w.org\/{rel}","templated":true}]}}