{"id":3431,"date":"2021-01-17T20:39:06","date_gmt":"2021-01-18T02:39:06","guid":{"rendered":"http:\/\/losperiodistas.com.mx\/portal\/?p=3431"},"modified":"2021-01-17T20:39:06","modified_gmt":"2021-01-18T02:39:06","slug":"renuncia-encargada-de-vacunacion-en-mexico-miriam-veras-godoy-la-razon","status":"publish","type":"post","link":"https:\/\/losperiodistas.com.mx\/portal\/renuncia-encargada-de-vacunacion-en-mexico-miriam-veras-godoy-la-razon\/","title":{"rendered":"Renuncia encargada de vacunaci\u00f3n en M\u00e9xico, Miriam Veras Godoy | La Raz\u00f3n"},"content":{"rendered":"\n<p style=\"font-size:18px\"><em>Veras Godoy particip\u00f3 en el dise\u00f1o e implementaci\u00f3n del plan de vacunaci\u00f3n contra el coronavirus<\/em><\/p>\n\n\n\n<p class=\"has-vivid-cyan-blue-color has-text-color has-medium-font-size\">OTILIA CARVAJAL \/ LA RAZ\u00d3N<\/p>\n\n\n\n<p>Veras Godoy particip\u00f3 en el dise\u00f1o e implementaci\u00f3n del plan de vacunaci\u00f3n contra el coronavirus<\/p>\n\n\n\n<p id=\"m96-95-97\">As\u00ed lo confirm\u00f3 Ricardo Cort\u00e9s Alcal\u00e1, director general de Promoci\u00f3n de la Salud en conferencia de prensa, y&nbsp;<strong>desminti\u00f3 que estuviera en desacuerdo con el plan de vacunaci\u00f3n implementado por el Gobierno federal<\/strong>.<\/p>\n\n\n\n<p id=\"m101-100-102\">\u201cLa doctora Veras Godoy ten\u00eda un encargo importante como el de cualquiera que est\u00e9 participando en ese operativo, no deja un hoyo\u201d, asegur\u00f3.<\/p>\n\n\n\n<p id=\"m160-159-161\">Cort\u00e9s Alcal\u00e1 se\u00f1al\u00f3 que si bien el Censia es el encargado de la vacunaci\u00f3n universal, este operativo ha sido diferente.<\/p>\n\n\n\n<p id=\"m165-164-166\">\u201cEs un operativo federal de todo el Gobierno de M\u00e9xico donde est\u00e1n participando m\u00faltiples secretar\u00edas de Estado bajo un esquema que se conoce m\u00e1s en la milicia, pero que no es exclusivo, que es el sistema de comando de incidentes\u201d, explic\u00f3.<\/p>\n\n\n\n<p id=\"m170-169-171\">En los pr\u00f3ximos d\u00edas Hugo L\u00f3pez-Gatell, subsecretario de Prevenci\u00f3n y Promoci\u00f3n de la Salud decidir\u00e1 qui\u00e9n se quedar\u00e1 en su puesto.<\/p>\n\n\n\n<p id=\"m180-179-181\">En tanto, afirm\u00f3 que las&nbsp;<strong>tareas a cargo de Veras Godoy ser\u00e1n realizadas por el equipo de trabajo del Centro Nacional<\/strong>.<\/p>\n\n\n\n<p id=\"m185-184-186\">\u201cMe parece que la doctora Veras Godoy toma esta decisi\u00f3n personal, pero no tendr\u00e1 un impacto significativo en la operaci\u00f3n\u201d, asever\u00f3.<\/p>\n\n\n\n<p>Fuente: https:\/\/www.razon.com.mx\/mexico\/miriam-veras-godoy-titular-censia-renuncia-desacuerdos-plan-vacunacion-420018<\/p>\n","protected":false},"excerpt":{"rendered":"<p>Veras Godoy particip\u00f3 en el dise\u00f1o e implementaci\u00f3n del plan de vacunaci\u00f3n contra el coronavirus OTILIA CARVAJAL \/ LA RAZ\u00d3N [&hellip;]<\/p>\n","protected":false},"author":1,"featured_media":3432,"comment_status":"open","ping_status":"open","sticky":false,"template":"","format":"standard","meta":{"site-sidebar-layout":"default","site-content-layout":"","ast-site-content-layout":"default","site-content-style":"default","site-sidebar-style":"default","ast-global-header-display":"","ast-banner-title-visibility":"","ast-main-header-display":"","ast-hfb-above-header-display":"","ast-hfb-below-header-display":"","ast-hfb-mobile-header-display":"","site-post-title":"","ast-breadcrumbs-content":"","ast-featured-img":"","footer-sml-layout":"","theme-transparent-header-meta":"","adv-header-id-meta":"","stick-header-meta":"","header-above-stick-meta":"","header-main-stick-meta":"","header-below-stick-meta":"","astra-migrate-meta-layouts":"default","ast-page-background-enabled":"default","ast-page-background-meta":{"desktop":{"background-color":"var(--ast-global-color-4)","background-image":"","background-repeat":"repeat","background-position":"center center","background-size":"auto","background-attachment":"scroll","background-type":"","background-media":"","overlay-type":"","overlay-color":"","overlay-opacity":"","overlay-gradient":""},"tablet":{"background-color":"","background-image":"","background-repeat":"repeat","background-position":"center center","background-size":"auto","background-attachment":"scroll","background-type":"","background-media":"","overlay-type":"","overlay-color":"","overlay-opacity":"","overlay-gradient":""},"mobile":{"background-color":"","background-image":"","background-repeat":"repeat","background-position":"center center","background-size":"auto","background-attachment":"scroll","background-type":"","background-media":"","overlay-type":"","overlay-color":"","overlay-opacity":"","overlay-gradient":""}},"ast-content-background-meta":{"desktop":{"background-color":"var(--ast-global-color-5)","background-image":"","background-repeat":"repeat","background-position":"center center","background-size":"auto","background-attachment":"scroll","background-type":"","background-media":"","overlay-type":"","overlay-color":"","overlay-opacity":"","overlay-gradient":""},"tablet":{"background-color":"var(--ast-global-color-5)","background-image":"","background-repeat":"repeat","background-position":"center center","background-size":"auto","background-attachment":"scroll","background-type":"","background-media":"","overlay-type":"","overlay-color":"","overlay-opacity":"","overlay-gradient":""},"mobile":{"background-color":"var(--ast-global-color-5)","background-image":"","background-repeat":"repeat","background-position":"center center","background-size":"auto","background-attachment":"scroll","background-type":"","background-media":"","overlay-type":"","overlay-color":"","overlay-opacity":"","overlay-gradient":""}},"footnotes":""},"categories":[8],"tags":[],"class_list":["post-3431","post","type-post","status-publish","format-standard","has-post-thumbnail","hentry","category-noticias"],"_links":{"self":[{"href":"https:\/\/losperiodistas.com.mx\/portal\/wp-json\/wp\/v2\/posts\/3431","targetHints":{"allow":["GET"]}}],"collection":[{"href":"https:\/\/losperiodistas.com.mx\/portal\/wp-json\/wp\/v2\/posts"}],"about":[{"href":"https:\/\/losperiodistas.com.mx\/portal\/wp-json\/wp\/v2\/types\/post"}],"author":[{"embeddable":true,"href":"https:\/\/losperiodistas.com.mx\/portal\/wp-json\/wp\/v2\/users\/1"}],"replies":[{"embeddable":true,"href":"https:\/\/losperiodistas.com.mx\/portal\/wp-json\/wp\/v2\/comments?post=3431"}],"version-history":[{"count":1,"href":"https:\/\/losperiodistas.com.mx\/portal\/wp-json\/wp\/v2\/posts\/3431\/revisions"}],"predecessor-version":[{"id":3433,"href":"https:\/\/losperiodistas.com.mx\/portal\/wp-json\/wp\/v2\/posts\/3431\/revisions\/3433"}],"wp:featuredmedia":[{"embeddable":true,"href":"https:\/\/losperiodistas.com.mx\/portal\/wp-json\/wp\/v2\/media\/3432"}],"wp:attachment":[{"href":"https:\/\/losperiodistas.com.mx\/portal\/wp-json\/wp\/v2\/media?parent=3431"}],"wp:term":[{"taxonomy":"category","embeddable":true,"href":"https:\/\/losperiodistas.com.mx\/portal\/wp-json\/wp\/v2\/categories?post=3431"},{"taxonomy":"post_tag","embeddable":true,"href":"https:\/\/losperiodistas.com.mx\/portal\/wp-json\/wp\/v2\/tags?post=3431"}],"curies":[{"name":"wp","href":"https:\/\/api.w.org\/{rel}","templated":true}]}}