{"id":34306,"date":"2022-08-11T06:05:30","date_gmt":"2022-08-11T11:05:30","guid":{"rendered":"http:\/\/losperiodistas.com.mx\/portal\/?p=34306"},"modified":"2022-08-11T06:05:32","modified_gmt":"2022-08-11T11:05:32","slug":"despues-de-18-anos-mexico-vuelve-a-ser-sede-del-congreso-mundial-de-familias-aci","status":"publish","type":"post","link":"https:\/\/losperiodistas.com.mx\/portal\/despues-de-18-anos-mexico-vuelve-a-ser-sede-del-congreso-mundial-de-familias-aci\/","title":{"rendered":"Despu\u00e9s de 18 a\u00f1os M\u00e9xico vuelve a ser sede del Congreso Mundial de Familias\u00a0| ACI"},"content":{"rendered":"\n<p><\/p>\n\n\n\n<figure class=\"wp-block-image size-full is-style-default\"><img fetchpriority=\"high\" decoding=\"async\" width=\"900\" height=\"500\" src=\"https:\/\/losperiodistas.com.mx\/portal\/wp-content\/uploads\/2022\/08\/100822-familia-Cre\u0301dito-Unsplash-Kelly-Sikkema..jpg\" alt=\"\" class=\"wp-image-34307\" srcset=\"https:\/\/losperiodistas.com.mx\/portal\/wp-content\/uploads\/2022\/08\/100822-familia-Cre\u0301dito-Unsplash-Kelly-Sikkema..jpg 900w, https:\/\/losperiodistas.com.mx\/portal\/wp-content\/uploads\/2022\/08\/100822-familia-Cre\u0301dito-Unsplash-Kelly-Sikkema.-300x167.jpg 300w, https:\/\/losperiodistas.com.mx\/portal\/wp-content\/uploads\/2022\/08\/100822-familia-Cre\u0301dito-Unsplash-Kelly-Sikkema.-768x427.jpg 768w\" sizes=\"(max-width: 900px) 100vw, 900px\" \/><figcaption>Imagen referencial. Cr\u00e9dito: Unsplash \/ Kelly Sikkema.<\/figcaption><\/figure>\n\n\n\n<p><\/p>\n\n\n\n<p class=\"has-vivid-cyan-blue-color has-text-color has-medium-font-size\">CYNTHIA P\u00c9REZ \/ ACI PRENSA<\/p>\n\n\n\n<p>Despu\u00e9s de 18 a\u00f1os y bajo el lema \u201cAcompa\u00f1ando a las familias en un mundo desafiante\u201d, M\u00e9xico volver\u00e1 a ser la sede del Congreso Mundial de Familias, un evento que reunir\u00e1 a l\u00edderes a favor de la vida y la defensa de la familia natural del 30 de septiembre al 2 de octubre.<\/p>\n\n\n\n<p>El&nbsp;<a href=\"https:\/\/wcfmexico.org\/\">Congreso Mundial de Familias<\/a>&nbsp;es un evento internacional e interreligioso que naci\u00f3 en Estados Unidos en 1997, buscando promover y defender a la familia natural, conformada por un hombre y una mujer junto a sus hijos, como el pilar de la sociedad.<\/p>\n\n\n\n<p>En su&nbsp;<a href=\"https:\/\/wcfmexico.org\/\">sitio web<\/a>, el XIV Congreso Mundial de Familias se\u00f1al\u00f3 que el objetivo del evento es \u201cunir y equipar a l\u00edderes, organizaciones y familias\u201d, para as\u00ed \u201cafirmar, celebrar y fortalecer a la familia como el entorno fundamental y natural clave para el florecimiento de individuos maduros y sociedades sostenibles\u201d.<\/p>\n\n\n\n<p>\u201cLa familia es nuestro h\u00e1bitat natural, primera comunidad de vida, espacio de pertenencia, acogida y encuentro\u201d, y es donde \u201cse descubre la belleza de la vida y se fundamenta la esperanza de un mundo mejor\u201d, indic\u00f3.<\/p>\n\n\n\n<p>Los organizadores advirtieron que si bien la familia permite el desarrollo y humanizaci\u00f3n de las personas \u201ccomo ninguna otra instituci\u00f3n\u201d y \u201cnos impulsa a la plenitud\u201d, actualmente \u201cno es ajena al conflicto y al sufrimiento\u201d.<\/p>\n\n\n\n<p>\u201cNo hay familias perfectas; las hay m\u00e1s o menos funcionales. Un sinn\u00famero de desaf\u00edos y anhelos, de circunstancias internas y externas, ponen a prueba a sus integrantes d\u00eda a d\u00eda, para las cuales normalmente no estamos suficientemente preparados\u201d, se\u00f1alaron en el sitio web oficial del evento.<\/p>\n\n\n\n<p>Frente a esta realidad, el Congreso indic\u00f3 que tiene la misi\u00f3n de \u201cacompa\u00f1ar a las familias en el desarrollo integral y pleno de sus miembros\u201d para contribuir al bienestar personal y social.<\/p>\n\n\n\n<p>En el evento se ofrecer\u00e1n talleres, orientaci\u00f3n familiar y exposiciones donde especialistas ofrecer\u00e1n herramientas para fortalecer la familia, ayudar a enfrentar los \u201cdesaf\u00edos en casa\u201d y contribuir al crecimiento personal.<\/p>\n\n\n\n<p>El Congreso contar\u00e1 con m\u00e1s de 50 expositores nacionales e internacionales de m\u00e1s de 20 nacionalidades, que son, tal como se indica en el sitio web, \u201cexpertos, pol\u00edticos, l\u00edderes sociales y religiosos en el \u00e1mbito del matrimonio, la familia y la libertad religiosa\u201d.<\/p>\n\n\n\n<p>Entre los representantes cat\u00f3licos destacan el Cardenal Gerhard M\u00fcller, Prefecto Em\u00e9rito de la Congregaci\u00f3n para la Doctrina de la Fe; el Cardenal Carlos Aguiar Retes, Arzobispo Primado de M\u00e9xico; y Antonia Salzano, la mam\u00e1 del Beato Carlo Acutis.<\/p>\n\n\n\n<p>Adem\u00e1s, participar\u00e1n sacerdotes cat\u00f3licos reconocidos y especializados en la formaci\u00f3n de matrimonios y familias en M\u00e9xico como el P. Adolfo G\u00fc\u00e9mez, el P. \u00c1ngel Espinosa de los Monteros y el P. Guillermo Serra.<\/p>\n\n\n\n<p>Entre los l\u00edderes internacionales est\u00e1n Jason Evert\u200b, fundador de Chastity Project; Sharon Slater, presidenta de Family Watch International\u200b; Jim Daly Autor, locutor y presidente de Focus on the Family; Allan C. Carlson, ex presidente de Howard Center For Family, Religion &amp; Society; la pediatra Meg Meeker, entre otros.<\/p>\n\n\n\n<p>El Congreso contar\u00e1 con la participarci\u00f3n de m\u00e1s de 1200 instituciones y tiene el respaldo de organizaciones profamilia y provida importantes en M\u00e9xico y el mundo.<\/p>\n\n\n\n<p>Entre ellas destacan International Organization of the Family, Red Familia, Familia Unida, Juntos por M\u00e9xico: Uni\u00f3n Nacional de Movimientos Cat\u00f3licos, FAPACE M\u00e9xico, USEM UNIAPAC M\u00e9xico, La Iglesia de Jesucristo de los \u00daltimos D\u00edas, Global Center for Human Rights y CitizenGO.<\/p>\n\n\n\n<p>El evento se realizar\u00e1 de forma presencial del 30 de Septiembre al 2 de Octubre 2022 en el centro de convenciones Expo Santa Fe de Ciudad de M\u00e9xico.<\/p>\n\n\n\n<p>Para registrarse u obtener m\u00e1s informaci\u00f3n, puede ingresar a:\u00a0<a href=\"https:\/\/wcfmexico.org\/\">https:\/\/wcfmexico.org\/<\/a><\/p>\n\n\n\n<p>Fuente: https:\/\/www.aciprensa.com\/noticias\/despues-de-18-anos-mexico-vuelve-a-ser-sede-del-congreso-mundial-de-familias-72379<\/p>\n","protected":false},"excerpt":{"rendered":"<p>CYNTHIA P\u00c9REZ \/ ACI PRENSA Despu\u00e9s de 18 a\u00f1os y bajo el lema \u201cAcompa\u00f1ando a las familias en un mundo [&hellip;]<\/p>\n","protected":false},"author":1,"featured_media":34307,"comment_status":"open","ping_status":"open","sticky":false,"template":"","format":"standard","meta":{"site-sidebar-layout":"default","site-content-layout":"","ast-site-content-layout":"default","site-content-style":"default","site-sidebar-style":"default","ast-global-header-display":"","ast-banner-title-visibility":"","ast-main-header-display":"","ast-hfb-above-header-display":"","ast-hfb-below-header-display":"","ast-hfb-mobile-header-display":"","site-post-title":"","ast-breadcrumbs-content":"","ast-featured-img":"","footer-sml-layout":"","theme-transparent-header-meta":"","adv-header-id-meta":"","stick-header-meta":"","header-above-stick-meta":"","header-main-stick-meta":"","header-below-stick-meta":"","astra-migrate-meta-layouts":"default","ast-page-background-enabled":"default","ast-page-background-meta":{"desktop":{"background-color":"var(--ast-global-color-4)","background-image":"","background-repeat":"repeat","background-position":"center center","background-size":"auto","background-attachment":"scroll","background-type":"","background-media":"","overlay-type":"","overlay-color":"","overlay-opacity":"","overlay-gradient":""},"tablet":{"background-color":"","background-image":"","background-repeat":"repeat","background-position":"center center","background-size":"auto","background-attachment":"scroll","background-type":"","background-media":"","overlay-type":"","overlay-color":"","overlay-opacity":"","overlay-gradient":""},"mobile":{"background-color":"","background-image":"","background-repeat":"repeat","background-position":"center center","background-size":"auto","background-attachment":"scroll","background-type":"","background-media":"","overlay-type":"","overlay-color":"","overlay-opacity":"","overlay-gradient":""}},"ast-content-background-meta":{"desktop":{"background-color":"var(--ast-global-color-5)","background-image":"","background-repeat":"repeat","background-position":"center center","background-size":"auto","background-attachment":"scroll","background-type":"","background-media":"","overlay-type":"","overlay-color":"","overlay-opacity":"","overlay-gradient":""},"tablet":{"background-color":"var(--ast-global-color-5)","background-image":"","background-repeat":"repeat","background-position":"center center","background-size":"auto","background-attachment":"scroll","background-type":"","background-media":"","overlay-type":"","overlay-color":"","overlay-opacity":"","overlay-gradient":""},"mobile":{"background-color":"var(--ast-global-color-5)","background-image":"","background-repeat":"repeat","background-position":"center center","background-size":"auto","background-attachment":"scroll","background-type":"","background-media":"","overlay-type":"","overlay-color":"","overlay-opacity":"","overlay-gradient":""}},"footnotes":""},"categories":[8],"tags":[11935],"class_list":["post-34306","post","type-post","status-publish","format-standard","has-post-thumbnail","hentry","category-noticias","tag-congreso-mundial-de-familias"],"_links":{"self":[{"href":"https:\/\/losperiodistas.com.mx\/portal\/wp-json\/wp\/v2\/posts\/34306","targetHints":{"allow":["GET"]}}],"collection":[{"href":"https:\/\/losperiodistas.com.mx\/portal\/wp-json\/wp\/v2\/posts"}],"about":[{"href":"https:\/\/losperiodistas.com.mx\/portal\/wp-json\/wp\/v2\/types\/post"}],"author":[{"embeddable":true,"href":"https:\/\/losperiodistas.com.mx\/portal\/wp-json\/wp\/v2\/users\/1"}],"replies":[{"embeddable":true,"href":"https:\/\/losperiodistas.com.mx\/portal\/wp-json\/wp\/v2\/comments?post=34306"}],"version-history":[{"count":1,"href":"https:\/\/losperiodistas.com.mx\/portal\/wp-json\/wp\/v2\/posts\/34306\/revisions"}],"predecessor-version":[{"id":34308,"href":"https:\/\/losperiodistas.com.mx\/portal\/wp-json\/wp\/v2\/posts\/34306\/revisions\/34308"}],"wp:featuredmedia":[{"embeddable":true,"href":"https:\/\/losperiodistas.com.mx\/portal\/wp-json\/wp\/v2\/media\/34307"}],"wp:attachment":[{"href":"https:\/\/losperiodistas.com.mx\/portal\/wp-json\/wp\/v2\/media?parent=34306"}],"wp:term":[{"taxonomy":"category","embeddable":true,"href":"https:\/\/losperiodistas.com.mx\/portal\/wp-json\/wp\/v2\/categories?post=34306"},{"taxonomy":"post_tag","embeddable":true,"href":"https:\/\/losperiodistas.com.mx\/portal\/wp-json\/wp\/v2\/tags?post=34306"}],"curies":[{"name":"wp","href":"https:\/\/api.w.org\/{rel}","templated":true}]}}