{"id":34300,"date":"2022-08-11T05:48:49","date_gmt":"2022-08-11T10:48:49","guid":{"rendered":"http:\/\/losperiodistas.com.mx\/portal\/?p=34300"},"modified":"2022-08-11T05:48:51","modified_gmt":"2022-08-11T10:48:51","slug":"esto-encontro-el-primer-buzo-que-ingreso-en-la-mina-de-sabinas-para-rescatar-a-10-mineros-infobae","status":"publish","type":"post","link":"https:\/\/losperiodistas.com.mx\/portal\/esto-encontro-el-primer-buzo-que-ingreso-en-la-mina-de-sabinas-para-rescatar-a-10-mineros-infobae\/","title":{"rendered":"Esto encontr\u00f3 el primer buzo que ingres\u00f3 en la mina de Sabinas para rescatar a 10 mineros | Infobae"},"content":{"rendered":"\n<h2 class=\"wp-block-heading\">Autoridades contin\u00faan con el bombeo para lograr que bajen los niveles del agua y puedan ingresar<\/h2>\n\n\n\n<p><\/p>\n\n\n\n<figure class=\"wp-block-image size-large is-style-default\"><img fetchpriority=\"high\" decoding=\"async\" width=\"1024\" height=\"683\" src=\"https:\/\/losperiodistas.com.mx\/portal\/wp-content\/uploads\/2022\/08\/TVELLK4CQBT3BIYKA5CVL7ADKQ-1024x683.jpg\" alt=\"\" class=\"wp-image-34301\" srcset=\"https:\/\/losperiodistas.com.mx\/portal\/wp-content\/uploads\/2022\/08\/TVELLK4CQBT3BIYKA5CVL7ADKQ-1024x683.jpg 1024w, https:\/\/losperiodistas.com.mx\/portal\/wp-content\/uploads\/2022\/08\/TVELLK4CQBT3BIYKA5CVL7ADKQ-300x200.jpg 300w, https:\/\/losperiodistas.com.mx\/portal\/wp-content\/uploads\/2022\/08\/TVELLK4CQBT3BIYKA5CVL7ADKQ-768x512.jpg 768w, https:\/\/losperiodistas.com.mx\/portal\/wp-content\/uploads\/2022\/08\/TVELLK4CQBT3BIYKA5CVL7ADKQ.jpg 1440w\" sizes=\"(max-width: 1024px) 100vw, 1024px\" \/><figcaption>El primer buzo asegur\u00f3 que no hay condiciones para entrar, pues hall\u00f3 diversos bloqueos. Foto: REUTERS\/Stringer<\/figcaption><\/figure>\n\n\n\n<p class=\"has-vivid-cyan-blue-color has-text-color has-medium-font-size\">INFOBAE<\/p>\n\n\n\n<p>Las autoridades del Gobierno de Coahuila revelaron que la ma\u00f1ana de este mi\u00e9rcoles 10 de agosto de 2020, el mando unificado y personal t\u00e9cnico autorizaron<strong>&nbsp;el ingreso de un buzo&nbsp;<\/strong>especializado a la mina de Sabinas, donde se&nbsp;<strong>realizan maniobras de un rescate.<\/strong><\/p>\n\n\n\n<p>Su trabajo se realiz\u00f3 espec\u00edficamente al interior del Pozo 4 de la mina \u2018El Pinabete\u201d, donde hizo unas primeras exploraciones con el objetivo de<strong>&nbsp;rescatar a los 10 mineros&nbsp;<\/strong>que permanecen atrapados desde hace m\u00e1s de una semana.<\/p>\n\n\n\n<p>El buzo, quien pertenece a las filas de la Secretar\u00eda de la Defensa Nacional (Sedena), realiz\u00f3 una inspecci\u00f3n a fondo y al volver a la superficie<strong>&nbsp;determin\u00f3 que existen obst\u00e1culos dentro del pozo<\/strong>&nbsp;que impedir\u00edan el avance, por lo que se deber\u00e1n realizar maniobras para su retiro en las pr\u00f3ximas horas.<\/p>\n\n\n\n<p>Sin embargo a trav\u00e9s de Laura Vel\u00e1zquez Alz\u00faa, titular de la Coordinaci\u00f3n Nacional de Protecci\u00f3n Civil en el estado, se confirm\u00f3 tambi\u00e9n que hallaron un casco durante la inmersi\u00f3n que dur\u00f3 aproximadamente dos horas.<img decoding=\"async\" alt=\"El buzo de la Sedena determin\u00f3 que existen obst\u00e1culos dentro del pozo\n\nFoto: REUTERS\/Luis Cortes\" height=\"3320\" width=\"5500\" class=\"\" src=\"https:\/\/cloudfront-us-east-1.images.arcpublishing.com\/infobae\/YWJJN67HWU2WVPQPOERW2TBZJY.jpg\" srcset=\"https:\/\/www.infobae.com\/new-resizer\/cTEC2QNxq_Ignsx3gg1wvMZVZ6M=\/992x606\/filters:format(webp):quality(85)\/cloudfront-us-east-1.images.arcpublishing.com\/infobae\/YWJJN67HWU2WVPQPOERW2TBZJY.jpg 992w\">El buzo de la Sedena determin\u00f3 que existen obst\u00e1culos dentro del pozo Foto: REUTERS\/Luis Cortes<\/p>\n\n\n\n<h2 class=\"wp-block-heading\">Otros trabajos de rescate en la mina de Sabinas<\/h2>\n\n\n\n<p>Por otra parte, se realizaron diferentes acciones en los<strong>&nbsp;Pozos 2 y 3<\/strong>&nbsp;para intercambiar las bombas de agua de mayor tama\u00f1o por algunas de mayor maniobrabilidad. De acuerdo con las autoridades responsables, debido a la disminuci\u00f3n en los niveles de agua,&nbsp;<strong>ser\u00e1 mucho m\u00e1s f\u00e1cil el bombeo<\/strong>&nbsp;a partir de este momento.<\/p>\n\n\n\n<p>Tambi\u00e9n describieron que por el momento contin\u00faan las&nbsp;<strong>maniobras con la perforaci\u00f3n de barrenos<\/strong>; el objetivo es que se instalen las bombas que aumentan la capacidad extractiva y aseguran el bombeo permanente de agua.<\/p>\n\n\n\n<p>Aunado a estas acciones, informaron tambi\u00e9n que se realiz\u00f3 un sobrevuelo con un veh\u00edculo a\u00e9reo no tripulado para tener en cuenta la<strong>&nbsp;georreferencia de los puntos de trabajo&nbsp;<\/strong>y as\u00ed facilitar la planeaci\u00f3n log\u00edstica de las labores de rescate de las autoridades.<\/p>\n\n\n\n<p>\u201cSe ratifica el compromiso de los tres \u00f3rdenes de Gobierno, de continuar los trabajos hasta lograr el rescate de los 10 mineros\u201d, concluyeron las autoridades locales en su comunicado.<img decoding=\"async\" alt=\"El principal objetivo de las autoridades es encontrar a los mineros mexicanos\n\nFoto: Twitter\/@CNPC_MX\" height=\"973\" width=\"1907\" class=\"\" src=\"https:\/\/cloudfront-us-east-1.images.arcpublishing.com\/infobae\/UZKVYUB3WFD3XMXU2FIVD6YD2Y.jpg\" srcset=\"https:\/\/www.infobae.com\/new-resizer\/FPRwvhGeLf1te2uFoAkM92de8Ek=\/420x236\/filters:format(webp):quality(85)\/cloudfront-us-east-1.images.arcpublishing.com\/infobae\/UZKVYUB3WFD3XMXU2FIVD6YD2Y.jpg 420w,https:\/\/www.infobae.com\/new-resizer\/OrIQIBRSs4jFz70H2sS5Q5r3Pnk=\/768x432\/filters:format(webp):quality(85)\/cloudfront-us-east-1.images.arcpublishing.com\/infobae\/UZKVYUB3WFD3XMXU2FIVD6YD2Y.jpg 768w,https:\/\/www.infobae.com\/new-resizer\/Y2utmeUBHS-umyrw5jIW53cFGBE=\/992x558\/filters:format(webp):quality(85)\/cloudfront-us-east-1.images.arcpublishing.com\/infobae\/UZKVYUB3WFD3XMXU2FIVD6YD2Y.jpg 992w,https:\/\/www.infobae.com\/new-resizer\/u5S-KShiF9Rn64eQv98tAuV0jfA=\/1200x675\/filters:format(webp):quality(85)\/cloudfront-us-east-1.images.arcpublishing.com\/infobae\/UZKVYUB3WFD3XMXU2FIVD6YD2Y.jpg 1200w,https:\/\/www.infobae.com\/new-resizer\/n7NDYrQT8nwnZk5ckikJSty2x48=\/1440x810\/filters:format(webp):quality(85)\/cloudfront-us-east-1.images.arcpublishing.com\/infobae\/UZKVYUB3WFD3XMXU2FIVD6YD2Y.jpg 1440w\">El principal objetivo de las autoridades es encontrar a los mineros mexicanos Foto: Twitter\/@CNPC_MX<\/p>\n\n\n\n<h2 class=\"wp-block-heading\">Contin\u00faan los trabajos en El Pinacate, Sabinas, Coahuila<\/h2>\n\n\n\n<p>Por su parte, la Coordinaci\u00f3n Nacional de Protecci\u00f3n Civil revel\u00f3 durante las primeras horas del mi\u00e9rcoles 10 de agosto que comenzaron los trabajos para&nbsp;<strong>retirar pilotes de madera en las minas<\/strong>, mismas que fueron detectadas por un dron acu\u00e1tico.<\/p>\n\n\n\n<p>Para estas maniobras de rescate, como lo anunci\u00f3 a trav\u00e9s de la conferencia ma\u00f1anera del presidente de M\u00e9xico, Andr\u00e9s Manuel L\u00f3pez Obrador, hay desplegados&nbsp;<strong>672 elementos, 25 bombas, 7 perforadoras, 2 drones submarinos, 37 veh\u00edculos, 5 ambulancias, 3 transformadores<\/strong>, un comedor comunitario y un refugio temporal.<\/p>\n\n\n\n<p>Confirmaron tambi\u00e9n que ya cuentan con el mecanismo que ayudar\u00e1 a sacar a los mineros una vez que sean hallados; se trata de una jaula,&nbsp;<strong>conocida como \u201cC\u00e1psula de vida\u201d<\/strong>, misma que ser\u00eda ingresada una vez dictaminadas las condiciones para ello.<\/p>\n\n\n\n<p>Esto porque durante las exploraciones de los drones revelaron que existe todav\u00eda una gran cantidad de elementos s\u00f3lidos y turbulencia,&nbsp;<strong>lo que hace imposible que los buzos puedan llegar a la zona deseada.<\/strong><\/p>\n\n\n\n<p>A pesar de que en un inicio el rescate fue considerado a contra-reloj, los familiares y conocidos de los mineros atrapados tienen esperanza de que<strong>\u00a0ocurra un milagro\u00a0<\/strong>dentro de las pr\u00f3ximas horas.<\/p>\n\n\n\n<p>Fuente: https:\/\/www.infobae.com\/america\/mexico\/2022\/08\/11\/esto-encontro-el-primer-buzo-que-ingreso-en-la-mina-de-sabinas-para-rescatar-a-10-mineros\/<\/p>\n","protected":false},"excerpt":{"rendered":"<p>Autoridades contin\u00faan con el bombeo para lograr que bajen los niveles del agua y puedan ingresar INFOBAE Las autoridades del [&hellip;]<\/p>\n","protected":false},"author":1,"featured_media":34301,"comment_status":"open","ping_status":"open","sticky":false,"template":"","format":"standard","meta":{"site-sidebar-layout":"default","site-content-layout":"","ast-site-content-layout":"default","site-content-style":"default","site-sidebar-style":"default","ast-global-header-display":"","ast-banner-title-visibility":"","ast-main-header-display":"","ast-hfb-above-header-display":"","ast-hfb-below-header-display":"","ast-hfb-mobile-header-display":"","site-post-title":"","ast-breadcrumbs-content":"","ast-featured-img":"","footer-sml-layout":"","theme-transparent-header-meta":"","adv-header-id-meta":"","stick-header-meta":"","header-above-stick-meta":"","header-main-stick-meta":"","header-below-stick-meta":"","astra-migrate-meta-layouts":"default","ast-page-background-enabled":"default","ast-page-background-meta":{"desktop":{"background-color":"var(--ast-global-color-4)","background-image":"","background-repeat":"repeat","background-position":"center center","background-size":"auto","background-attachment":"scroll","background-type":"","background-media":"","overlay-type":"","overlay-color":"","overlay-opacity":"","overlay-gradient":""},"tablet":{"background-color":"","background-image":"","background-repeat":"repeat","background-position":"center center","background-size":"auto","background-attachment":"scroll","background-type":"","background-media":"","overlay-type":"","overlay-color":"","overlay-opacity":"","overlay-gradient":""},"mobile":{"background-color":"","background-image":"","background-repeat":"repeat","background-position":"center center","background-size":"auto","background-attachment":"scroll","background-type":"","background-media":"","overlay-type":"","overlay-color":"","overlay-opacity":"","overlay-gradient":""}},"ast-content-background-meta":{"desktop":{"background-color":"var(--ast-global-color-5)","background-image":"","background-repeat":"repeat","background-position":"center center","background-size":"auto","background-attachment":"scroll","background-type":"","background-media":"","overlay-type":"","overlay-color":"","overlay-opacity":"","overlay-gradient":""},"tablet":{"background-color":"var(--ast-global-color-5)","background-image":"","background-repeat":"repeat","background-position":"center center","background-size":"auto","background-attachment":"scroll","background-type":"","background-media":"","overlay-type":"","overlay-color":"","overlay-opacity":"","overlay-gradient":""},"mobile":{"background-color":"var(--ast-global-color-5)","background-image":"","background-repeat":"repeat","background-position":"center center","background-size":"auto","background-attachment":"scroll","background-type":"","background-media":"","overlay-type":"","overlay-color":"","overlay-opacity":"","overlay-gradient":""}},"footnotes":""},"categories":[8],"tags":[11932,11867],"class_list":["post-34300","post","type-post","status-publish","format-standard","has-post-thumbnail","hentry","category-noticias","tag-mina-sabinas","tag-mineros-atrapados"],"_links":{"self":[{"href":"https:\/\/losperiodistas.com.mx\/portal\/wp-json\/wp\/v2\/posts\/34300","targetHints":{"allow":["GET"]}}],"collection":[{"href":"https:\/\/losperiodistas.com.mx\/portal\/wp-json\/wp\/v2\/posts"}],"about":[{"href":"https:\/\/losperiodistas.com.mx\/portal\/wp-json\/wp\/v2\/types\/post"}],"author":[{"embeddable":true,"href":"https:\/\/losperiodistas.com.mx\/portal\/wp-json\/wp\/v2\/users\/1"}],"replies":[{"embeddable":true,"href":"https:\/\/losperiodistas.com.mx\/portal\/wp-json\/wp\/v2\/comments?post=34300"}],"version-history":[{"count":1,"href":"https:\/\/losperiodistas.com.mx\/portal\/wp-json\/wp\/v2\/posts\/34300\/revisions"}],"predecessor-version":[{"id":34302,"href":"https:\/\/losperiodistas.com.mx\/portal\/wp-json\/wp\/v2\/posts\/34300\/revisions\/34302"}],"wp:featuredmedia":[{"embeddable":true,"href":"https:\/\/losperiodistas.com.mx\/portal\/wp-json\/wp\/v2\/media\/34301"}],"wp:attachment":[{"href":"https:\/\/losperiodistas.com.mx\/portal\/wp-json\/wp\/v2\/media?parent=34300"}],"wp:term":[{"taxonomy":"category","embeddable":true,"href":"https:\/\/losperiodistas.com.mx\/portal\/wp-json\/wp\/v2\/categories?post=34300"},{"taxonomy":"post_tag","embeddable":true,"href":"https:\/\/losperiodistas.com.mx\/portal\/wp-json\/wp\/v2\/tags?post=34300"}],"curies":[{"name":"wp","href":"https:\/\/api.w.org\/{rel}","templated":true}]}}