{"id":3420,"date":"2021-01-17T20:07:15","date_gmt":"2021-01-18T02:07:15","guid":{"rendered":"http:\/\/losperiodistas.com.mx\/portal\/?p=3420"},"modified":"2021-01-17T20:07:15","modified_gmt":"2021-01-18T02:07:15","slug":"mas-operativos-de-proteccion-civil-municipal-por-bajas-temperaturas","status":"publish","type":"post","link":"https:\/\/losperiodistas.com.mx\/portal\/mas-operativos-de-proteccion-civil-municipal-por-bajas-temperaturas\/","title":{"rendered":"M\u00e1s operativos de Protecci\u00f3n Civil Municipal  por bajas temperaturas"},"content":{"rendered":"\n<p style=\"font-size:18px\"><em>Se ha brindado apoyo a 60 personas, mediante la entrega de cobijas, piezas de pan, colchonetas y cubrebocas, y apoyo a familiares de personas hospitalizadas por COVID-19<\/em><\/p>\n\n\n\n<p class=\"has-vivid-cyan-blue-color has-text-color has-medium-font-size\">REDACCI\u00d3N<\/p>\n\n\n\n<p>El Ayuntamiento de Puebla, a trav\u00e9s de la Secretar\u00eda de Protecci\u00f3n Civil y Gesti\u00f3n Integral de Riesgos, contin\u00faa con la realizaci\u00f3n de operativos en la capital poblana a fin de brindar apoyo a las personas que pernoctan a la intemperie.&nbsp;<\/p>\n\n\n\n<p>Debido a las bajas temperaturas que se han registrado en la ciudad de Puebla, se han llevado a cabo recorridos por diferentes demarcaciones con el objetivo de invitar a las personas a ser trasladadas al Dormitorio Municipal o, al no acceder a la invitaci\u00f3n, se les otorgan apoyos y, de esa forma, mitigar el riesgo de posibles enfermedades respiratorias.<\/p>\n\n\n\n<p>Durante el primer dispositivo, se benefici\u00f3 a 22 personas en situaci\u00f3n de calle, provenientes de Oaxaca, Hidalgo, Zacatecas, Chiapas, Veracruz y Centroam\u00e9rica.&nbsp;<\/p>\n\n\n\n<p>Posteriormente, se brind\u00f3 apoyo a 20 personas originarias de Huejotzingo, Atlixco, Orizaba, Puebla capital e Iz\u00facar de Matamoros.&nbsp;<\/p>\n\n\n\n<p>Asimismo, se ha apoyado a 18 familiares de pacientes que aguardan afuera de los hospitales en la capital, originarios de Cuetzalan, Tehuac\u00e1n, Acatzingo y Amixtlan.&nbsp;<\/p>\n\n\n\n<p>En esta temporada de fr\u00edo se ha brindado apoyo a 60 personas, mediante la entrega de cobijas, piezas de pan (donaci\u00f3n de la empresa Pabisan), colchonetas y cubrebocas, con el objetivo de reducir el riesgo de contagio por COVID-19.<\/p>\n\n\n\n<p>Con estas acciones, el Ayuntamiento de Puebla refrenda su compromiso de apoyar a las personas en situaci\u00f3n de calle y a quienes est\u00e1n a la espera de familiares en las inmediaciones en alg\u00fan hospital.<\/p>\n\n\n\n<p>Fuente:<strong>\u00a0<\/strong>http:\/\/bit.ly\/3il5Vxv<\/p>\n","protected":false},"excerpt":{"rendered":"<p>Se ha brindado apoyo a 60 personas, mediante la entrega de cobijas, piezas de pan, colchonetas y cubrebocas, y apoyo [&hellip;]<\/p>\n","protected":false},"author":1,"featured_media":3421,"comment_status":"open","ping_status":"open","sticky":false,"template":"","format":"standard","meta":{"site-sidebar-layout":"default","site-content-layout":"","ast-site-content-layout":"default","site-content-style":"default","site-sidebar-style":"default","ast-global-header-display":"","ast-banner-title-visibility":"","ast-main-header-display":"","ast-hfb-above-header-display":"","ast-hfb-below-header-display":"","ast-hfb-mobile-header-display":"","site-post-title":"","ast-breadcrumbs-content":"","ast-featured-img":"","footer-sml-layout":"","theme-transparent-header-meta":"","adv-header-id-meta":"","stick-header-meta":"","header-above-stick-meta":"","header-main-stick-meta":"","header-below-stick-meta":"","astra-migrate-meta-layouts":"default","ast-page-background-enabled":"default","ast-page-background-meta":{"desktop":{"background-color":"var(--ast-global-color-4)","background-image":"","background-repeat":"repeat","background-position":"center center","background-size":"auto","background-attachment":"scroll","background-type":"","background-media":"","overlay-type":"","overlay-color":"","overlay-opacity":"","overlay-gradient":""},"tablet":{"background-color":"","background-image":"","background-repeat":"repeat","background-position":"center center","background-size":"auto","background-attachment":"scroll","background-type":"","background-media":"","overlay-type":"","overlay-color":"","overlay-opacity":"","overlay-gradient":""},"mobile":{"background-color":"","background-image":"","background-repeat":"repeat","background-position":"center center","background-size":"auto","background-attachment":"scroll","background-type":"","background-media":"","overlay-type":"","overlay-color":"","overlay-opacity":"","overlay-gradient":""}},"ast-content-background-meta":{"desktop":{"background-color":"var(--ast-global-color-5)","background-image":"","background-repeat":"repeat","background-position":"center center","background-size":"auto","background-attachment":"scroll","background-type":"","background-media":"","overlay-type":"","overlay-color":"","overlay-opacity":"","overlay-gradient":""},"tablet":{"background-color":"var(--ast-global-color-5)","background-image":"","background-repeat":"repeat","background-position":"center center","background-size":"auto","background-attachment":"scroll","background-type":"","background-media":"","overlay-type":"","overlay-color":"","overlay-opacity":"","overlay-gradient":""},"mobile":{"background-color":"var(--ast-global-color-5)","background-image":"","background-repeat":"repeat","background-position":"center center","background-size":"auto","background-attachment":"scroll","background-type":"","background-media":"","overlay-type":"","overlay-color":"","overlay-opacity":"","overlay-gradient":""}},"footnotes":""},"categories":[8],"tags":[],"class_list":["post-3420","post","type-post","status-publish","format-standard","has-post-thumbnail","hentry","category-noticias"],"_links":{"self":[{"href":"https:\/\/losperiodistas.com.mx\/portal\/wp-json\/wp\/v2\/posts\/3420","targetHints":{"allow":["GET"]}}],"collection":[{"href":"https:\/\/losperiodistas.com.mx\/portal\/wp-json\/wp\/v2\/posts"}],"about":[{"href":"https:\/\/losperiodistas.com.mx\/portal\/wp-json\/wp\/v2\/types\/post"}],"author":[{"embeddable":true,"href":"https:\/\/losperiodistas.com.mx\/portal\/wp-json\/wp\/v2\/users\/1"}],"replies":[{"embeddable":true,"href":"https:\/\/losperiodistas.com.mx\/portal\/wp-json\/wp\/v2\/comments?post=3420"}],"version-history":[{"count":1,"href":"https:\/\/losperiodistas.com.mx\/portal\/wp-json\/wp\/v2\/posts\/3420\/revisions"}],"predecessor-version":[{"id":3422,"href":"https:\/\/losperiodistas.com.mx\/portal\/wp-json\/wp\/v2\/posts\/3420\/revisions\/3422"}],"wp:featuredmedia":[{"embeddable":true,"href":"https:\/\/losperiodistas.com.mx\/portal\/wp-json\/wp\/v2\/media\/3421"}],"wp:attachment":[{"href":"https:\/\/losperiodistas.com.mx\/portal\/wp-json\/wp\/v2\/media?parent=3420"}],"wp:term":[{"taxonomy":"category","embeddable":true,"href":"https:\/\/losperiodistas.com.mx\/portal\/wp-json\/wp\/v2\/categories?post=3420"},{"taxonomy":"post_tag","embeddable":true,"href":"https:\/\/losperiodistas.com.mx\/portal\/wp-json\/wp\/v2\/tags?post=3420"}],"curies":[{"name":"wp","href":"https:\/\/api.w.org\/{rel}","templated":true}]}}