{"id":3411,"date":"2021-01-17T11:35:26","date_gmt":"2021-01-17T17:35:26","guid":{"rendered":"http:\/\/losperiodistas.com.mx\/portal\/?p=3411"},"modified":"2021-01-17T11:35:26","modified_gmt":"2021-01-17T17:35:26","slug":"biden-firmara-la-reincorporacion-a-los-acuerdos-de-paris-y-el-fin-del-veto-musulman-el-dia-de-su-inauguracion-cope","status":"publish","type":"post","link":"https:\/\/losperiodistas.com.mx\/portal\/biden-firmara-la-reincorporacion-a-los-acuerdos-de-paris-y-el-fin-del-veto-musulman-el-dia-de-su-inauguracion-cope\/","title":{"rendered":"Biden firmar\u00e1 la reincorporaci\u00f3n a los Acuerdos de Par\u00eds y el fin del veto musulm\u00e1n el d\u00eda de su inauguraci\u00f3n | Cope"},"content":{"rendered":"\n<p style=\"font-size:18px\"><em>El presidente electo aprobar\u00e1 una decena de medidas como la pr\u00f3rroga en la devoluci\u00f3n de pr\u00e9stamos a universitarios o el uso obligatorio de mascarillas<\/em><\/p>\n\n\n\n<p class=\"has-vivid-cyan-blue-color has-text-color has-medium-font-size\">CADENA COPE<\/p>\n\n\n\n<p>El presidente electo de Estados Unidos,\u00a0<strong>Joe Biden, firmar\u00e1 la reincorporaci\u00f3n del pa\u00eds a los acuerdos medioambientales de Par\u00eds<\/strong>, as\u00ed como la rescisi\u00f3n del veto migratorio a ciudadanos de pa\u00edses de mayor\u00eda musulmana, el mismo d\u00eda de su inauguraci\u00f3n el pr\u00f3ximo mi\u00e9rcoles, seg\u00fan un documento de su jefe de Gabinete, Ron Klain.<\/p>\n\n\n\n<p>Biden firmar\u00e1 ese mismo d\u00eda una decena de medidas concebidas como un repudio directo a las pol\u00edticas previas del que ser\u00e1 su predecesor, Donald Trump, entre las que se incluye&nbsp;<strong>la pr\u00f3rroga para la devoluci\u00f3n de pr\u00e9stamos a universitarios, la ampliaci\u00f3n de la moratoria contra los desahucios, y el uso obligatorio de mascarillas<\/strong>&nbsp;en instalaciones federales y viajes interestatales, de acuerdo con el documento recogido por Axios.<\/p>\n\n\n\n<p>Al d\u00eda siguiente, jueves, Biden firmar\u00e1 varias acciones ejecutivas destinadas a cambiar el curso de la crisis de la COVID-19 y reabrir escuelas y negocios de manera segura.<\/p>\n\n\n\n<p>El viernes, el presidente electo \u00abinstruir\u00e1 a las agencias de su gabinete para que tomen medidas inmediatas para brindar alivio econ\u00f3mico a las familias trabajadoras que soportan la peor parte\u00bb de la crisis del coronavirus.<\/p>\n\n\n\n<p>Por \u00faltimo, entre el 25 de enero y el 1 de febrero, Biden abordar\u00e1 la crisis clim\u00e1tica, la reforma de la justicia penal, tomar\u00e1 medidas para ampliar el acceso a la atenci\u00f3n m\u00e9dica y avanzar\u00e1 para reformar la inmigraci\u00f3n, incluida la reuni\u00f3n de familias separadas en la frontera bajo la pol\u00edtica de inmigraci\u00f3n de Donald Trump.<\/p>\n\n\n\n<p>Fuentes de la Casa Blanca han a\u00f1adido al &#8216;Washington Blade&#8217; que el presidente incluso podr\u00eda revertir el mismo d\u00eda de su inauguraci\u00f3n las restricciones ordenadas por el presidente saliente sobre la incorporaci\u00f3n de personas transexuales al Ej\u00e9rcito de Estados Unidos, aunque esta informaci\u00f3n no se ha podido verificar de manera independiente.<\/p>\n\n\n\n<p>Fuente: https:\/\/www.cope.es\/actualidad\/internacional\/noticias\/biden-firmara-reincorporacion-los-acuerdos-paris-fin-del-veto-musulman-dia-inauguracion-20210117_1091169<\/p>\n","protected":false},"excerpt":{"rendered":"<p>El presidente electo aprobar\u00e1 una decena de medidas como la pr\u00f3rroga en la devoluci\u00f3n de pr\u00e9stamos a universitarios o el [&hellip;]<\/p>\n","protected":false},"author":1,"featured_media":3412,"comment_status":"open","ping_status":"open","sticky":false,"template":"","format":"standard","meta":{"site-sidebar-layout":"default","site-content-layout":"","ast-site-content-layout":"default","site-content-style":"default","site-sidebar-style":"default","ast-global-header-display":"","ast-banner-title-visibility":"","ast-main-header-display":"","ast-hfb-above-header-display":"","ast-hfb-below-header-display":"","ast-hfb-mobile-header-display":"","site-post-title":"","ast-breadcrumbs-content":"","ast-featured-img":"","footer-sml-layout":"","theme-transparent-header-meta":"","adv-header-id-meta":"","stick-header-meta":"","header-above-stick-meta":"","header-main-stick-meta":"","header-below-stick-meta":"","astra-migrate-meta-layouts":"default","ast-page-background-enabled":"default","ast-page-background-meta":{"desktop":{"background-color":"var(--ast-global-color-4)","background-image":"","background-repeat":"repeat","background-position":"center center","background-size":"auto","background-attachment":"scroll","background-type":"","background-media":"","overlay-type":"","overlay-color":"","overlay-opacity":"","overlay-gradient":""},"tablet":{"background-color":"","background-image":"","background-repeat":"repeat","background-position":"center center","background-size":"auto","background-attachment":"scroll","background-type":"","background-media":"","overlay-type":"","overlay-color":"","overlay-opacity":"","overlay-gradient":""},"mobile":{"background-color":"","background-image":"","background-repeat":"repeat","background-position":"center center","background-size":"auto","background-attachment":"scroll","background-type":"","background-media":"","overlay-type":"","overlay-color":"","overlay-opacity":"","overlay-gradient":""}},"ast-content-background-meta":{"desktop":{"background-color":"var(--ast-global-color-5)","background-image":"","background-repeat":"repeat","background-position":"center center","background-size":"auto","background-attachment":"scroll","background-type":"","background-media":"","overlay-type":"","overlay-color":"","overlay-opacity":"","overlay-gradient":""},"tablet":{"background-color":"var(--ast-global-color-5)","background-image":"","background-repeat":"repeat","background-position":"center center","background-size":"auto","background-attachment":"scroll","background-type":"","background-media":"","overlay-type":"","overlay-color":"","overlay-opacity":"","overlay-gradient":""},"mobile":{"background-color":"var(--ast-global-color-5)","background-image":"","background-repeat":"repeat","background-position":"center center","background-size":"auto","background-attachment":"scroll","background-type":"","background-media":"","overlay-type":"","overlay-color":"","overlay-opacity":"","overlay-gradient":""}},"footnotes":""},"categories":[8],"tags":[],"class_list":["post-3411","post","type-post","status-publish","format-standard","has-post-thumbnail","hentry","category-noticias"],"_links":{"self":[{"href":"https:\/\/losperiodistas.com.mx\/portal\/wp-json\/wp\/v2\/posts\/3411","targetHints":{"allow":["GET"]}}],"collection":[{"href":"https:\/\/losperiodistas.com.mx\/portal\/wp-json\/wp\/v2\/posts"}],"about":[{"href":"https:\/\/losperiodistas.com.mx\/portal\/wp-json\/wp\/v2\/types\/post"}],"author":[{"embeddable":true,"href":"https:\/\/losperiodistas.com.mx\/portal\/wp-json\/wp\/v2\/users\/1"}],"replies":[{"embeddable":true,"href":"https:\/\/losperiodistas.com.mx\/portal\/wp-json\/wp\/v2\/comments?post=3411"}],"version-history":[{"count":1,"href":"https:\/\/losperiodistas.com.mx\/portal\/wp-json\/wp\/v2\/posts\/3411\/revisions"}],"predecessor-version":[{"id":3413,"href":"https:\/\/losperiodistas.com.mx\/portal\/wp-json\/wp\/v2\/posts\/3411\/revisions\/3413"}],"wp:featuredmedia":[{"embeddable":true,"href":"https:\/\/losperiodistas.com.mx\/portal\/wp-json\/wp\/v2\/media\/3412"}],"wp:attachment":[{"href":"https:\/\/losperiodistas.com.mx\/portal\/wp-json\/wp\/v2\/media?parent=3411"}],"wp:term":[{"taxonomy":"category","embeddable":true,"href":"https:\/\/losperiodistas.com.mx\/portal\/wp-json\/wp\/v2\/categories?post=3411"},{"taxonomy":"post_tag","embeddable":true,"href":"https:\/\/losperiodistas.com.mx\/portal\/wp-json\/wp\/v2\/tags?post=3411"}],"curies":[{"name":"wp","href":"https:\/\/api.w.org\/{rel}","templated":true}]}}